{"id":105462,"date":"2025-05-16T20:45:32","date_gmt":"2025-05-16T20:45:32","guid":{"rendered":"https:\/\/ladecimaweb.com\/?p=32036"},"modified":"2025-05-16T20:45:32","modified_gmt":"2025-05-16T20:45:32","slug":"un-patrullero-quedo-empotrado-en-un-taller-mecanico-en-matienzo","status":"publish","type":"post","link":"http:\/\/hoycordobaweb.com\/index.php\/2025\/05\/16\/un-patrullero-quedo-empotrado-en-un-taller-mecanico-en-matienzo\/","title":{"rendered":"Un patrullero qued\u00f3 empotrado en un taller mec\u00e1nico en Matienzo"},"content":{"rendered":"<div class=\"boldgrid-section\">\n<div class=\"container\">\n<div class=\"row\">\n<div class=\"col-md-12 col-xs-12 col-sm-12\">\n<p class=\"\"><strong>Un patrullero se incrust\u00f3 esta tarde en un taller mec\u00e1nico<\/strong> en barrio Matienzo en el marco de un siniestro vial.&nbsp;<\/p>\n<p>El hecho ocurri\u00f3 en calle Lagunilla al 3200.<\/p>\n<p class=\"\">Desde all\u00ed, fueron trasladados&nbsp;hasta el Policl\u00ednico Policial dos polic\u00edas con traumatismos.&nbsp;<\/p>\n<p class=\"\">La unidad m\u00f3vil embisti\u00f3 la pared e ingres\u00f3 al taller. <strong>Al parecer, el conductor se habr\u00eda descompensado provocando la colisi\u00f3n.&nbsp;<\/strong><\/p>\n<p class=\"\">La Polic\u00eda comunic\u00f3 que&nbsp; los da\u00f1os materiales provocados en el incidente al exterior e interior del taller ser\u00e1n cubiertos por la p\u00f3liza.<\/p>\n<p class=\"\">Las actuaciones fueron remitidas a la Direcci\u00f3n General de Control de Conducta Policial y al Tribunal de Conducta de las Fuerzas de Seguridad.<\/p>\n<p>&nbsp;<\/p>\n<p><em>Foto de eldoce.tv<\/em><\/p>\n<p>&nbsp;<\/p>\n<div class=\"ubm_banner\"><a href=\"https:\/\/youtu.be\/h2J_ZdbxYVc\" target=\"_blank\" rel=\"dofollow noopener noreferrer\"><img src=\"http:\/\/hoycordobaweb.com\/wp-content\/uploads\/2025\/05\/un-patrullero-quedo-empotrado-en-un-taller-mecanico-en-matienzo.gif\" alt=\"\"><\/a><\/div>\n<\/div>\n<\/div>\n<\/div>\n<\/div>\n<p>La entrada <a rel=\"nofollow\" href=\"https:\/\/ladecimaweb.com\/un-patrullero-quedo-empotrado-en-un-taller-mecanico-en-matienzo\/\">Un patrullero qued\u00f3 empotrado en un taller mec\u00e1nico en Matienzo<\/a> se public\u00f3 primero en <a rel=\"nofollow\" href=\"https:\/\/ladecimaweb.com\">LaDecima<\/a>.<\/p>\n","protected":false},"excerpt":{"rendered":"<p>Un patrullero se incrust\u00f3 esta tarde en un taller mec\u00e1nico en barrio Matienzo en el marco de un siniestro vial.&nbsp; El hecho ocurri\u00f3 en calle Lagunilla al 3200. Desde all\u00ed, fueron trasladados&nbsp;hasta el Policl\u00ednico Policial dos polic\u00edas con traumatismos.&nbsp; La unidad m\u00f3vil embisti\u00f3 la pared e ingres\u00f3 al taller. Al parecer, el conductor se habr\u00eda [&hellip;]<\/p>\n","protected":false},"author":1,"featured_media":0,"comment_status":"closed","ping_status":"closed","sticky":false,"template":"","format":"standard","meta":[],"categories":[32],"tags":[],"_links":{"self":[{"href":"http:\/\/hoycordobaweb.com\/index.php\/wp-json\/wp\/v2\/posts\/105462"}],"collection":[{"href":"http:\/\/hoycordobaweb.com\/index.php\/wp-json\/wp\/v2\/posts"}],"about":[{"href":"http:\/\/hoycordobaweb.com\/index.php\/wp-json\/wp\/v2\/types\/post"}],"author":[{"embeddable":true,"href":"http:\/\/hoycordobaweb.com\/index.php\/wp-json\/wp\/v2\/users\/1"}],"replies":[{"embeddable":true,"href":"http:\/\/hoycordobaweb.com\/index.php\/wp-json\/wp\/v2\/comments?post=105462"}],"version-history":[{"count":0,"href":"http:\/\/hoycordobaweb.com\/index.php\/wp-json\/wp\/v2\/posts\/105462\/revisions"}],"wp:attachment":[{"href":"http:\/\/hoycordobaweb.com\/index.php\/wp-json\/wp\/v2\/media?parent=105462"}],"wp:term":[{"taxonomy":"category","embeddable":true,"href":"http:\/\/hoycordobaweb.com\/index.php\/wp-json\/wp\/v2\/categories?post=105462"},{"taxonomy":"post_tag","embeddable":true,"href":"http:\/\/hoycordobaweb.com\/index.php\/wp-json\/wp\/v2\/tags?post=105462"}],"curies":[{"name":"wp","href":"https:\/\/api.w.org\/{rel}","templated":true}]}}