{"id":10545,"date":"2021-01-21T01:22:00","date_gmt":"2021-01-21T01:22:00","guid":{"rendered":"http:\/\/hoycordobaweb.com\/index.php\/2021\/01\/21\/la-nueva-vocera-de-biden-promete-decir-la-verdad-por-dificil-que-sea\/"},"modified":"2021-01-21T01:22:00","modified_gmt":"2021-01-21T01:22:00","slug":"la-nueva-vocera-de-biden-promete-decir-la-verdad-por-dificil-que-sea","status":"publish","type":"post","link":"http:\/\/hoycordobaweb.com\/index.php\/2021\/01\/21\/la-nueva-vocera-de-biden-promete-decir-la-verdad-por-dificil-que-sea\/","title":{"rendered":"La nueva vocera de Biden promete \u00abdecir la verdad, por dif\u00edcil que sea\u00bb"},"content":{"rendered":"<p><img src=\"http:\/\/hoycordobaweb.com\/wp-content\/uploads\/2021\/01\/la-nueva-vocera-de-biden-promete-decir-la-verdad-por-dificil-que-sea.jpg\"><strong readability=\"1.5\"> <\/p>\n<div class=\"image\" id=\"image\" readability=\"8\"> <img src=\"http:\/\/hoycordobaweb.com\/wp-content\/uploads\/2021\/01\/la-nueva-vocera-de-biden-promete-decir-la-verdad-por-dificil-que-sea-2.jpg\" alt=\"Jen Psaki promete &quot;decir la verdad, por dif\u00edcil que sea&quot;\" title=\"Jen Psaki promete &quot;decir la verdad, por dif\u00edcil que sea&quot;\"><\/p>\n<p>Jen Psaki promete \u00abdecir la verdad, por dif\u00edcil que sea\u00bb<\/p>\n<\/div>\n<p>La secretaria de Prensa y vocera del presidente Joe Biden, Jen Psaki, afirm\u00f3 este mi\u00e9rcoles por la noche que buscar\u00e1 tener una buena relaci\u00f3n con la prensa \u201caunque habr\u00e1 d\u00edas en los que habr\u00e1 desacuerdos\u201d, en un contacto con la prensa en la que repas\u00f3 las primeras medidas del flamante presidente Joe Biden.<\/strong><\/p>\n<p>\u201cTengo un gran respeto por el papel del periodismo. Habr\u00e1 d\u00edas en los que no estaremos de acuerdo. Pero yo quiero compartir informaci\u00f3n exacta. Biden dir\u00eda que \u00e9l trabaja para el pueblo estadounidense. Y yo tambi\u00e9n\u201d, remarc\u00f3 Psaki.<\/p>\n<p>En la misma l\u00ednea, insisti\u00f3 en que buscar\u00e1 con la prensa \u201ccompartir la verdad, aunque sea dif\u00edcil de escucharla\u201d. \u201cEspero lograr eso\u201d, se\u00f1al\u00f3.<\/p>\n<p>Psaki mantuvo su primer contacto con la prensa \u201cen este d\u00eda muy activo\u201d, dijo, para repasar las primeras medidas adoptadas por el presidente Biden.<\/p>\n<div class=\"js-code\" readability=\"7.0260869565217\">\n<blockquote class=\"twitter-tweet\" readability=\"7.904347826087\">\n<p lang=\"en\" dir=\"ltr\">White House Press Secretary Jen Psaki tells reporters in first briefing: \u00abThere will be times when we see things differently in this room&#8230;That&#8217;s okay. That&#8217;s part of our democracy, and rebuilding trust with the American people will be central to our focus in the press office\u00bb <a href=\"https:\/\/t.co\/mz9rNC0xlU\">pic.twitter.com\/mz9rNC0xlU<\/a><\/p>\n<p>\u2014 CBS News (@CBSNews) <a href=\"https:\/\/twitter.com\/CBSNews\/status\/1352046623539535872?ref_src=twsrc%5Etfw\">January 21, 2021<\/a><\/p><\/blockquote><\/div>\n<p>Adem\u00e1s de pr\u00e1cticamente nombrar cada una de las decisiones que Biden dispuso por decreto, la funcionaria cont\u00f3 que el el primer contacto del jefe de la Casa Blanca con un l\u00edder extranjero ser\u00e1 el pr\u00f3ximo viernes, cuando llame al primer ministro de Canad\u00e1, Justin Trudeau, \u201cpor la importancia de la relaci\u00f3n\u201d con el pa\u00eds vecino.<\/p>\n<p>Dijo no saber, en cambio, si habr\u00e1 alg\u00fan contacto con el presidente ruso, Vladimir Putin, pero estim\u00f3 que \u201clas primeras comunicaciones ser\u00e1n con socios y aliados, en busca de reconstruir relaciones\u201d.<\/p>\n<p>Experta en comunicaci\u00f3n pol\u00edtica, Psaki, que ya ocup\u00f3 ese cargo en el final del mandato del tambi\u00e9n dem\u00f3crata Barack Obama, entre 2015 y 2017, hizo una enumeraci\u00f3n de las principales medidas que adopt\u00f3 hoy Biden, empezando por la obligatoriedad del uso de barbijos en transporte y dependencias federales.<\/p>\n<p>Destac\u00f3 tambi\u00e9n la revocatoria a la retirada de EEUU de la OMS y revel\u00f3 que ma\u00f1ana mismo, \u201csin perder tiempo\u201d, el pa\u00eds ya estar\u00e1 representado en una reuni\u00f3n del organismo, y resalt\u00f3 la moratoria federal contra los desalojos hasta fines de marzo y el pedido al Departamento de Educaci\u00f3n para congelar los pr\u00e9stamos estudiantiles federales hasta el 30 de septiembre.<\/p>\n<p>Enumer\u00f3 tambi\u00e9n el freno a la construcci\u00f3n del muro en la frontera con M\u00e9xico y la posibilidad de que vuelvan a entrar al pa\u00eds ciudadanos de origen musulm\u00e1n, junto al plan de \u201cmodernizaci\u00f3n del sistema de migraci\u00f3n\u201d.<\/p>\n","protected":false},"excerpt":{"rendered":"<p>Jen Psaki promete \u00abdecir la verdad, por dif\u00edcil que sea\u00bb La secretaria de Prensa y vocera del presidente Joe Biden, Jen Psaki, afirm\u00f3 este mi\u00e9rcoles por la noche que buscar\u00e1 tener una buena relaci\u00f3n con la prensa \u201caunque habr\u00e1 d\u00edas en los que habr\u00e1 desacuerdos\u201d, en un contacto con la prensa en la que repas\u00f3 [&hellip;]<\/p>\n","protected":false},"author":1,"featured_media":10546,"comment_status":"open","ping_status":"closed","sticky":false,"template":"","format":"standard","meta":[],"categories":[24],"tags":[],"_links":{"self":[{"href":"http:\/\/hoycordobaweb.com\/index.php\/wp-json\/wp\/v2\/posts\/10545"}],"collection":[{"href":"http:\/\/hoycordobaweb.com\/index.php\/wp-json\/wp\/v2\/posts"}],"about":[{"href":"http:\/\/hoycordobaweb.com\/index.php\/wp-json\/wp\/v2\/types\/post"}],"author":[{"embeddable":true,"href":"http:\/\/hoycordobaweb.com\/index.php\/wp-json\/wp\/v2\/users\/1"}],"replies":[{"embeddable":true,"href":"http:\/\/hoycordobaweb.com\/index.php\/wp-json\/wp\/v2\/comments?post=10545"}],"version-history":[{"count":0,"href":"http:\/\/hoycordobaweb.com\/index.php\/wp-json\/wp\/v2\/posts\/10545\/revisions"}],"wp:featuredmedia":[{"embeddable":true,"href":"http:\/\/hoycordobaweb.com\/index.php\/wp-json\/wp\/v2\/media\/10546"}],"wp:attachment":[{"href":"http:\/\/hoycordobaweb.com\/index.php\/wp-json\/wp\/v2\/media?parent=10545"}],"wp:term":[{"taxonomy":"category","embeddable":true,"href":"http:\/\/hoycordobaweb.com\/index.php\/wp-json\/wp\/v2\/categories?post=10545"},{"taxonomy":"post_tag","embeddable":true,"href":"http:\/\/hoycordobaweb.com\/index.php\/wp-json\/wp\/v2\/tags?post=10545"}],"curies":[{"name":"wp","href":"https:\/\/api.w.org\/{rel}","templated":true}]}}