{"id":105397,"date":"2025-05-18T18:01:24","date_gmt":"2025-05-18T18:01:24","guid":{"rendered":"https:\/\/www.espinof.com\/anime\/uno-personajes-importantes-todo-one-piece-navego-rey-piratas-eiichiro-oda-ha-tardado-14-anos-desvelar-su-identidad"},"modified":"2025-05-18T18:01:24","modified_gmt":"2025-05-18T18:01:24","slug":"es-uno-de-personajes-mas-importantes-de-todo-one-piece-y-navego-con-el-rey-de-los-piratas-pero-eiichiro-oda-ha-tardado-14-anos-en-desvelar-su-identidad","status":"publish","type":"post","link":"http:\/\/hoycordobaweb.com\/index.php\/2025\/05\/18\/es-uno-de-personajes-mas-importantes-de-todo-one-piece-y-navego-con-el-rey-de-los-piratas-pero-eiichiro-oda-ha-tardado-14-anos-en-desvelar-su-identidad\/","title":{"rendered":"Es uno de personajes m\u00e1s importantes de todo &#8216;One Piece&#8217; y naveg\u00f3 con el Rey de los Piratas, pero Eiichiro Oda ha tardado 14 a\u00f1os en desvelar su identidad"},"content":{"rendered":"<p>Se nota que estamos en la Saga Final de &#8216;<a class=\"text-outboundlink\" href=\"https:\/\/www.espinof.com\/listas\/one-piece-todas-sagas-arcos-anime-que-episodios-incluyen\" data-vars-post-title=\"'One Piece', todas las sagas y arcos del anime y qu\u00e9 episodios incluyen\" data-vars-post-url=\"https:\/\/www.espinof.com\/listas\/one-piece-todas-sagas-arcos-anime-que-episodios-incluyen\">One Piece<\/a>&#8216;, porque aunque a\u00fan queda mucha historia por delante<strong> Eiichiro Oda<\/strong> ha pillado el turbo para desvelar algunos de los grandes misterios de su manga. En bombazo y bombazo hemos llegado por fin a <strong>Elbaf<\/strong>, donde por fin Oda ha presentado a uno de los personajes m\u00e1s importantes del mundo de &#8216;One Piece&#8217;.<\/p>\n<p><!-- BREAK 1 --> <\/p>\n<blockquote><p><strong>\u00a1Aviso! Este art\u00edculo es sobre el manga de &#8216;One Piece&#8217; y contiene spoilers para quienes solo sigan el anime<\/strong><\/p><\/blockquote>\n<h2>El Rey de los Piratas ten\u00eda dos manos<\/h2>\n<p>Ya conocemos a Silvers Rayleigh, el que fue la mano derecha de Gol D. Roger, el Rey de los Piratas. Pero claro, a\u00fan nos faltaba la otra&#8230; Y con la llegada de Luffy u su tripulaci\u00f3n por fin le hemos conocido: <strong>Scopper Gaban,<\/strong> tambi\u00e9n llamado \u00ab<strong>el Devorador de Monta\u00f1as\u00bb y \u00abla mano izquierda del Rey de los piratas\u00bb.<\/strong><\/p>\n<p><!-- BREAK 2 --><\/p>\n<div class=\"article-asset-image article-asset-normal article-asset-center\">\n<div class=\"asset-content\"> <img class=\"centro_sinmarco\" height=\"611\" width=\"1024\" loading=\"lazy\" decoding=\"async\" sizes=\"100vw\" fetchpriority=\"high\" srcset=\"http:\/\/hoycordobaweb.com\/wp-content\/uploads\/2025\/05\/es-uno-de-personajes-mas-importantes-de-todo-one-piece-y-navego-con-el-rey-de-los-piratas-pero-eiichiro-oda-ha-tardado-14-anos-en-desvelar-su-identidad.jpg 450w, http:\/\/hoycordobaweb.com\/wp-content\/uploads\/2025\/05\/es-uno-de-personajes-mas-importantes-de-todo-one-piece-y-navego-con-el-rey-de-los-piratas-pero-eiichiro-oda-ha-tardado-14-anos-en-desvelar-su-identidad-5.jpg 681w, http:\/\/hoycordobaweb.com\/wp-content\/uploads\/2025\/05\/es-uno-de-personajes-mas-importantes-de-todo-one-piece-y-navego-con-el-rey-de-los-piratas-pero-eiichiro-oda-ha-tardado-14-anos-en-desvelar-su-identidad-6.jpg 1024w, http:\/\/hoycordobaweb.com\/wp-content\/uploads\/2025\/05\/es-uno-de-personajes-mas-importantes-de-todo-one-piece-y-navego-con-el-rey-de-los-piratas-pero-eiichiro-oda-ha-tardado-14-anos-en-desvelar-su-identidad-7.jpg 1366w\" src=\"http:\/\/hoycordobaweb.com\/wp-content\/uploads\/2025\/05\/es-uno-de-personajes-mas-importantes-de-todo-one-piece-y-navego-con-el-rey-de-los-piratas-pero-eiichiro-oda-ha-tardado-14-anos-en-desvelar-su-identidad.jpg\" alt=\"Scopper Gaban\"> <noscript><img alt=\"Scopper Gaban\" class=\"centro_sinmarco\" src=\"http:\/\/hoycordobaweb.com\/wp-content\/uploads\/2025\/05\/es-uno-de-personajes-mas-importantes-de-todo-one-piece-y-navego-con-el-rey-de-los-piratas-pero-eiichiro-oda-ha-tardado-14-anos-en-desvelar-su-identidad.jpg\"><\/noscript> <\/div>\n<\/div>\n<p>Al igual que el resto de la tripulaci\u00f3n de Roger, Gaban est\u00e1 retirado y actualmente vive en Elbaf con su esposa Ripley y su hijo Colon. Es el el cap\u00edtulo 1139 cuando por fin nos lo han presentado formalmente, pero lo cierto es que ya <strong>le vimos por primera vez en el cap\u00edtulo 19 del mang<\/strong>a durante el flashback de la historia de Buggy.<\/p>\n<p><!-- BREAK 3 --> <\/p>\n<div class=\"article-asset article-asset-normal article-asset-center\">\n<div class=\"desvio-container\">\n<div class=\"desvio\">\n<div class=\"desvio-figure js-desvio-figure\"> <a href=\"https:\/\/www.espinof.com\/anime\/luffy-siempre-quiso-musico-su-tripulacion-no-descubrimos-que-esta-pelicula-one-piece\" class=\"pivot-outboundlink\" data-vars-post-title=\"Es uno de los personajes m\u00e1s desconocidos de 'One Piece', pero es la raz\u00f3n por la que Luffy siempre so\u00f1\u00f3 con tener un m\u00fasico en su tripulaci\u00f3n\"> <img loading=\"lazy\" alt=\"Es uno de los personajes m\u00e1s desconocidos de 'One Piece', pero es la raz\u00f3n por la que Luffy siempre so\u00f1\u00f3 con tener un m\u00fasico en su tripulaci\u00f3n\" width=\"375\" height=\"142\" src=\"http:\/\/hoycordobaweb.com\/wp-content\/uploads\/2025\/05\/es-uno-de-personajes-mas-importantes-de-todo-one-piece-y-navego-con-el-rey-de-los-piratas-pero-eiichiro-oda-ha-tardado-14-anos-en-desvelar-su-identidad-1.jpg\"> <\/a> <\/div><\/div><\/div>\n<\/div>\n<p>Para ser justos, Gaban no contaba con su dise\u00f1o definitivo en esta primera aparici\u00f3n. As\u00ed que no fue hasta el cap\u00edtulo 631 del manga que se public\u00f3 en 2011 en el que le vimos de verdad en una portadilla en la que Scopper Gaban tomaba sake con Crocus, el antiguo m\u00e9dico la tripulaci\u00f3n. Y en esta aparici\u00f3n, Gaban ya ten\u00eda su sombrero, la chaqueta a rayas, la melena canosa y el dise\u00f1o caracter\u00edstico con el que le conocemos ahora.<\/p>\n<p><!-- BREAK 4 --><\/p>\n<div class=\"article-asset-image article-asset-normal article-asset-center\">\n<div class=\"asset-content\"> <img class=\"centro_sinmarco\" height=\"1535\" width=\"1000\" loading=\"lazy\" decoding=\"async\" sizes=\"100vw\" fetchpriority=\"high\" srcset=\"http:\/\/hoycordobaweb.com\/wp-content\/uploads\/2025\/05\/es-uno-de-personajes-mas-importantes-de-todo-one-piece-y-navego-con-el-rey-de-los-piratas-pero-eiichiro-oda-ha-tardado-14-anos-en-desvelar-su-identidad-2.jpg 450w, http:\/\/hoycordobaweb.com\/wp-content\/uploads\/2025\/05\/es-uno-de-personajes-mas-importantes-de-todo-one-piece-y-navego-con-el-rey-de-los-piratas-pero-eiichiro-oda-ha-tardado-14-anos-en-desvelar-su-identidad-8.jpg 681w, http:\/\/hoycordobaweb.com\/wp-content\/uploads\/2025\/05\/es-uno-de-personajes-mas-importantes-de-todo-one-piece-y-navego-con-el-rey-de-los-piratas-pero-eiichiro-oda-ha-tardado-14-anos-en-desvelar-su-identidad-9.jpg 1024w, http:\/\/hoycordobaweb.com\/wp-content\/uploads\/2025\/05\/es-uno-de-personajes-mas-importantes-de-todo-one-piece-y-navego-con-el-rey-de-los-piratas-pero-eiichiro-oda-ha-tardado-14-anos-en-desvelar-su-identidad-10.jpg 1366w\" src=\"http:\/\/hoycordobaweb.com\/wp-content\/uploads\/2025\/05\/es-uno-de-personajes-mas-importantes-de-todo-one-piece-y-navego-con-el-rey-de-los-piratas-pero-eiichiro-oda-ha-tardado-14-anos-en-desvelar-su-identidad-2.jpg\" alt=\"Capitulo 631 De One Piece\"> <noscript><img alt=\"Capitulo 631 De One Piece\" class=\"centro_sinmarco\" src=\"http:\/\/hoycordobaweb.com\/wp-content\/uploads\/2025\/05\/es-uno-de-personajes-mas-importantes-de-todo-one-piece-y-navego-con-el-rey-de-los-piratas-pero-eiichiro-oda-ha-tardado-14-anos-en-desvelar-su-identidad-2.jpg\"><\/noscript> <\/div>\n<\/div>\n<p>Tambi\u00e9n le hemos visto alguna vez en flashbacks, como en la historia de Oden, pero aunque hayan pasado 14 a\u00f1os, <strong>Oda ya ten\u00eda muy claro c\u00f3mo iba a ser el aspecto de Gaban en la l\u00ednea temporal actual<\/strong> y apenas lo ha modificado desde entonces. Y es que, una vez m\u00e1s, el creador de &#8216;One Piece&#8217; hila con mucho tiempo y cuidado.<\/p>\n<p><!-- BREAK 5 --><\/p>\n<div class=\"article-asset article-asset-normal article-asset-center\">\n<div class=\"desvio-container\">\n<div class=\"desvio\">\n<div class=\"desvio-figure js-desvio-figure\"> <a href=\"https:\/\/www.espinof.com\/anime\/trucazo-creador-one-piece-para-hilar-todos-detalles-su-manga-consultar-a-fans\" class=\"pivot-outboundlink\" data-vars-post-title=\"El trucazo del creador de 'One Piece' para hilar todos los detalles de su manga: consultar a los fans\"> <img loading=\"lazy\" alt=\"El trucazo del creador de 'One Piece' para hilar todos los detalles de su manga: consultar a los fans\" width=\"375\" height=\"142\" src=\"http:\/\/hoycordobaweb.com\/wp-content\/uploads\/2025\/05\/es-uno-de-personajes-mas-importantes-de-todo-one-piece-y-navego-con-el-rey-de-los-piratas-pero-eiichiro-oda-ha-tardado-14-anos-en-desvelar-su-identidad-3.jpg\"> <\/a> <\/div><\/div><\/div>\n<\/div>\n<p>Al igual que Rayleigh, Gaban est\u00e1 demostrando ser un personaje muy importante para Luffy y su grupo, especialmente seg\u00fan avanza el Arco de Elbaf. Queda por ver c\u00f3mo se terminar\u00e1n de unir todos los cabos de cara al final de &#8216;<strong>One Piece<\/strong>&#8216;, pero se nota que Oda tiene las tramas y los protagonistas planificados desde hace mucho tiempo.<\/p>\n<p><!-- BREAK 6 --> <\/p>\n<p>En Espinof | <a class=\"text-outboundlink\" href=\"https:\/\/www.espinof.com\/anime\/punetazos-goma-volverse-fuego-creador-one-piece-sabe-perfectamente-que-fruta-diablo-elegiria-le-dieran-a-elegir\" data-vars-post-title=\"Ni pu\u00f1etazos de goma ni volverse de fuego. El creador de 'One Piece' sabe perfectamente qu\u00e9 Fruta del Diablo escoger\u00eda si le dieran a elegir\" data-vars-post-url=\"https:\/\/www.espinof.com\/anime\/punetazos-goma-volverse-fuego-creador-one-piece-sabe-perfectamente-que-fruta-diablo-elegiria-le-dieran-a-elegir\">Ni pu\u00f1etazos de goma ni volverse de fuego. El creador de &#8216;One Piece&#8217; sabe perfectamente qu\u00e9 Fruta del Diablo escoger\u00eda si le dieran a elegir<\/a><\/p>\n<p><!-- BREAK 7 --><\/p>\n<p>En Espinof | <a class=\"text-outboundlink\" href=\"https:\/\/www.espinof.com\/listas\/regreso-one-piece-dandadan-nuevo-one-punch-man-mucho-mejores-animes-2025-cuandos-se-estrenan-donde-se-podran-ver-streaming\" data-vars-post-title=\"El regreso de 'One Piece', m\u00e1s 'Dandadan', lo nuevo de 'One-Punch Man', y mucho m\u00e1s. Las series de anime m\u00e1s esperadas de 2025\" data-vars-post-url=\"https:\/\/www.espinof.com\/listas\/regreso-one-piece-dandadan-nuevo-one-punch-man-mucho-mejores-animes-2025-cuandos-se-estrenan-donde-se-podran-ver-streaming\">El regreso de &#8216;One Piece&#8217;, m\u00e1s &#8216;Dandadan&#8217;, lo nuevo de &#8216;One-Punch Man&#8217;, y mucho m\u00e1s. Las series de anime m\u00e1s esperadas de 2025<\/a><\/p>\n","protected":false},"excerpt":{"rendered":"<p>Se nota que estamos en la Saga Final de &#8216;One Piece&#8216;, porque aunque a\u00fan queda mucha historia por delante Eiichiro Oda ha pillado el turbo para desvelar algunos de los grandes misterios de su manga. En bombazo y bombazo hemos llegado por fin a Elbaf, donde por fin Oda ha presentado a uno de los [&hellip;]<\/p>\n","protected":false},"author":1,"featured_media":105398,"comment_status":"open","ping_status":"closed","sticky":false,"template":"","format":"standard","meta":[],"categories":[10],"tags":[],"_links":{"self":[{"href":"http:\/\/hoycordobaweb.com\/index.php\/wp-json\/wp\/v2\/posts\/105397"}],"collection":[{"href":"http:\/\/hoycordobaweb.com\/index.php\/wp-json\/wp\/v2\/posts"}],"about":[{"href":"http:\/\/hoycordobaweb.com\/index.php\/wp-json\/wp\/v2\/types\/post"}],"author":[{"embeddable":true,"href":"http:\/\/hoycordobaweb.com\/index.php\/wp-json\/wp\/v2\/users\/1"}],"replies":[{"embeddable":true,"href":"http:\/\/hoycordobaweb.com\/index.php\/wp-json\/wp\/v2\/comments?post=105397"}],"version-history":[{"count":0,"href":"http:\/\/hoycordobaweb.com\/index.php\/wp-json\/wp\/v2\/posts\/105397\/revisions"}],"wp:featuredmedia":[{"embeddable":true,"href":"http:\/\/hoycordobaweb.com\/index.php\/wp-json\/wp\/v2\/media\/105398"}],"wp:attachment":[{"href":"http:\/\/hoycordobaweb.com\/index.php\/wp-json\/wp\/v2\/media?parent=105397"}],"wp:term":[{"taxonomy":"category","embeddable":true,"href":"http:\/\/hoycordobaweb.com\/index.php\/wp-json\/wp\/v2\/categories?post=105397"},{"taxonomy":"post_tag","embeddable":true,"href":"http:\/\/hoycordobaweb.com\/index.php\/wp-json\/wp\/v2\/tags?post=105397"}],"curies":[{"name":"wp","href":"https:\/\/api.w.org\/{rel}","templated":true}]}}