{"id":105379,"date":"2025-05-17T15:56:03","date_gmt":"2025-05-17T15:56:03","guid":{"rendered":"https:\/\/www.ole.com.ar\/futbol-internacional\/thomas-muller-despedida-bundesliga_0_nQ5kKKj31T.html"},"modified":"2025-05-17T15:56:03","modified_gmt":"2025-05-17T15:56:03","slug":"thomas-muller-jugo-su-ultimo-partido-en-la-bundesliga-pero-se-queda-para-jugar-el-mundial-de-clubes-en-el-grupo-de-boca","status":"publish","type":"post","link":"http:\/\/hoycordobaweb.com\/index.php\/2025\/05\/17\/thomas-muller-jugo-su-ultimo-partido-en-la-bundesliga-pero-se-queda-para-jugar-el-mundial-de-clubes-en-el-grupo-de-boca\/","title":{"rendered":"Thomas M\u00fcller jug\u00f3 su \u00faltimo partido en la Bundesliga, pero se queda para jugar el Mundial de Clubes en el grupo de Boca"},"content":{"rendered":"<p><img src=\"http:\/\/hoycordobaweb.com\/wp-content\/uploads\/2025\/05\/thomas-muller-jugo-su-ultimo-partido-en-la-bundesliga-pero-se-queda-para-jugar-el-mundial-de-clubes-en-el-grupo-de-boca.jpg\"><\/p>\n<p><span class=\"createDate\">17\/05\/2025 12:56hs.<\/span><time class=\"modificatedDate\" datetime=\"2025-05-17T13:08:22-03:00\"> Actualizado al 17\/05\/2025 13:08hs.<\/time><\/p>\n<div id=\"storyBody\">\n<div class=\"custom-text \" readability=\"33.055555555556\">\n<p><strong>Bayern Munich<\/strong> gole\u00f3 este s\u00e1bado al Hoffenheim por 4-0 en una jornada emotiva por el adi\u00f3s de <a href=\"https:\/\/www.ole.com.ar\/tema\/thomas-muller.html\" title=\"Thomas Muller\" alt=\"Thomas Muller\" class=\"slug\">Thomas M\u00fcller<\/a>. Es que el delantero de 35 a\u00f1o<strong>s jug\u00f3 su \u00faltimo partido en la Bundesliga,<\/strong> pero se queda para jugar el Mundial de Clubes en el grupo de Boca <\/p>\n<\/div>\n<div class=\"custom-text \" readability=\"38.864628820961\">\n<p>El 30 de junio pr\u00f3ximo vencer\u00e1 su contrato con el <a href=\"https:\/\/www.ole.com.ar\/tema\/bayern-munich.html\" title=\"Bayern Munich\" alt=\"Bayern Munich\" class=\"slug\">Bayern Munich<\/a>. El club ya anunci\u00f3 que no renovar\u00e1 el v\u00ednculo. Pero gracias al Mundial de Clubes, M\u00fcller extender\u00e1 su permanencia en el Bayern por 15 d\u00edas m\u00e1s. S\u00ed, hasta el 15 de julio, dos d\u00edas despu\u00e9s de la fecha en la que est\u00e1 prevista la final de dicho torneo. De esta manera, <strong>M\u00fcller estar\u00e1 a disposici\u00f3n del entrenador Vincent Kompany para los partidos ante Boca, Benfica y Auckland City.<\/strong><\/p>\n<\/div>\n<div class=\"sc-e7b891c4-0 ifHnQL image-embed\"><img alt=\"M\u00fcller se despidi\u00f3 de la Bundesliga (REUTER).\" loading=\"lazy\" width=\"720\" height=\"100\" decoding=\"async\" data-nimg=\"1\" src=\"http:\/\/hoycordobaweb.com\/wp-content\/uploads\/2025\/05\/thomas-muller-jugo-su-ultimo-partido-en-la-bundesliga-pero-se-queda-para-jugar-el-mundial-de-clubes-en-el-grupo-de-boca-2.jpg\"><span class=\"epigraphe\">M\u00fcller se despidi\u00f3 de la Bundesliga (REUTER).<\/span><\/div>\n<div class=\"custom-text \" readability=\"38\">\n<p>M\u00fcller se fue como se van los grandes, aplaudido, homenajeado, con los brazos bien altos luego de una trayectoria de oro <strong>en la Bundesliga: 503 partidos, 150 goles, 211 asistencias y 13 t\u00edtulos.<\/strong><\/p>\n<\/div>\n<div class=\"custom-text \" readability=\"42\">\n<p>Pero a su carrera le queda un rato m\u00e1s. Muller quiere extender a\u00fan m\u00e1s sus tremendos n\u00fameros: <strong>en total jug\u00f3 750 partidos, marc\u00f3 248 goles<\/strong>, dio 274 asistencias. Ah, y gan\u00f3 nada menos que <strong>33 t\u00edtulos<\/strong>: 13 Bundesliga, 8 Supercopas de Alemania, 6 DFB-Pokal, dos Champions League, dos Supercopas de la UEFA y dos Mundiales.<\/p>\n<\/div>\n<div class=\"sc-e7b891c4-0 ifHnQL image-embed\"><img alt=\"Los compa\u00f1eros homenajearon a Muller (REUTER).\" loading=\"lazy\" width=\"720\" height=\"100\" decoding=\"async\" data-nimg=\"1\" src=\"http:\/\/hoycordobaweb.com\/wp-content\/uploads\/2025\/05\/thomas-muller-jugo-su-ultimo-partido-en-la-bundesliga-pero-se-queda-para-jugar-el-mundial-de-clubes-en-el-grupo-de-boca-3.jpg\"><span class=\"epigraphe\">Los compa\u00f1eros homenajearon a Muller (REUTER).<\/span><\/div>\n<div class=\"custom-text \" readability=\"26.091743119266\">\n<p>Otro de los protagonistas del triunfo fue <strong>Harry Kane, quien marc\u00f3 4-0 <\/strong>para coronar una Bundesliga que<strong><a href=\"https:\/\/www.ole.com.ar\/futbol-internacional\/harry-kane-gano-primer-titulo-bayern-munich-bundesliga_0_9QMZ9Br5qM.html#google_vignette\" target=\"_self\" title=\" le permiti\u00f3 conseguir el primer t\u00edtulo de su larga carrera\" alt=\" le permiti\u00f3 conseguir el primer t\u00edtulo de su larga carrera\" rel=\"noopener noreferrer\"> le permiti\u00f3 conseguir el primer t\u00edtulo de su larga carrera<\/a><\/strong>. Los otros goles los marcaron Olise, Kimmich y Gnabry.<\/p>\n<\/div>\n<div class=\"custom-text \" readability=\"37\">\n<p>El Bayern Munich con su nuevo t\u00edtulo, se clasific\u00f3<strong> para la Champions con Bayer Leverkusen, Eintracht Frankfurt y Borussia Dortmund<\/strong>. Freiburg, a la Europa League. Y el Mainz a la Conference League. Mientras que <strong>Holstein Kiel y Bochum perdieron la categor\u00eda<\/strong> y Heidenheim qued\u00f3 en promoci\u00f3n.<\/p>\n<\/div>\n<div class=\"sc-a7166897-0 eoLsBE\" readability=\"6.5\">\n<section readability=\"3\"><picture><img alt=\"Otro argentino y ex River se suma a la danza de nombres de Xabi Alonso para el Real Madrid\" loading=\"lazy\" width=\"290\" height=\"290\" decoding=\"async\" data-nimg=\"1\" src=\"http:\/\/hoycordobaweb.com\/wp-content\/uploads\/2025\/05\/thomas-muller-jugo-su-ultimo-partido-en-la-bundesliga-pero-se-queda-para-jugar-el-mundial-de-clubes-en-el-grupo-de-boca-4.jpg\"><\/picture>\n<p><span>Mir\u00e1 tambi\u00e9n<\/span><\/p>\n<hr>\n<h3>Otro argentino y ex River se suma a la danza de nombres de Xabi Alonso para el Real Madrid<\/h3>\n<\/p>\n<\/section>\n<\/div>\n<div class=\"sc-a7166897-0 eoLsBE\" readability=\"6\">\n<section readability=\"2\"><picture><img alt=\"Campe\u00f3n del mundo con Brasil y de la Champions es internado por graves quemaduras\" loading=\"lazy\" width=\"290\" height=\"290\" decoding=\"async\" data-nimg=\"1\" src=\"http:\/\/hoycordobaweb.com\/wp-content\/uploads\/2025\/05\/thomas-muller-jugo-su-ultimo-partido-en-la-bundesliga-pero-se-queda-para-jugar-el-mundial-de-clubes-en-el-grupo-de-boca-5.jpg\"><\/picture>\n<p><span>Mir\u00e1 tambi\u00e9n<\/span><\/p>\n<hr>\n<h3>Campe\u00f3n del mundo con Brasil y de la Champions es internado por graves quemaduras<\/h3>\n<\/p>\n<\/section>\n<\/div>\n<\/div>\n","protected":false},"excerpt":{"rendered":"<p>17\/05\/2025 12:56hs. Actualizado al 17\/05\/2025 13:08hs. Bayern Munich gole\u00f3 este s\u00e1bado al Hoffenheim por 4-0 en una jornada emotiva por el adi\u00f3s de Thomas M\u00fcller. Es que el delantero de 35 a\u00f1os jug\u00f3 su \u00faltimo partido en la Bundesliga, pero se queda para jugar el Mundial de Clubes en el grupo de Boca El 30 [&hellip;]<\/p>\n","protected":false},"author":1,"featured_media":105380,"comment_status":"open","ping_status":"closed","sticky":false,"template":"","format":"standard","meta":[],"categories":[16],"tags":[],"_links":{"self":[{"href":"http:\/\/hoycordobaweb.com\/index.php\/wp-json\/wp\/v2\/posts\/105379"}],"collection":[{"href":"http:\/\/hoycordobaweb.com\/index.php\/wp-json\/wp\/v2\/posts"}],"about":[{"href":"http:\/\/hoycordobaweb.com\/index.php\/wp-json\/wp\/v2\/types\/post"}],"author":[{"embeddable":true,"href":"http:\/\/hoycordobaweb.com\/index.php\/wp-json\/wp\/v2\/users\/1"}],"replies":[{"embeddable":true,"href":"http:\/\/hoycordobaweb.com\/index.php\/wp-json\/wp\/v2\/comments?post=105379"}],"version-history":[{"count":0,"href":"http:\/\/hoycordobaweb.com\/index.php\/wp-json\/wp\/v2\/posts\/105379\/revisions"}],"wp:featuredmedia":[{"embeddable":true,"href":"http:\/\/hoycordobaweb.com\/index.php\/wp-json\/wp\/v2\/media\/105380"}],"wp:attachment":[{"href":"http:\/\/hoycordobaweb.com\/index.php\/wp-json\/wp\/v2\/media?parent=105379"}],"wp:term":[{"taxonomy":"category","embeddable":true,"href":"http:\/\/hoycordobaweb.com\/index.php\/wp-json\/wp\/v2\/categories?post=105379"},{"taxonomy":"post_tag","embeddable":true,"href":"http:\/\/hoycordobaweb.com\/index.php\/wp-json\/wp\/v2\/tags?post=105379"}],"curies":[{"name":"wp","href":"https:\/\/api.w.org\/{rel}","templated":true}]}}