{"id":105375,"date":"2025-05-17T19:11:14","date_gmt":"2025-05-17T19:11:14","guid":{"rendered":"https:\/\/www.ole.com.ar\/futbol-internacional\/inglaterra\/guardiola-elogio-echeverri-debut-manchester-city-final-facup_0_rvXQh3VngE.html"},"modified":"2025-05-17T19:11:14","modified_gmt":"2025-05-17T19:11:14","slug":"el-elogio-de-guardiola-a-echeverri-luego-de-su-debut-en-el-manchester-city","status":"publish","type":"post","link":"http:\/\/hoycordobaweb.com\/index.php\/2025\/05\/17\/el-elogio-de-guardiola-a-echeverri-luego-de-su-debut-en-el-manchester-city\/","title":{"rendered":"El elogio de Guardiola a Echeverri luego de su debut en el Manchester City"},"content":{"rendered":"<p><img src=\"http:\/\/hoycordobaweb.com\/wp-content\/uploads\/2025\/05\/el-elogio-de-guardiola-a-echeverri-luego-de-su-debut-en-el-manchester-city.jpg\"><\/p>\n<p><time class=\"createDate\" datetime=\"2025-05-17T16:11:14-03:00\">17\/05\/2025 16:11hs.<\/time><\/p>\n<div id=\"storyBody\">\n<div class=\"custom-text \" readability=\"30.269961977186\">\n<p>La espera se termin\u00f3 para <strong><a href=\"https:\/\/www.ole.com.ar\/tema\/claudio-echeverri.html\" title=\"Claudio Echeverri\" alt=\"Claudio Echeverri\" class=\"slug\">Echeverri<\/a><\/strong>. Despu\u00e9s de unos largos cinco meses de acondicionamiento en el <strong><a href=\"https:\/\/www.ole.com.ar\/tema\/manchester-city.html\" title=\"Manchester City\" alt=\"Manchester City\" class=\"slug\">Manchester City<\/a><\/strong>, <strong>el Diablito tuvo su estreno en el club ingl\u00e9s, nada menos que en la final de la FA Cup.<\/strong> El ex River ingres\u00f3 en el segundo tiempo con la ilusi\u00f3n de cambiarle la cara al equipo y tratar de <a href=\"https:\/\/www.ole.com.ar\/futbol-internacional\/inglaterra\/debut-diablito-echeverri-final-fa-cup-manchester-city-guardiola-chance-historica-crystal-palace_0_pKsrPaBL6m.html\" target=\"_self\" title=\"evitar la derrota que se termin\u00f3 consumando contra el Crystal Palace. \" alt=\"evitar la derrota que se termin\u00f3 consumando contra el Crystal Palace. \" rel=\"noopener noreferrer\">evitar la derrota que se termin\u00f3 consumando contra el Crystal Palace. <\/a>Y m\u00e1s all\u00e1 de que le habr\u00e1 quedado el sabor amargo por haber perdido la final, la<strong> realidad es que <a href=\"https:\/\/www.ole.com.ar\/tema\/pep-guardiola.html\" title=\"Pep Guardiola\" alt=\"Pep Guardiola\" class=\"slug\">Pep Guardiola<\/a> no dud\u00f3 en elogiar al ofensivo.<\/strong><\/p>\n<\/div>\n<div class=\"custom-text \" readability=\"39\">\n<p>Al ser consultado sobre por qu\u00e9 decidi\u00f3 que el estreno del Diablito sea en una final, el entrenador dijo que \u00absoy un DT talentoso. Mi inspiraci\u00f3n para ponerlo fue \u00a1un sue\u00f1o hecho realidad!\u00bb, comenz\u00f3 bromeando para luego agregar que <strong>\u00abno fue una mala decisi\u00f3n (hacerlo debutar), con la forma de jugar y las ocasiones que tuvo&#8230; \u00a1Gener\u00f3 tres chances en espacios reducidos!\u00bb.<\/strong> Adem\u00e1s, indic\u00f3 que decidi\u00f3 ponerlo porque \u00ablo vi bien en los entrenamientos\u00bb.<\/p>\n<\/div>\n<div class=\"custom-text \" readability=\"43\">\n<p>Por otra parte, Pep revel\u00f3 lo que Echeverri le puede aportar al equipo: \u00abS\u00e9 que es especial para \u00e9l quiz\u00e1 porque es la final de la FA Cup, <strong>pero est\u00e1 jugando y movi\u00e9ndose muy bien en espacios reducidos, es muy creativo.<\/strong> Y durante el partido pens\u00e9 que encontrar\u00eda algo\u00bb, agreg\u00f3 conforme con respecto al nivel que mostr\u00f3 el ex River. Adem\u00e1s, se sincer\u00f3 al decir que \u00ab(Abdukodir) Khusanov, Vitor (Reis) y \u00e9l vieron los \u00faltimos cuatro o cinco partidos siempre en la tribuna, y eso no me gusta\u00bb. Todas estas razones llevaron a que Guardiola pusiera al Diablito, <strong>quien le dej\u00f3 buenas sensaciones a pesar del resultado amargo ante el Crystal Palace.<\/strong><\/p>\n<\/div>\n<div class=\"sc-e7b891c4-0 ifHnQL image-embed\"><img alt=\"Echeverri ni siquiera hab\u00eda integrado el banco de suplentes (AP Photo\/Ian Walton).\" loading=\"lazy\" width=\"720\" height=\"100\" decoding=\"async\" data-nimg=\"1\" src=\"http:\/\/hoycordobaweb.com\/wp-content\/uploads\/2025\/05\/el-elogio-de-guardiola-a-echeverri-luego-de-su-debut-en-el-manchester-city-2.jpg\"><span class=\"epigraphe\">Echeverri ni siquiera hab\u00eda integrado el banco de suplentes (AP Photo\/Ian Walton).<\/span><\/div>\n<p><h2><strong>C\u00f3mo fue el debut del Diablito Echeverri en el Manchester City<\/strong><\/h2>\n<\/p>\n<div class=\"custom-text \" readability=\"42\">\n<p>El Manchester City no jug\u00f3 una buena final y cay\u00f3 1-0 ante el Crystal Palace, lo que decret\u00f3 que <strong>Guardiola culminara la temporada sin ganar ning\u00fan t\u00edtulo por primera vez desde que arrib\u00f3 al conjunto ingl\u00e9s. <\/strong>Pero lo cierto es que, en el medio de la desesperaci\u00f3n de un equipo que no ten\u00eda ideas para revertir el resultado, <strong>el entrenador mand\u00f3 a la cancha al Diablito a los 76&#8242;.<\/strong> El ex River, vale recordar, ni siquiera hab\u00eda sido suplente en el City antes de este partido. Seg\u00fan reportaban medios de Manchester en la previa, una lesi\u00f3n de \u00faltimo momento dej\u00f3 afuera a Mateo Kovacic y le dio la chance a la joyita argentina, aunque nadie se imaginaba verlo dentro de la cancha.<\/p>\n<\/div>\n<div class=\"custom-text \" readability=\"40\">\n<p>Con la 30 en la espalda, el argentino sum\u00f3 sus primeros minutos de la temporada nada menos que en una final. <strong>Y pudo ser el h\u00e9roe, porque tuvo dos grandes chances de empatar el partido<\/strong>, pero en ambos casos sus remates fueron bloqueados (en el segundo reclam\u00f3 una mano que la TV no repiti\u00f3). Sobre la hora, adem\u00e1s, lig\u00f3 su primera amarilla.<\/p>\n<\/div>\n<div class=\"custom-text \" readability=\"35\">\n<p>No hubo tiempo para el milagro del City y la primera vez de Echeverri quedar\u00e1 con sabor agridulce en su memoria. Todo lo contrario para el Crystal Palace, que se consagr\u00f3 campe\u00f3n de la FA Cup y gan\u00f3 el primer t\u00edtulo en sus 163 a\u00f1os de historia.<\/p>\n<\/div>\n<div class=\"sc-e7b891c4-0 ifHnQL image-embed\"><img alt=\"A pesar del resultado, Guardiola qued\u00f3 conforme con el nivel del Diablito (REUTERS\/David Klein).\" loading=\"lazy\" width=\"720\" height=\"100\" decoding=\"async\" data-nimg=\"1\" src=\"http:\/\/hoycordobaweb.com\/wp-content\/uploads\/2025\/05\/el-elogio-de-guardiola-a-echeverri-luego-de-su-debut-en-el-manchester-city-3.jpg\"><span class=\"epigraphe\">A pesar del resultado, Guardiola qued\u00f3 conforme con el nivel del Diablito (REUTERS\/David Klein).<\/span><\/div>\n<p><h2><strong>El debut de Echeverri en el City<\/strong><\/h2>\n<\/p>\n<div class=\"sc-734b4696-1 kFfZtB\" readability=\"7\">\n<div class=\"sc-d00d9e74-0 hnHYbk\" type=\"embed\">\n<div class=\"sc-d00d9e74-1 iKVbz videoText\" id=\"contentTitleembedM2yC2eQZ\" type=\"embed\"><svg fill=\"#ffffff\"><symbol id=\"play\" viewBox=\"0 0 512 512\"><path d=\"M512 256C512 397.4 397.4 512 256 512C114.6 512 0 397.4 0 256C0 114.6 114.6 0 256 0C397.4 0 512 114.6 512 256zM176 168V344C176 352.7 180.7 360.7 188.3 364.9C195.8 369.2 205.1 369 212.5 364.5L356.5 276.5C363.6 272.1 368 264.4 368 256C368 247.6 363.6 239.9 356.5 235.5L212.5 147.5C205.1 142.1 195.8 142.8 188.3 147.1C180.7 151.3 176 159.3 176 168V168z\" \/><\/symbol><use xlink:href=\"#play\" \/><\/svg><\/p>\n<div class=\"right\">\n<p>Claudio Echeverri<!-- --> &#8211; <span>&nbsp;<\/span><\/p>\n<h2 class=\"title-vid\">El debut de Claudio Echeverri en Manchester City<\/h2>\n<\/div>\n<\/div>\n<p><span class=\"back\" id=\"spanBackembedM2yC2eQZ\"><\/span><\/div>\n<div class=\"JWvideoNota_title\" readability=\"9\">\n<p>El d\u00eda lleg\u00f3. En su primer partido al banco en toda la temporada, Pep Guardiola le dio ingreso al ex-River en la final de la FA Cup. ESPN.<\/p>\n<\/div>\n<\/div>\n<div class=\"sc-a7166897-0 eoLsBE\" readability=\"6\">\n<section readability=\"2\"><picture><img alt=\"Claudio Echeverri debut\u00f3 en Manchester City\" loading=\"lazy\" width=\"290\" height=\"290\" decoding=\"async\" data-nimg=\"1\" src=\"http:\/\/hoycordobaweb.com\/wp-content\/uploads\/2025\/05\/el-elogio-de-guardiola-a-echeverri-luego-de-su-debut-en-el-manchester-city-4.jpg\"><\/picture>\n<p><span>Mir\u00e1 tambi\u00e9n<\/span><\/p>\n<hr>\n<h3>Claudio Echeverri debut\u00f3 en Manchester City<\/h3>\n<\/p>\n<\/section>\n<\/div>\n<div class=\"sc-a7166897-0 eoLsBE\" readability=\"6.5\">\n<section readability=\"3\"><picture><img alt=\"Racing, el equipo argentino mejor ubicado en un ranking mundial\" loading=\"lazy\" width=\"290\" height=\"290\" decoding=\"async\" data-nimg=\"1\" src=\"http:\/\/hoycordobaweb.com\/wp-content\/uploads\/2025\/05\/el-elogio-de-guardiola-a-echeverri-luego-de-su-debut-en-el-manchester-city-5.jpg\"><\/picture>\n<p><span>Mir\u00e1 tambi\u00e9n<\/span><\/p>\n<hr>\n<h3>Racing, el equipo argentino mejor ubicado en un ranking mundial<\/h3>\n<\/p>\n<\/section>\n<\/div>\n<div class=\"sc-a7166897-0 eoLsBE\" readability=\"7\">\n<section readability=\"4\"><picture><img alt=\"Thomas M\u00fcller jug\u00f3 su \u00faltimo partido en la Bundesliga, pero se queda para jugar el Mundial de Clubes en el grupo de Boca\" loading=\"lazy\" width=\"290\" height=\"290\" decoding=\"async\" data-nimg=\"1\" src=\"http:\/\/hoycordobaweb.com\/wp-content\/uploads\/2025\/05\/el-elogio-de-guardiola-a-echeverri-luego-de-su-debut-en-el-manchester-city-6.jpg\"><\/picture>\n<p><span>Mir\u00e1 tambi\u00e9n<\/span><\/p>\n<hr>\n<h3>Thomas M\u00fcller jug\u00f3 su \u00faltimo partido en la Bundesliga, pero se queda para jugar el Mundial de Clubes en el grupo de Boca<\/h3>\n<\/p>\n<\/section>\n<\/div>\n<div class=\"sc-a7166897-0 eoLsBE\" readability=\"7\">\n<section readability=\"4\"><picture><img alt=\"\u00a1Oficial! Tiene 20 a\u00f1os, su \u00eddolo es Sergio Ramos y Real Madrid pag\u00f3 50 millones de libras para ficharlo\" loading=\"lazy\" width=\"290\" height=\"290\" decoding=\"async\" data-nimg=\"1\" src=\"http:\/\/hoycordobaweb.com\/wp-content\/uploads\/2025\/05\/el-elogio-de-guardiola-a-echeverri-luego-de-su-debut-en-el-manchester-city-7.jpg\"><\/picture>\n<p><span>Mir\u00e1 tambi\u00e9n<\/span><\/p>\n<hr>\n<h3>\u00a1Oficial! Tiene 20 a\u00f1os, su \u00eddolo es Sergio Ramos y Real Madrid pag\u00f3 50 millones de libras para ficharlo<\/h3>\n<\/p>\n<\/section>\n<\/div>\n<\/div>\n","protected":false},"excerpt":{"rendered":"<p>17\/05\/2025 16:11hs. La espera se termin\u00f3 para Echeverri. Despu\u00e9s de unos largos cinco meses de acondicionamiento en el Manchester City, el Diablito tuvo su estreno en el club ingl\u00e9s, nada menos que en la final de la FA Cup. El ex River ingres\u00f3 en el segundo tiempo con la ilusi\u00f3n de cambiarle la cara al [&hellip;]<\/p>\n","protected":false},"author":1,"featured_media":105376,"comment_status":"open","ping_status":"closed","sticky":false,"template":"","format":"standard","meta":[],"categories":[16],"tags":[],"_links":{"self":[{"href":"http:\/\/hoycordobaweb.com\/index.php\/wp-json\/wp\/v2\/posts\/105375"}],"collection":[{"href":"http:\/\/hoycordobaweb.com\/index.php\/wp-json\/wp\/v2\/posts"}],"about":[{"href":"http:\/\/hoycordobaweb.com\/index.php\/wp-json\/wp\/v2\/types\/post"}],"author":[{"embeddable":true,"href":"http:\/\/hoycordobaweb.com\/index.php\/wp-json\/wp\/v2\/users\/1"}],"replies":[{"embeddable":true,"href":"http:\/\/hoycordobaweb.com\/index.php\/wp-json\/wp\/v2\/comments?post=105375"}],"version-history":[{"count":0,"href":"http:\/\/hoycordobaweb.com\/index.php\/wp-json\/wp\/v2\/posts\/105375\/revisions"}],"wp:featuredmedia":[{"embeddable":true,"href":"http:\/\/hoycordobaweb.com\/index.php\/wp-json\/wp\/v2\/media\/105376"}],"wp:attachment":[{"href":"http:\/\/hoycordobaweb.com\/index.php\/wp-json\/wp\/v2\/media?parent=105375"}],"wp:term":[{"taxonomy":"category","embeddable":true,"href":"http:\/\/hoycordobaweb.com\/index.php\/wp-json\/wp\/v2\/categories?post=105375"},{"taxonomy":"post_tag","embeddable":true,"href":"http:\/\/hoycordobaweb.com\/index.php\/wp-json\/wp\/v2\/tags?post=105375"}],"curies":[{"name":"wp","href":"https:\/\/api.w.org\/{rel}","templated":true}]}}