{"id":105371,"date":"2025-05-17T19:36:51","date_gmt":"2025-05-17T19:36:51","guid":{"rendered":"https:\/\/www.ole.com.ar\/boca-juniors\/boca-ander-herrera-vuelta-equipo-herron-independiente-lesion-desgarros_0_f6QpRuKSWu.html"},"modified":"2025-05-17T19:36:51","modified_gmt":"2025-05-17T19:36:51","slug":"la-chance-unica-que-tiene-ander-herrera-contra-independiente","status":"publish","type":"post","link":"http:\/\/hoycordobaweb.com\/index.php\/2025\/05\/17\/la-chance-unica-que-tiene-ander-herrera-contra-independiente\/","title":{"rendered":"La chance \u00fanica que tiene Ander Herrera contra Independiente"},"content":{"rendered":"<p><img src=\"http:\/\/hoycordobaweb.com\/wp-content\/uploads\/2025\/05\/la-chance-unica-que-tiene-ander-herrera-contra-independiente.jpg\"><\/p>\n<p><time class=\"createDate\" datetime=\"2025-05-17T16:36:51-03:00\">17\/05\/2025 16:36hs.<\/time><\/p>\n<div id=\"storyBody\">\n<div class=\"custom-text \" readability=\"33.770661157025\">\n<p>Fue un secreto a voces desde que empez\u00f3 la semana de trabajo. Los bajos niveles individuales y la necesidad de una inyecci\u00f3n de juego le daban a un posible regreso de <strong><a href=\"https:\/\/www.ole.com.ar\/tema\/ander-herrera.html\" title=\"Ander Herrera\" alt=\"Ander Herrera\" class=\"slug\">Ander Herrera<\/a><\/strong> -al equipo titular de <strong><a href=\"https:\/\/www.ole.com.ar\/tema\/boca-juniors.html\" title=\"Boca Juniors\" alt=\"Boca Juniors\" class=\"slug\">Boca<\/a><\/strong>&#8211; la categor\u00eda de necesario. <strong>Ya con su incorporaci\u00f3n al grupo de trabajo en la pr\u00e1ctica del martes qued\u00f3 claro que al espa\u00f1ol solamente le restaba completar los d\u00edas previos al partido ante Independiente sin complicaciones para que Mariano Herr\u00f3n termine de decidirse.<\/strong><\/p>\n<\/div>\n<div class=\"sc-734b4696-1 kFfZtB\">\n<div class=\"sc-d00d9e74-0 hnHYbk\" type=\"embed\">\n<div class=\"sc-d00d9e74-1 iKVbz videoText\" id=\"contentTitleembed319jXx42\" type=\"embed\"><svg fill=\"#ffffff\"><symbol id=\"play\" viewBox=\"0 0 512 512\"><path d=\"M512 256C512 397.4 397.4 512 256 512C114.6 512 0 397.4 0 256C0 114.6 114.6 0 256 0C397.4 0 512 114.6 512 256zM176 168V344C176 352.7 180.7 360.7 188.3 364.9C195.8 369.2 205.1 369 212.5 364.5L356.5 276.5C363.6 272.1 368 264.4 368 256C368 247.6 363.6 239.9 356.5 235.5L212.5 147.5C205.1 142.1 195.8 142.8 188.3 147.1C180.7 151.3 176 159.3 176 168V168z\" \/><\/symbol><use xlink:href=\"#play\" \/><\/svg><\/p>\n<div class=\"right\">\n<p>Boca Juniors<!-- --> &#8211; <span>&nbsp;<\/span><\/p>\n<h2 class=\"title-vid\">Ander y Cavani, listos para volver<\/h2>\n<\/div>\n<\/div>\n<p><span class=\"back\" id=\"spanBackembed319jXx42\"><\/span><\/div>\n<div class=\"JWvideoNota_title\">\n<p>Video: El Canal de Boca<\/p>\n<\/div>\n<\/div>\n<div class=\"custom-text \" readability=\"40\">\n<p>Y si bien a\u00fan no hay equipo y los \u00faltimos ensayos tuvieron a la lluvia como invitada no deseada, la vuelta de Ander est\u00e1 a la vuelta de la esquina, justo antes de jugar el cl\u00e1sico, en un choque trascendental que lo espera <strong>para que pueda -aportando su f\u00fatbol y experiencia- empezar a devolverle a Boca la confianza que pos\u00f3 en \u00e9l y, a los hinchas, el cari\u00f1o y las expectativas que pusieron en uno de sus refuerzos estrella de la temporada.<\/strong><\/p>\n<\/div>\n<p><h2><strong>Bandera de Boca<\/strong><\/h2>\n<\/p>\n<div class=\"custom-text \" readability=\"39\">\n<p>En ese sentido, un video m\u00e1s que elocuente (cu\u00e1ndo no) de las redes del Xeneize dieron cuenta de qui\u00e9n es Herrera en el Mundo Boca:<strong> las im\u00e1genes se suceden con el hit de los Redonditos de Ricota \u201cJuguetes Perdidos\u201d, ese que arranca con su frase emblema&#8230; \u201cBanderas, en tu coraz\u00f3n\u201d, justo cuando aparece en escena el volante que lleg\u00f3 desde Bilbao.<\/strong><\/p>\n<\/div>\n<div class=\"sc-734b4696-1 kFfZtB\">\n<div class=\"sc-d00d9e74-0 hnHYbk\" type=\"embed\">\n<div class=\"sc-d00d9e74-1 iKVbz videoText\" id=\"contentTitleembedjyffNoW6\" type=\"embed\"><svg fill=\"#ffffff\"><symbol id=\"play\" viewBox=\"0 0 512 512\"><path d=\"M512 256C512 397.4 397.4 512 256 512C114.6 512 0 397.4 0 256C0 114.6 114.6 0 256 0C397.4 0 512 114.6 512 256zM176 168V344C176 352.7 180.7 360.7 188.3 364.9C195.8 369.2 205.1 369 212.5 364.5L356.5 276.5C363.6 272.1 368 264.4 368 256C368 247.6 363.6 239.9 356.5 235.5L212.5 147.5C205.1 142.1 195.8 142.8 188.3 147.1C180.7 151.3 176 159.3 176 168V168z\" \/><\/symbol><use xlink:href=\"#play\" \/><\/svg><\/p>\n<div class=\"right\">\n<p>Boca Juniors<!-- --> &#8211; <span>&nbsp;<\/span><\/p>\n<h2 class=\"title-vid\">Ander Herrera rompi\u00f3 en llanto despu\u00e9s de salir lesionado<\/h2>\n<\/div>\n<\/div>\n<p><span class=\"back\" id=\"spanBackembedjyffNoW6\"><\/span><\/div>\n<\/div>\n<div class=\"custom-text \" readability=\"35\">\n<p>El mismo que sue\u00f1a con estar a la altura, sabiendo que -con el tren de la Copa Libertadores ya perdido- no se puede dar el lujo de dejar pasar otro.<strong> Y que ante el Rojo se juega entero por seguir el camino a lograr terminar el semestre con un festejo.<\/strong><\/p>\n<\/div>\n<div class=\"sc-a7166897-0 eoLsBE\" readability=\"6\">\n<section readability=\"2\"><picture><img alt=\"La incre\u00edble racha de Boca en los cl\u00e1sicos antes de jugar con Independiente\" loading=\"lazy\" width=\"290\" height=\"290\" decoding=\"async\" data-nimg=\"1\" src=\"http:\/\/hoycordobaweb.com\/wp-content\/uploads\/2025\/05\/la-chance-unica-que-tiene-ander-herrera-contra-independiente-2.jpg\"><\/picture>\n<p><span>Mir\u00e1 tambi\u00e9n<\/span><\/p>\n<hr>\n<h3>La incre\u00edble racha de Boca en los cl\u00e1sicos antes de jugar con Independiente<\/h3>\n<\/p>\n<\/section>\n<\/div>\n<div class=\"sc-a7166897-0 eoLsBE\" readability=\"7.5\">\n<section readability=\"5\"><picture><img alt=\"El pron\u00f3stico del astr\u00f3logo de Boca vs. Independiente: Cavani, Vaccari, el \u00e1rbitro y los hinchas\" loading=\"lazy\" width=\"290\" height=\"290\" decoding=\"async\" data-nimg=\"1\" src=\"http:\/\/hoycordobaweb.com\/wp-content\/uploads\/2025\/05\/la-chance-unica-que-tiene-ander-herrera-contra-independiente-3.jpg\"><\/picture>\n<p><span>Mir\u00e1 tambi\u00e9n<\/span><\/p>\n<hr>\n<h3>El pron\u00f3stico del astr\u00f3logo de Boca vs. Independiente: Cavani, Vaccari, el \u00e1rbitro y los hinchas<\/h3>\n<\/p>\n<\/section>\n<\/div>\n<div class=\"sc-a7166897-0 eoLsBE\" readability=\"6\">\n<section readability=\"2\"><picture><img alt=\"La prueba que hizo Herr\u00f3n con Cavani en la pr\u00e1ctica de Boca\" loading=\"lazy\" width=\"290\" height=\"290\" decoding=\"async\" data-nimg=\"1\" src=\"http:\/\/hoycordobaweb.com\/wp-content\/uploads\/2025\/05\/la-chance-unica-que-tiene-ander-herrera-contra-independiente-4.jpg\"><\/picture>\n<p><span>Mir\u00e1 tambi\u00e9n<\/span><\/p>\n<hr>\n<h3>La prueba que hizo Herr\u00f3n con Cavani en la pr\u00e1ctica de Boca<\/h3>\n<\/p>\n<\/section>\n<\/div>\n<div class=\"sc-a7166897-0 eoLsBE\" readability=\"6\">\n<section readability=\"2\"><picture><img alt=\"La confesi\u00f3n de Milton Delgado sobre el momento que vive Boca puertas adentro\" loading=\"lazy\" width=\"290\" height=\"290\" decoding=\"async\" data-nimg=\"1\" src=\"http:\/\/hoycordobaweb.com\/wp-content\/uploads\/2025\/05\/la-chance-unica-que-tiene-ander-herrera-contra-independiente-5.jpg\"><\/picture>\n<p><span>Mir\u00e1 tambi\u00e9n<\/span><\/p>\n<hr>\n<h3>La confesi\u00f3n de Milton Delgado sobre el momento que vive Boca puertas adentro<\/h3>\n<\/p>\n<\/section>\n<\/div>\n<\/div>\n","protected":false},"excerpt":{"rendered":"<p>17\/05\/2025 16:36hs. Fue un secreto a voces desde que empez\u00f3 la semana de trabajo. Los bajos niveles individuales y la necesidad de una inyecci\u00f3n de juego le daban a un posible regreso de Ander Herrera -al equipo titular de Boca&#8211; la categor\u00eda de necesario. Ya con su incorporaci\u00f3n al grupo de trabajo en la pr\u00e1ctica [&hellip;]<\/p>\n","protected":false},"author":1,"featured_media":105372,"comment_status":"open","ping_status":"closed","sticky":false,"template":"","format":"standard","meta":[],"categories":[16],"tags":[],"_links":{"self":[{"href":"http:\/\/hoycordobaweb.com\/index.php\/wp-json\/wp\/v2\/posts\/105371"}],"collection":[{"href":"http:\/\/hoycordobaweb.com\/index.php\/wp-json\/wp\/v2\/posts"}],"about":[{"href":"http:\/\/hoycordobaweb.com\/index.php\/wp-json\/wp\/v2\/types\/post"}],"author":[{"embeddable":true,"href":"http:\/\/hoycordobaweb.com\/index.php\/wp-json\/wp\/v2\/users\/1"}],"replies":[{"embeddable":true,"href":"http:\/\/hoycordobaweb.com\/index.php\/wp-json\/wp\/v2\/comments?post=105371"}],"version-history":[{"count":0,"href":"http:\/\/hoycordobaweb.com\/index.php\/wp-json\/wp\/v2\/posts\/105371\/revisions"}],"wp:featuredmedia":[{"embeddable":true,"href":"http:\/\/hoycordobaweb.com\/index.php\/wp-json\/wp\/v2\/media\/105372"}],"wp:attachment":[{"href":"http:\/\/hoycordobaweb.com\/index.php\/wp-json\/wp\/v2\/media?parent=105371"}],"wp:term":[{"taxonomy":"category","embeddable":true,"href":"http:\/\/hoycordobaweb.com\/index.php\/wp-json\/wp\/v2\/categories?post=105371"},{"taxonomy":"post_tag","embeddable":true,"href":"http:\/\/hoycordobaweb.com\/index.php\/wp-json\/wp\/v2\/tags?post=105371"}],"curies":[{"name":"wp","href":"https:\/\/api.w.org\/{rel}","templated":true}]}}