{"id":105300,"date":"2025-05-16T18:39:34","date_gmt":"2025-05-16T18:39:34","guid":{"rendered":"https:\/\/fono.fcm.unc.edu.ar\/?p=13624"},"modified":"2025-05-16T18:39:34","modified_gmt":"2025-05-16T18:39:34","slug":"primeras-jornadas-interprofesionales-de-fonoaudiologia-y-nutricion","status":"publish","type":"post","link":"http:\/\/hoycordobaweb.com\/index.php\/2025\/05\/16\/primeras-jornadas-interprofesionales-de-fonoaudiologia-y-nutricion\/","title":{"rendered":"Primeras Jornadas Interprofesionales de Fonoaudiolog\u00eda\u00a0 y Nutrici\u00f3n"},"content":{"rendered":"<p>Durante la jornada de ayer se realizaron las Primeras Jornadas Interprofesionales de Fonoaudiolog\u00eda&nbsp; y Nutrici\u00f3n. Actividad organizada por ambas Escuelas.<br \/>El encuentro constituy\u00f3 un valioso espacio de reflexi\u00f3n y trabajo conjunto para abordar, desde una perspectiva interprofesional, los desaf\u00edos actuales en torno a la alimentaci\u00f3n en las infancias.<\/p>\n","protected":false},"excerpt":{"rendered":"<p>Durante la jornada de ayer se realizaron las Primeras Jornadas Interprofesionales de Fonoaudiolog\u00eda&nbsp; y Nutrici\u00f3n. Actividad organizada por ambas Escuelas.El encuentro constituy\u00f3 un valioso espacio de reflexi\u00f3n y trabajo conjunto para abordar, desde una perspectiva interprofesional, los desaf\u00edos actuales en torno a la alimentaci\u00f3n en las infancias.<\/p>\n","protected":false},"author":1,"featured_media":0,"comment_status":"closed","ping_status":"closed","sticky":false,"template":"","format":"standard","meta":[],"categories":[1],"tags":[],"_links":{"self":[{"href":"http:\/\/hoycordobaweb.com\/index.php\/wp-json\/wp\/v2\/posts\/105300"}],"collection":[{"href":"http:\/\/hoycordobaweb.com\/index.php\/wp-json\/wp\/v2\/posts"}],"about":[{"href":"http:\/\/hoycordobaweb.com\/index.php\/wp-json\/wp\/v2\/types\/post"}],"author":[{"embeddable":true,"href":"http:\/\/hoycordobaweb.com\/index.php\/wp-json\/wp\/v2\/users\/1"}],"replies":[{"embeddable":true,"href":"http:\/\/hoycordobaweb.com\/index.php\/wp-json\/wp\/v2\/comments?post=105300"}],"version-history":[{"count":0,"href":"http:\/\/hoycordobaweb.com\/index.php\/wp-json\/wp\/v2\/posts\/105300\/revisions"}],"wp:attachment":[{"href":"http:\/\/hoycordobaweb.com\/index.php\/wp-json\/wp\/v2\/media?parent=105300"}],"wp:term":[{"taxonomy":"category","embeddable":true,"href":"http:\/\/hoycordobaweb.com\/index.php\/wp-json\/wp\/v2\/categories?post=105300"},{"taxonomy":"post_tag","embeddable":true,"href":"http:\/\/hoycordobaweb.com\/index.php\/wp-json\/wp\/v2\/tags?post=105300"}],"curies":[{"name":"wp","href":"https:\/\/api.w.org\/{rel}","templated":true}]}}