{"id":105204,"date":"2025-05-16T18:56:00","date_gmt":"2025-05-16T18:56:00","guid":{"rendered":"https:\/\/fono.fcm.unc.edu.ar\/?p=13631"},"modified":"2025-05-16T18:56:00","modified_gmt":"2025-05-16T18:56:00","slug":"modulo-optativo-perspectiva-metodologica-de-la-investigacion-en-salud-publica","status":"publish","type":"post","link":"http:\/\/hoycordobaweb.com\/index.php\/2025\/05\/16\/modulo-optativo-perspectiva-metodologica-de-la-investigacion-en-salud-publica\/","title":{"rendered":"M\u00f3dulo Optativo: Perspectiva Metodol\u00f3gica de la Investigaci\u00f3n en\u00a0 Salud P\u00fablica"},"content":{"rendered":"<h2 class=\"fusion-post-title\">M\u00f3dulo Optativo: Perspectiva Metodol\u00f3gica de la Investigaci\u00f3n en&nbsp; Salud P\u00fablica<\/h2>\n<div class=\"post-content\" readability=\"41\">\n<p><img loading=\"lazy\" fetchpriority=\"high\" decoding=\"async\" class=\"alignright size-fusion-400 wp-image-13597\" src=\"https:\/\/fono.fcm.unc.edu.ar\/wp-content\/uploads\/sites\/14\/2025\/05\/EFEMERIDES-2025-1feed-400x406.png\" alt width=\"400\" height=\"406\" srcset=\"https:\/\/fono.fcm.unc.edu.ar\/wp-content\/uploads\/sites\/14\/2025\/05\/EFEMERIDES-2025-1feed-66x66.png 66w, https:\/\/fono.fcm.unc.edu.ar\/wp-content\/uploads\/sites\/14\/2025\/05\/EFEMERIDES-2025-1feed-200x203.png 200w, https:\/\/fono.fcm.unc.edu.ar\/wp-content\/uploads\/sites\/14\/2025\/05\/EFEMERIDES-2025-1feed-296x300.png 296w, https:\/\/fono.fcm.unc.edu.ar\/wp-content\/uploads\/sites\/14\/2025\/05\/EFEMERIDES-2025-1feed-400x406.png 400w, https:\/\/fono.fcm.unc.edu.ar\/wp-content\/uploads\/sites\/14\/2025\/05\/EFEMERIDES-2025-1feed-600x609.png 600w, https:\/\/fono.fcm.unc.edu.ar\/wp-content\/uploads\/sites\/14\/2025\/05\/EFEMERIDES-2025-1feed-768x779.png 768w, https:\/\/fono.fcm.unc.edu.ar\/wp-content\/uploads\/sites\/14\/2025\/05\/EFEMERIDES-2025-1feed-800x812.png 800w, https:\/\/fono.fcm.unc.edu.ar\/wp-content\/uploads\/sites\/14\/2025\/05\/EFEMERIDES-2025-1feed-1009x1024.png 1009w, https:\/\/fono.fcm.unc.edu.ar\/wp-content\/uploads\/sites\/14\/2025\/05\/EFEMERIDES-2025-1feed.png 1080w\" sizes=\"(max-width: 400px) 100vw, 400px\">La Escuela de Fonoaudiolog\u00eda informa que a partir del d\u00eda 19 de mayo&nbsp; y hasta el d\u00eda 21\/05&nbsp; o hasta agotar cupo, estar\u00e1 abierta la inscripci\u00f3n para el M\u00f3dulo Optativo: <em>Perspectiva Metodol\u00f3gica de la Investigaci\u00f3n en&nbsp; Salud P\u00fablica<\/em>.<\/p>\n<p>Fecha inicio: desde el 28\/05\/2025<\/p>\n<p>Finalizaci\u00f3n: 02\/07\/2025<\/p>\n<p>D\u00eda y horario de cursado: mi\u00e9rcoles de 12:00 a 14:00 horas<\/p>\n<p>Modalidad: presencial<\/p>\n<p>Cupo: 100<\/p>\n<\/p><\/div>\n","protected":false},"excerpt":{"rendered":"<p>M\u00f3dulo Optativo: Perspectiva Metodol\u00f3gica de la Investigaci\u00f3n en&nbsp; Salud P\u00fablica La Escuela de Fonoaudiolog\u00eda informa que a partir del d\u00eda 19 de mayo&nbsp; y hasta el d\u00eda 21\/05&nbsp; o hasta agotar cupo, estar\u00e1 abierta la inscripci\u00f3n para el M\u00f3dulo Optativo: Perspectiva Metodol\u00f3gica de la Investigaci\u00f3n en&nbsp; Salud P\u00fablica. Fecha inicio: desde el 28\/05\/2025 Finalizaci\u00f3n: 02\/07\/2025 [&hellip;]<\/p>\n","protected":false},"author":1,"featured_media":0,"comment_status":"closed","ping_status":"closed","sticky":false,"template":"","format":"standard","meta":[],"categories":[1],"tags":[],"_links":{"self":[{"href":"http:\/\/hoycordobaweb.com\/index.php\/wp-json\/wp\/v2\/posts\/105204"}],"collection":[{"href":"http:\/\/hoycordobaweb.com\/index.php\/wp-json\/wp\/v2\/posts"}],"about":[{"href":"http:\/\/hoycordobaweb.com\/index.php\/wp-json\/wp\/v2\/types\/post"}],"author":[{"embeddable":true,"href":"http:\/\/hoycordobaweb.com\/index.php\/wp-json\/wp\/v2\/users\/1"}],"replies":[{"embeddable":true,"href":"http:\/\/hoycordobaweb.com\/index.php\/wp-json\/wp\/v2\/comments?post=105204"}],"version-history":[{"count":0,"href":"http:\/\/hoycordobaweb.com\/index.php\/wp-json\/wp\/v2\/posts\/105204\/revisions"}],"wp:attachment":[{"href":"http:\/\/hoycordobaweb.com\/index.php\/wp-json\/wp\/v2\/media?parent=105204"}],"wp:term":[{"taxonomy":"category","embeddable":true,"href":"http:\/\/hoycordobaweb.com\/index.php\/wp-json\/wp\/v2\/categories?post=105204"},{"taxonomy":"post_tag","embeddable":true,"href":"http:\/\/hoycordobaweb.com\/index.php\/wp-json\/wp\/v2\/tags?post=105204"}],"curies":[{"name":"wp","href":"https:\/\/api.w.org\/{rel}","templated":true}]}}