{"id":105184,"date":"2025-05-15T17:33:17","date_gmt":"2025-05-15T17:33:17","guid":{"rendered":"https:\/\/www.ole.com.ar\/futbol-internacional\/enzo-fernandez-aparicion-congreso-fifa_0_UvckO6PYyc.html"},"modified":"2025-05-15T17:33:17","modified_gmt":"2025-05-15T17:33:17","slug":"la-curiosa-aparicion-de-enzo-fernandez-en-el-congreso-de-la-fifa","status":"publish","type":"post","link":"http:\/\/hoycordobaweb.com\/index.php\/2025\/05\/15\/la-curiosa-aparicion-de-enzo-fernandez-en-el-congreso-de-la-fifa\/","title":{"rendered":"La curiosa aparici\u00f3n de Enzo Fern\u00e1ndez en el Congreso de la FIFA"},"content":{"rendered":"<p><img src=\"http:\/\/hoycordobaweb.com\/wp-content\/uploads\/2025\/05\/la-curiosa-aparicion-de-enzo-fernandez-en-el-congreso-de-la-fifa.jpg\"><\/p>\n<p><time class=\"createDate\" datetime=\"2025-05-15T14:33:17-03:00\">15\/05\/2025 14:33hs.<\/time><\/p>\n<div id=\"storyBody\">\n<div class=\"custom-text \" readability=\"38.136645962733\">\n<p>Este jueves, en Asunci\u00f3n, tuvo lugar el <strong>75\u00b0 Congreso de la FIFA<\/strong>, en el que se reunioron las seis Confederaciones y las 211 Federaciones afiliadas a la casa madre del f\u00fatbol. Para la introducci\u00f3n del evento, la organizaci\u00f3n prepar\u00f3 un video con el lema <strong>\u00abel f\u00fatbol une al mundo\u00bb<\/strong>, en el que particip\u00f3 <strong><a href=\"https:\/\/www.ole.com.ar\/tema\/enzo-fernandez.html\" title=\"Enzo Fern\u00e1ndez\" alt=\"Enzo Fern\u00e1ndez\" class=\"slug\">Enzo Fern\u00e1ndez<\/a><\/strong>.<\/p>\n<\/div>\n<div class=\"custom-text \" readability=\"33.285714285714\">\n<p>El campe\u00f3n del mundo en Qatar y figura del <a href=\"https:\/\/www.ole.com.ar\/tema\/chelsea.html\" title=\"Chelsea\" alt=\"Chelsea\" class=\"slug\">Chelsea<\/a> <strong>apareci\u00f3 unos breves segundos en la introducci\u00f3n<\/strong> del Congreso celebrado en la sede de la <a href=\"https:\/\/www.ole.com.ar\/tema\/conmebol.html\" title=\"Conmebol\" alt=\"Conmebol\" class=\"slug\">Conmebol<\/a>, en Paraguay. El crack argentino dijo <strong>\u00abll\u00e9vatelo al mundo\u00bb<\/strong>, haciendo referencia al lema de la <a href=\"https:\/\/www.ole.com.ar\/tema\/fifa.html\" title=\"FIFA\" alt=\"FIFA\" class=\"slug\">FIFA<\/a>.<\/p>\n<\/div>\n<div class=\"custom-text \" readability=\"42\">\n<p>En el resto del video de presentaci\u00f3n se muestran im\u00e1genes de distintos hinchas del mundo, incluidos los argentinos, goles y momentos del Mundial de 2022, f\u00fatbol femenino, f\u00fatbol playa, y distintos clubes que participar\u00e1n del Mundial de Clubes como el Inter Miami, con Lionel Messi a la cabeza, PSG y Manchester City.<\/p>\n<\/div>\n<div class=\"sc-e7b891c4-0 ifHnQL image-embed\"><img alt=\"La hinchada argentina apareci\u00f3 en el video. (Conmebol)\" loading=\"lazy\" width=\"720\" height=\"100\" decoding=\"async\" data-nimg=\"1\" src=\"http:\/\/hoycordobaweb.com\/wp-content\/uploads\/2025\/05\/la-curiosa-aparicion-de-enzo-fernandez-en-el-congreso-de-la-fifa-2.jpg\"><span class=\"epigraphe\">La hinchada argentina apareci\u00f3 en el video. (Conmebol)<\/span><\/div>\n<div class=\"custom-text \" readability=\"48\">\n<p>Todo esto acompa\u00f1ado de las frases \u00ablo hicimos\u00bb, \u00abla pasamos\u00bb, \u00ablo gritamos\u00bb, \u00ablo vivimos\u00bb, \u00ablo jugamos\u00bb, \u00abjugamos en estadios\u00bb, \u00abjugamos en las calles\u00bb, \u00abjugamos en la arena\u00bb, \u00abjugamos en nuestros sue\u00f1os\u00bb, \u00ablo hacemos crecer\u00bb, \u00ablo ense\u00f1amos\u00bb, \u00abcambiamos vidas con \u00e9l\u00bb, \u00abes el momento de llevarlo a otro nivel\u00bb, \u00abse lo devolvemos al juego\u00bb y \u00abtodos somos f\u00fatbol\u00bb. <\/p>\n<\/div>\n<p><h2><strong>\u00bfQu\u00e9 se hizo en el Congreso de la FIFA?<\/strong><\/h2>\n<\/p>\n<div class=\"custom-text \" readability=\"36.262857142857\">\n<p>El Congreso de la FIFA 75\u00b0, realizado por primera vez en Paraguay, comenz\u00f3 con un discurso de bienvenida de <strong><a href=\"https:\/\/www.ole.com.ar\/tema\/gianni-infantino.html\" title=\"Gianni Infantino\" alt=\"Gianni Infantino\" class=\"slug\">Gianni Infantino<\/a><\/strong>. Posteriormente, se dio la asistencia y declaraci\u00f3n de que el Congreso ha sido convocado y est\u00e1 compuesto de conformidad con los Estatutos. Se designaron escrutadores y federaciones miembro encargadas de examinar el acta. <\/p>\n<\/div>\n<div class=\"sc-e7b891c4-0 ifHnQL image-embed\"><img alt=\"Messi apareci\u00f3 en la presentaci\u00f3n del Congreso de la FIFA. (Conmebol)\" loading=\"lazy\" width=\"720\" height=\"100\" decoding=\"async\" data-nimg=\"1\" src=\"http:\/\/hoycordobaweb.com\/wp-content\/uploads\/2025\/05\/la-curiosa-aparicion-de-enzo-fernandez-en-el-congreso-de-la-fifa-3.jpg\"><span class=\"epigraphe\">Messi apareci\u00f3 en la presentaci\u00f3n del Congreso de la FIFA. (Conmebol)<\/span><\/div>\n<div class=\"custom-text \" readability=\"38\">\n<p>Luego, se inform\u00f3 que ninguna federaci\u00f3n miembro fue sancionada y se dio a conocer el Informe anual. Tambi\u00e9n tuvo lugar la elecci\u00f3n de la Comisi\u00f3n Disciplinaria, de la Comisi\u00f3n de \u00c9tica, de la Comisi\u00f3n de Apelaci\u00f3n y de la Comisi\u00f3n de Gobernanza, Auditoria y Conformidad. <\/p>\n<\/div>\n<div class=\"custom-text \" readability=\"34\">\n<p>Por \u00faltimo, se debati\u00f3 sobre las propuestas debidamente presentadas por las federaciones miembro y el Consejo dentro del periodo estipulado y el presidente dio sus observaciones finales.<\/p>\n<\/div>\n<div class=\"sc-a7166897-0 eoLsBE\" readability=\"6\">\n<section readability=\"2\"><picture><img alt=\"Conmebol y el 2030 con formato nuevo: &quot;Quiero que piensen&quot;\" loading=\"lazy\" width=\"290\" height=\"290\" decoding=\"async\" data-nimg=\"1\" src=\"http:\/\/hoycordobaweb.com\/wp-content\/uploads\/2025\/05\/la-curiosa-aparicion-de-enzo-fernandez-en-el-congreso-de-la-fifa-4.jpg\"><\/picture>\n<p><span>Mir\u00e1 tambi\u00e9n<\/span><\/p>\n<hr>\n<h3>Conmebol y el 2030 con formato nuevo: \u00abQuiero que piensen\u00bb<\/h3>\n<\/p>\n<\/section>\n<\/div>\n<div class=\"sc-a7166897-0 eoLsBE\" readability=\"6\">\n<section readability=\"2\"><picture><img alt=\"\u00a1Riquelme tuvo que escuchar a Macri en Asunci\u00f3n!\" loading=\"lazy\" width=\"290\" height=\"290\" decoding=\"async\" data-nimg=\"1\" src=\"http:\/\/hoycordobaweb.com\/wp-content\/uploads\/2025\/05\/la-curiosa-aparicion-de-enzo-fernandez-en-el-congreso-de-la-fifa-5.jpg\"><\/picture>\n<p><span>Mir\u00e1 tambi\u00e9n<\/span><\/p>\n<hr>\n<h3>\u00a1Riquelme tuvo que escuchar a Macri en Asunci\u00f3n!<\/h3>\n<\/p>\n<\/section>\n<\/div>\n<div class=\"sc-a7166897-0 eoLsBE\" readability=\"6\">\n<section readability=\"2\"><picture><img alt=\"&quot;Lamine no es un fen\u00f3meno como Messi y Maradona&quot;\" loading=\"lazy\" width=\"290\" height=\"290\" decoding=\"async\" data-nimg=\"1\" src=\"http:\/\/hoycordobaweb.com\/wp-content\/uploads\/2025\/05\/la-curiosa-aparicion-de-enzo-fernandez-en-el-congreso-de-la-fifa-6.jpg\"><\/picture>\n<p><span>Mir\u00e1 tambi\u00e9n<\/span><\/p>\n<hr>\n<h3>\u00abLamine no es un fen\u00f3meno como Messi y Maradona\u00bb<\/h3>\n<\/p>\n<\/section>\n<\/div>\n<\/div>\n","protected":false},"excerpt":{"rendered":"<p>15\/05\/2025 14:33hs. Este jueves, en Asunci\u00f3n, tuvo lugar el 75\u00b0 Congreso de la FIFA, en el que se reunioron las seis Confederaciones y las 211 Federaciones afiliadas a la casa madre del f\u00fatbol. Para la introducci\u00f3n del evento, la organizaci\u00f3n prepar\u00f3 un video con el lema \u00abel f\u00fatbol une al mundo\u00bb, en el que particip\u00f3 [&hellip;]<\/p>\n","protected":false},"author":1,"featured_media":105185,"comment_status":"open","ping_status":"closed","sticky":false,"template":"","format":"standard","meta":[],"categories":[16],"tags":[],"_links":{"self":[{"href":"http:\/\/hoycordobaweb.com\/index.php\/wp-json\/wp\/v2\/posts\/105184"}],"collection":[{"href":"http:\/\/hoycordobaweb.com\/index.php\/wp-json\/wp\/v2\/posts"}],"about":[{"href":"http:\/\/hoycordobaweb.com\/index.php\/wp-json\/wp\/v2\/types\/post"}],"author":[{"embeddable":true,"href":"http:\/\/hoycordobaweb.com\/index.php\/wp-json\/wp\/v2\/users\/1"}],"replies":[{"embeddable":true,"href":"http:\/\/hoycordobaweb.com\/index.php\/wp-json\/wp\/v2\/comments?post=105184"}],"version-history":[{"count":0,"href":"http:\/\/hoycordobaweb.com\/index.php\/wp-json\/wp\/v2\/posts\/105184\/revisions"}],"wp:featuredmedia":[{"embeddable":true,"href":"http:\/\/hoycordobaweb.com\/index.php\/wp-json\/wp\/v2\/media\/105185"}],"wp:attachment":[{"href":"http:\/\/hoycordobaweb.com\/index.php\/wp-json\/wp\/v2\/media?parent=105184"}],"wp:term":[{"taxonomy":"category","embeddable":true,"href":"http:\/\/hoycordobaweb.com\/index.php\/wp-json\/wp\/v2\/categories?post=105184"},{"taxonomy":"post_tag","embeddable":true,"href":"http:\/\/hoycordobaweb.com\/index.php\/wp-json\/wp\/v2\/tags?post=105184"}],"curies":[{"name":"wp","href":"https:\/\/api.w.org\/{rel}","templated":true}]}}