{"id":10518,"date":"2021-01-20T02:00:00","date_gmt":"2021-01-20T02:00:00","guid":{"rendered":"http:\/\/hoycordobaweb.com\/index.php\/2021\/01\/20\/fernandez-hay-un-gobierno-de-un-presidente-y-24-gobernadores\/"},"modified":"2021-01-20T02:00:00","modified_gmt":"2021-01-20T02:00:00","slug":"fernandez-hay-un-gobierno-de-un-presidente-y-24-gobernadores","status":"publish","type":"post","link":"http:\/\/hoycordobaweb.com\/index.php\/2021\/01\/20\/fernandez-hay-un-gobierno-de-un-presidente-y-24-gobernadores\/","title":{"rendered":"Fern\u00e1ndez: \u00abHay un Gobierno de un presidente y 24 gobernadores\u00bb"},"content":{"rendered":"<p><img src=\"http:\/\/hoycordobaweb.com\/wp-content\/uploads\/2021\/01\/fernandez-hay-un-gobierno-de-un-presidente-y-24-gobernadores.jpg\"><\/p>\n<div class=\"image\" id=\"image\" readability=\"10\"> <img src=\"http:\/\/hoycordobaweb.com\/wp-content\/uploads\/2021\/01\/fernandez-hay-un-gobierno-de-un-presidente-y-24-gobernadores-2.jpg\" alt=\"Fern\u00e1ndez se reunir\u00e1 este mi\u00e9rcoles en Chilecito, una de las Capitales Alternas de Argentina, con los 10 gobernadores del denominado Norte Grande.\" title=\"Fern\u00e1ndez se reunir\u00e1 este mi\u00e9rcoles en Chilecito, una de las Capitales Alternas de Argentina, con los 10 gobernadores del denominado Norte Grande.\"><\/p>\n<p>Fern\u00e1ndez se reunir\u00e1 este mi\u00e9rcoles en Chilecito, una de las Capitales Alternas de Argentina, con los 10 gobernadores del denominado Norte Grande.<\/p>\n<\/div>\n<p>El jefe de Estado, Alberto Fern\u00e1ndez, hizo una enf\u00e1tica reivindicaci\u00f3n del federalismo al afirmar que hay un Gobierno compuesto \u00abpor un Presidente y 24 gobernadores\u00bb y abog\u00f3 porque \u00abtodos tengan las mismas posibilidades de crecer\u00bb y el \u00abderecho de ser felices en el mismo lugar donde nacieron\u00bb.<\/p>\n<p>Fern\u00e1ndez formul\u00f3 estos conceptos al hablar ante ministros y gobernadores oficialistas y opositores en la ciudad riojana de Chilecito, una de las 24 Capitales Alternas, en el marco de una reuni\u00f3n de Gabinete Federal.<\/p>\n<p>Tras resaltar que su Gobierno est\u00e1 integrado por \u00abun Presidente y 24 gobernadores\u00bb, Fern\u00e1ndez destac\u00f3 en ese sentido que cuando el jefe de Estado de San Juan, Sergio U\u00f1ac, lo \u00abnecesit\u00f3\u00bb por el sismo registrado en esa provincia, all\u00ed estuvo la administraci\u00f3n nacional para \u00abayudar a levantar aquello que la tierra hab\u00eda tirado abajo\u00bb.<\/p>\n<p><strong>\u00abLo que se dice es para cumplirlo, los compromisos son para cumplirse, y ac\u00e1 estoy, cumpliendo con mi palabra\u00bb, remarc\u00f3<\/strong>.<\/p>\n<p>Tambi\u00e9n inst\u00f3 a que \u00abtodos tengan las mismas posibilidades de crecer\u00bb y el \u00abderecho de ser felices en el mismo lugar donde nacimos, m\u00e1s all\u00e1 de cu\u00e1l sea la latitud\u00bb del pa\u00eds en la que toque vivir.<\/p>\n<p>\u00abCuando me hablan del m\u00e9rito, eso supone que todos tengamos las mismas condiciones; pero resulta que si yo, que vivo en Buenos Aires, tengo en 5 manzanas a la redonda 6 colegios y 10 universidades para elegir, no es vedad que tengo las mismas oportunidades que alguien que vive en cualquier lugar del norte\u00bb, razon\u00f3 el mandatario.<\/p>\n<p><strong>Sostuvo que la provincia de La Rioja, igual que el norte nacional, \u00abha padecido la postergaci\u00f3n del resto del pa\u00eds\u00bb, y manifest\u00f3 sus deseos de que \u00abning\u00fan chico de 12 a\u00f1os se tenga que ir a estudiar a Buenos Aires\u00bb porque \u00abeso no puede pasar m\u00e1s\u00bb con los j\u00f3venes de la regi\u00f3n<\/strong>.<\/p>\n<p>Por ello convoc\u00f3 a \u00abponer de pie al norte argentino\u00bb y darle la \u00aboportunidad para que compita y hagan el m\u00e9rito de crecer\u00bb, porque, en caso contrario, dijo, \u00abno es verdad que sea f\u00e1cil crecer\u00bb.<\/p>\n<p>Antes de las palabras de Fern\u00e1ndez se firmaron numerosos convenios para la provincia con la participaci\u00f3n de todos los titulares de Ministerios nacionales presentes.<\/p>\n<p>El primer mandatario resalt\u00f3 al comienzo de su alocuci\u00f3n que su padre hab\u00eda nacido en Chilecito y que todos los a\u00f1os llevaba a su familia a pasar vacaciones a esa ciudad, matizando ese relato con numerosas an\u00e9cdotas y emotivos recuerdos.<\/p>\n<p>Fondos para San Juan<\/p>\n<p>Fern\u00e1ndez lleg\u00f3 m\u00e1s tarde de lo previsto a La Rioja porque alter\u00f3 su agenda <strong><a href=\"https:\/\/www.telam.com.ar\/notas\/202101\/541976-el-presidente-cambio-su-agenda-y-va-a-san-juan-para-conocer-la-situacion-tras-el-sismo.html\" target=\"_blank\" rel=\"noopener noreferrer\">para asistir a San Juan, donde junto al gobernador U\u00f1ac se interioriz\u00f3 sobre la situaci\u00f3n generada por el sismo registrado durante la madrugada y anunci\u00f3 el env\u00edo de fondos<\/a><\/strong> para la construcci\u00f3n de viviendas en las zonas afectadas.<\/p>\n<p>Capitales alternas<\/p>\n<p>El Presidente se reunir\u00e1 este mi\u00e9rcoles, tambi\u00e9n en Chilecito, con los 10 gobernadores del denominado Norte Grande (NG).<\/p>\n<p>La actividad se iniciar\u00e1 a las 9.30, en una reuni\u00f3n del trabajo del espacio que integran <strong>gobernadores de las provincias del Noroeste Argentino (NOA) y el Noreste Argentino (NEA): Tucum\u00e1n, Salta, Santiago del Estero, Jujuy, Catamarca, La Rioja, Misiones, Chaco, Corrientes y Formosa<\/strong>.<\/p>\n<p>Antes de la llegada del Presidente, <strong><a href=\"https:\/\/www.telam.com.ar\/notas\/202101\/542048-ricardo-quintela-con-alberto-estamos-dando-la-ultima-batalla-del-federalismo.html\" target=\"_blank\" rel=\"noopener noreferrer\">el gobernador Quintela, acompa\u00f1ado por los ministros, afirm\u00f3 que \u00abla \u00faltima batalla del federalismo se est\u00e1 dando con Alberto Fern\u00e1ndez a la cabeza\u00bb<\/a><\/strong>.<\/p>\n<p>\u00abLa Rioja tiene serias dificultades que el Presidente las conoce, y el jefe de Gabinete, Santiago Cafiero, y el ministro del Interior, Eduardo \u00abWado\u00bb de Pedro tambi\u00e9n saben de ellas\u00bb, sostuvo Quintela.<\/p>\n<p>A\u00f1adi\u00f3 que \u00abes una provincia, como muchas del norte, que requiere una mirada especial y la posibilidad que nos permita desarrollarnos en forma arm\u00f3nica al igual que el sector del centro de la Rep\u00fablica Argentina\u00bb.<\/p>\n<p>En su alocuci\u00f3n, el mandatario riojano sostuvo que \u00ab<strong>si bien la Constituci\u00f3n habla de un sistema republicano y federal, el federalismo se practic\u00f3 muy poco<\/strong>, producto de que nosotros hemos perdido la pen\u00faltima batalla en el Pozo de Vargas\u00bb, en referencia al combate entre las fuerzas del caudillo Felipe Varela y del \u00abmitrista\u00bb Antonino Taboada, en 1867.<\/p>\n<p>\u00abLa \u00faltima batalla del federalismo la estamos dando con Alberto Fern\u00e1ndez a la cabeza, buscando que el federalismo se imponga en la Argentina, que significa tratar de forma equitativa\u00bb, asever\u00f3 Quintela.<\/p>\n<p>Tambi\u00e9n manifest\u00f3 su agradecimiento a los ministros y otros funcionarios que fueron a Chilecito, lo cual, sostuvo, \u00abnos deja gratamente sorprendidos\u00bb.<\/p>\n<p>El Gabinete Federal<\/p>\n<p>En tanto, <strong><a href=\"https:\/\/www.telam.com.ar\/notas\/202101\/542049-una-intensa-actividad-ministerial-se-realizo-en-chilecito-capital-alterna-de-la-rioja.html\" target=\"_blank\" rel=\"noopener noreferrer\">una nutrida agenda realizaron este martes ministros del Gabinete nacional en la ciudad riojana de Chilecito<\/a><\/strong>.<\/p>\n<p>El jefe de Gabinete Santiago Cafiero dijo que \u00abuna de las prioridades era avanzar en una propuesta de federalismo distinto, pues hasta aqu\u00ed el federalismo hab\u00eda estado en los discursos de muchos, pero en las medidas, resoluciones o decretos de nadie o de pocos\u00bb.<\/p>\n<p>\u00abEl Presidente le pidi\u00f3 a Wado de Pedro que trabajara en el proyecto de Capitales Alternas y as\u00ed lo hizo. Fue un acto de federalismo tambi\u00e9n que ese proyecto se haya votado\u00bb en el Congreso, destac\u00f3.<\/p>\n<p>Tras resaltar la decisi\u00f3n de \u00abtrabajar en las prioridades que fij\u00f3 el pueblo de La Rioja\u00bb, Cafiero afirm\u00f3 que \u00abel Gobierno nacional toma esas prioridades y las lleva adelante con el impulso, los recursos y fundamentalmente el compromiso que podemos tener todos a quienes nos toca estar en este Gabinete nacional\u00bb.<\/p>\n<p>Cafiero asever\u00f3 que \u00abArgentina es gigante, diversa y hermosa, pero tiene realidades distintas y amerita creatividad, voluntad y sobre todas las cosas compromiso\u00bb.<\/p>\n<p>De Pedro dijo que aunque \u00abhay un plexo normativo, en los hechos la Argentina se viene concentrando, desde que se fund\u00f3 hasta hoy. No hay una desconcentraci\u00f3n, no hay igualdad de oportunidades y las regiones tienen un desequilibrio muy fuerte. En la pr\u00e1ctica no est\u00e1\u00bb establecido cabalmente el federalismo.<\/p>\n<p>Y afirm\u00f3: \u00abDebemos dejar de ser una Argentina unipolar alrededor del puerto de Buenos Aires y potenciar una Argentina multipolar. Todo el gabinete est\u00e1 en sinton\u00eda trabajando en la l\u00ednea del Presidente y la vicepresidenta (Cristina Kirchner)\u00bb.<\/p>\n<p>El intendente de Chilecito, el oficialista Rodrigo Brizuela y Doria, le dio \u00ablas gracias al Presidente porque sabemos que \u00e9l ha elegido desde el coraz\u00f3n esta capital alterna\u00bb y tambi\u00e9n al ministro De Pedro.<\/p>\n<p>Y consider\u00f3 \u00abun acto de federalismo muy puro\u00bb la visita de Fern\u00e1ndez y la reuni\u00f3n del gabinete en su ciudad. <\/p>\n","protected":false},"excerpt":{"rendered":"<p>Fern\u00e1ndez se reunir\u00e1 este mi\u00e9rcoles en Chilecito, una de las Capitales Alternas de Argentina, con los 10 gobernadores del denominado Norte Grande. El jefe de Estado, Alberto Fern\u00e1ndez, hizo una enf\u00e1tica reivindicaci\u00f3n del federalismo al afirmar que hay un Gobierno compuesto \u00abpor un Presidente y 24 gobernadores\u00bb y abog\u00f3 porque \u00abtodos tengan las mismas posibilidades [&hellip;]<\/p>\n","protected":false},"author":1,"featured_media":10519,"comment_status":"open","ping_status":"closed","sticky":false,"template":"","format":"standard","meta":[],"categories":[19],"tags":[],"_links":{"self":[{"href":"http:\/\/hoycordobaweb.com\/index.php\/wp-json\/wp\/v2\/posts\/10518"}],"collection":[{"href":"http:\/\/hoycordobaweb.com\/index.php\/wp-json\/wp\/v2\/posts"}],"about":[{"href":"http:\/\/hoycordobaweb.com\/index.php\/wp-json\/wp\/v2\/types\/post"}],"author":[{"embeddable":true,"href":"http:\/\/hoycordobaweb.com\/index.php\/wp-json\/wp\/v2\/users\/1"}],"replies":[{"embeddable":true,"href":"http:\/\/hoycordobaweb.com\/index.php\/wp-json\/wp\/v2\/comments?post=10518"}],"version-history":[{"count":0,"href":"http:\/\/hoycordobaweb.com\/index.php\/wp-json\/wp\/v2\/posts\/10518\/revisions"}],"wp:featuredmedia":[{"embeddable":true,"href":"http:\/\/hoycordobaweb.com\/index.php\/wp-json\/wp\/v2\/media\/10519"}],"wp:attachment":[{"href":"http:\/\/hoycordobaweb.com\/index.php\/wp-json\/wp\/v2\/media?parent=10518"}],"wp:term":[{"taxonomy":"category","embeddable":true,"href":"http:\/\/hoycordobaweb.com\/index.php\/wp-json\/wp\/v2\/categories?post=10518"},{"taxonomy":"post_tag","embeddable":true,"href":"http:\/\/hoycordobaweb.com\/index.php\/wp-json\/wp\/v2\/tags?post=10518"}],"curies":[{"name":"wp","href":"https:\/\/api.w.org\/{rel}","templated":true}]}}