{"id":105176,"date":"2025-05-15T19:29:58","date_gmt":"2025-05-15T19:29:58","guid":{"rendered":"https:\/\/www.ole.com.ar\/futbol-primera\/racing-copa-libertadores-costas-refuerzos_0_m6u91CA5zR.html"},"modified":"2025-05-15T19:29:58","modified_gmt":"2025-05-15T19:29:58","slug":"costas-pidio-refuerzos-para-racing-que-posiciones-quiere-para-la-libertadores","status":"publish","type":"post","link":"http:\/\/hoycordobaweb.com\/index.php\/2025\/05\/15\/costas-pidio-refuerzos-para-racing-que-posiciones-quiere-para-la-libertadores\/","title":{"rendered":"Costas pidi\u00f3 refuerzos para Racing: qu\u00e9 posiciones quiere para la Libertadores"},"content":{"rendered":"<p><img src=\"http:\/\/hoycordobaweb.com\/wp-content\/uploads\/2025\/05\/costas-pidio-refuerzos-para-racing-que-posiciones-quiere-para-la-libertadores.jpg\"><\/p>\n<p><time class=\"createDate\" datetime=\"2025-05-15T16:29:58-03:00\">15\/05\/2025 16:29hs.<\/time><\/p>\n<div id=\"storyBody\">\n<div class=\"custom-text \" readability=\"35.432203389831\">\n<p><a href=\"https:\/\/www.ole.com.ar\/tema\/racing.html\" title=\"Racing\" alt=\"Racing\" class=\"slug\">Racing<\/a> se recuper\u00f3 r\u00e1pido de la eliminaci\u00f3n en el Torneo Apertura. El mi\u00e9rcoles gole\u00f3 4-0 a Colo Colo para sellar el pase a los octavos de final de la Copa Libertadores y volver a demostrar que lo suyo es el \u00e1mbito local. Todo parec\u00eda festejos y alivio. Pero <strong><a href=\"https:\/\/www.ole.com.ar\/tema\/gustavo-costas.html\" title=\"Gustavo Costas\" alt=\"Gustavo Costas\" class=\"slug\">Gustavo Costas<\/a>, en conferencia de prensa, lanz\u00f3 un pedido que hizo ruido puertas para adentro y sorprendi\u00f3 a la dirigencia. Ya empez\u00f3 a pedir refuerzos para poder ser protagonista en el segundo semestre.<\/strong><\/p>\n<\/div>\n<p><h2>Costas quiere refuerzos en la delantera de Racing<\/h2>\n<\/p>\n<div class=\"custom-text \" readability=\"41\">\n<p>\u00ab<strong>Si queremos ganar la Copa Libertadores quiz\u00e1 nos hacen falta tres o cuatro jugadores m\u00e1s para poder pelear bien. <\/strong>Trayendo m\u00e1s jugadores, vamos a poder pelear todos los campeonatos&#8230; Quiz\u00e1 no tenemos el plantel tan numeroso como para enfrentar todas las competencias. Jugamos cada tres d\u00edas y a veces no ten\u00e9s para arriesgar. Maravilla no estaba para jugar, despu\u00e9s de los dos goles ya lo quer\u00eda sacar. \u00c9l, Sosa, Salas&#8230; Vienen de jugar todos los partidos, jugamos a un ritmo de mucha intensidad\u00bb, hab\u00eda dicho el t\u00e9cnico de la Academia apenas consumada la goleada ante los chilenos.<\/p>\n<\/div>\n<div class=\"custom-text \" readability=\"40\">\n<p><strong>Lo que m\u00e1s preocupa hoy a Costas es el poco recambio que tiene en la ofensiva. Por eso hizo hincapi\u00e9 en lo mucho que est\u00e1n jugando Maravilla Mart\u00ednez y Salas.<\/strong> El t\u00e9cnico considera que la dirigencia no reemplaz\u00f3 del todo bien las salidas de Roger Mart\u00ednez, Juanfer Quintero, Johan Carbonero y Agust\u00edn Urzi. Y los n\u00fameros hablan por s\u00ed solos. Balboa juega muy poco, Vietto est\u00e1 en bajo nivel y perdi\u00f3 el puesto con Solari y ante Colo Colo jug\u00f3 el pibe Degregorio.<strong> A priori, el t\u00e9cnico quiere uno o dos delanteros y un volante ofensivo de buena pegada, que pueda manejar la pelota parada como hac\u00eda Juanfer Quintero.<\/strong><\/p>\n<\/div>\n<p><h2>No quiere que venden a jugadores importantes<\/h2>\n<\/p>\n<div class=\"custom-text \" readability=\"39\">\n<p><strong>El pedido, a su vez, tambi\u00e9n esconde otra preocupaci\u00f3n latente en Gustavo Costas<\/strong>. El entrenador escuch\u00f3 a Saja decir p\u00fablicamente que el club tiene la necesidad de vender. Y <strong>no quiere perder a ning\u00fan jugador de los importantes, especialmente a Nardoni. Por eso redobl\u00f3 la apuesta y en vez de que se hable de las posibles salidas quiere que se empiecen a discutir m\u00e1s llegadas.<\/strong> Esto no habr\u00eda ca\u00eddo del todo bien en la dirigencia, que imaginaba un par de semanas de tranquilidad ya con el boleto a octavos en el bolsillo.<\/p>\n<\/div>\n<div class=\"sc-a7166897-0 eoLsBE\" readability=\"6.5\">\n<section readability=\"3\"><picture><img alt=\"Juanfer Quintero se ataj\u00f3 por el empate con Hurac\u00e1n y apunt\u00f3 contra la cancha: &quot;Nos pas\u00f3 factura&quot;\" loading=\"lazy\" width=\"290\" height=\"290\" decoding=\"async\" data-nimg=\"1\" src=\"http:\/\/hoycordobaweb.com\/wp-content\/uploads\/2025\/05\/costas-pidio-refuerzos-para-racing-que-posiciones-quiere-para-la-libertadores-2.jpg\"><\/picture>\n<p><span>Mir\u00e1 tambi\u00e9n<\/span><\/p>\n<hr>\n<h3>Juanfer Quintero se ataj\u00f3 por el empate con Hurac\u00e1n y apunt\u00f3 contra la cancha: \u00abNos pas\u00f3 factura\u00bb<\/h3>\n<\/p>\n<\/section>\n<\/div>\n<div class=\"sc-a7166897-0 eoLsBE\" readability=\"6\">\n<section readability=\"2\"><picture><img alt=\"Almir\u00f3n en la cuerda floja: tercera derrota seguida de Colo Colo\" loading=\"lazy\" width=\"290\" height=\"290\" decoding=\"async\" data-nimg=\"1\" src=\"http:\/\/hoycordobaweb.com\/wp-content\/uploads\/2025\/05\/costas-pidio-refuerzos-para-racing-que-posiciones-quiere-para-la-libertadores-3.jpg\"><\/picture>\n<p><span>Mir\u00e1 tambi\u00e9n<\/span><\/p>\n<hr>\n<h3>Almir\u00f3n en la cuerda floja: tercera derrota seguida de Colo Colo<\/h3>\n<\/p>\n<\/section>\n<\/div>\n<\/div>\n","protected":false},"excerpt":{"rendered":"<p>15\/05\/2025 16:29hs. Racing se recuper\u00f3 r\u00e1pido de la eliminaci\u00f3n en el Torneo Apertura. El mi\u00e9rcoles gole\u00f3 4-0 a Colo Colo para sellar el pase a los octavos de final de la Copa Libertadores y volver a demostrar que lo suyo es el \u00e1mbito local. Todo parec\u00eda festejos y alivio. Pero Gustavo Costas, en conferencia de [&hellip;]<\/p>\n","protected":false},"author":1,"featured_media":105177,"comment_status":"open","ping_status":"closed","sticky":false,"template":"","format":"standard","meta":[],"categories":[16],"tags":[],"_links":{"self":[{"href":"http:\/\/hoycordobaweb.com\/index.php\/wp-json\/wp\/v2\/posts\/105176"}],"collection":[{"href":"http:\/\/hoycordobaweb.com\/index.php\/wp-json\/wp\/v2\/posts"}],"about":[{"href":"http:\/\/hoycordobaweb.com\/index.php\/wp-json\/wp\/v2\/types\/post"}],"author":[{"embeddable":true,"href":"http:\/\/hoycordobaweb.com\/index.php\/wp-json\/wp\/v2\/users\/1"}],"replies":[{"embeddable":true,"href":"http:\/\/hoycordobaweb.com\/index.php\/wp-json\/wp\/v2\/comments?post=105176"}],"version-history":[{"count":0,"href":"http:\/\/hoycordobaweb.com\/index.php\/wp-json\/wp\/v2\/posts\/105176\/revisions"}],"wp:featuredmedia":[{"embeddable":true,"href":"http:\/\/hoycordobaweb.com\/index.php\/wp-json\/wp\/v2\/media\/105177"}],"wp:attachment":[{"href":"http:\/\/hoycordobaweb.com\/index.php\/wp-json\/wp\/v2\/media?parent=105176"}],"wp:term":[{"taxonomy":"category","embeddable":true,"href":"http:\/\/hoycordobaweb.com\/index.php\/wp-json\/wp\/v2\/categories?post=105176"},{"taxonomy":"post_tag","embeddable":true,"href":"http:\/\/hoycordobaweb.com\/index.php\/wp-json\/wp\/v2\/tags?post=105176"}],"curies":[{"name":"wp","href":"https:\/\/api.w.org\/{rel}","templated":true}]}}