{"id":105173,"date":"2025-05-15T12:26:16","date_gmt":"2025-05-15T12:26:16","guid":{"rendered":"https:\/\/ladecimaweb.com\/?p=32000"},"modified":"2025-05-15T12:26:16","modified_gmt":"2025-05-15T12:26:16","slug":"picadas-ilegales-detienen-a-29-personas-secuestran-19-motos-y-hay-un-efectivo-atropellado","status":"publish","type":"post","link":"http:\/\/hoycordobaweb.com\/index.php\/2025\/05\/15\/picadas-ilegales-detienen-a-29-personas-secuestran-19-motos-y-hay-un-efectivo-atropellado\/","title":{"rendered":"Picadas ilegales: detienen a 29 personas, secuestran 19 motos y hay un efectivo atropellado"},"content":{"rendered":"<div class=\"boldgrid-section\">\n<div class=\"container\">\n<div class=\"row\">\n<div class=\"col-md-12 col-xs-12 col-sm-12\">\n<p class=\"\">En el marco del<strong> operativo &#8220;controles vehiculares&#8221;<\/strong> llevado a cabo en Ruta E53 y Av. Padre Luchesse B\u00b0 Pan de Az\u00facar, se logr\u00f3 anoche la<strong> detenci\u00f3n de 29 personas,<\/strong> adultos y menores, tanto hombres como mujeres, y <strong>el secuestro de 19 motocicletas. <\/strong><\/p>\n<p class=\"\">En el despliegue preventivo particip\u00f3 personal de <strong>Polic\u00eda Caminera, Seguridad Capital y diferentes Unidades Especiales,<\/strong> quienes tras un seguimiento controlado aprehendieron a los individuos e incautaron los veh\u00edculos ahora bajo guarda policial.<\/p>\n<p class=\"\">&nbsp;<\/p>\n<p class=\"\"><img loading=\"lazy\" class=\"alignnone wp-image-32002\" src=\"http:\/\/hoycordobaweb.com\/wp-content\/uploads\/2025\/05\/picadas-ilegales-detienen-a-29-personas-secuestran-19-motos-y-hay-un-efectivo-atropellado.jpg\" alt=\"\" width=\"375\" height=\"281\" srcset=\"http:\/\/hoycordobaweb.com\/wp-content\/uploads\/2025\/05\/picadas-ilegales-detienen-a-29-personas-secuestran-19-motos-y-hay-un-efectivo-atropellado.jpg 1280w, http:\/\/hoycordobaweb.com\/wp-content\/uploads\/2025\/05\/picadas-ilegales-detienen-a-29-personas-secuestran-19-motos-y-hay-un-efectivo-atropellado-1.jpg 593w, http:\/\/hoycordobaweb.com\/wp-content\/uploads\/2025\/05\/picadas-ilegales-detienen-a-29-personas-secuestran-19-motos-y-hay-un-efectivo-atropellado-2.jpg 768w\" sizes=\"(max-width: 375px) 100vw, 375px\" \/><\/p>\n<p>&nbsp;<\/p>\n<p class=\"\">Dos de los sujetos aprehendidos (menores de edad)<strong> colisionaron la motocicleta que conduc\u00edan contra un efectivo policial,<\/strong> lesionando al uniformado en su miembro superior e inferior izquierdo, as\u00ed como tambi\u00e9n da\u00f1\u00f3 el armamento menos letal Mission Four. Una ambulancia traslad\u00f3 al polic\u00eda herido al Hospital de Unquillo.<\/p>\n<p class=\"\">Encabezaron los operativos el Ministro de Seguridad, Juan Pablo Quinteros; y el Director General de Polic\u00eda Caminera, Crio. My. Maximiliano Ochoa.<\/p>\n<p class=\"\">&nbsp;<\/p>\n<p class=\"\">\n<div class=\"ubm_banner\"><a href=\"https:\/\/youtu.be\/h2J_ZdbxYVc\" target=\"_blank\" rel=\"dofollow noopener noreferrer\"><img src=\"http:\/\/hoycordobaweb.com\/wp-content\/uploads\/2025\/05\/picadas-ilegales-detienen-a-29-personas-secuestran-19-motos-y-hay-un-efectivo-atropellado.gif\" alt=\"\"><\/a><\/div>\n<\/div>\n<\/div>\n<\/div>\n<\/div>\n<p>La entrada <a rel=\"nofollow\" href=\"https:\/\/ladecimaweb.com\/picadas-ilegales-detienen-a-29-personas-secuestran-19-motos-y-hay-un-efectivo-atropellado\/\">Picadas ilegales: detienen a 29 personas, secuestran 19 motos y hay un efectivo atropellado<\/a> se public\u00f3 primero en <a rel=\"nofollow\" href=\"https:\/\/ladecimaweb.com\">LaDecima<\/a>.<\/p>\n","protected":false},"excerpt":{"rendered":"<p>En el marco del operativo &#8220;controles vehiculares&#8221; llevado a cabo en Ruta E53 y Av. Padre Luchesse B\u00b0 Pan de Az\u00facar, se logr\u00f3 anoche la detenci\u00f3n de 29 personas, adultos y menores, tanto hombres como mujeres, y el secuestro de 19 motocicletas. En el despliegue preventivo particip\u00f3 personal de Polic\u00eda Caminera, Seguridad Capital y diferentes [&hellip;]<\/p>\n","protected":false},"author":1,"featured_media":0,"comment_status":"closed","ping_status":"closed","sticky":false,"template":"","format":"standard","meta":[],"categories":[32],"tags":[],"_links":{"self":[{"href":"http:\/\/hoycordobaweb.com\/index.php\/wp-json\/wp\/v2\/posts\/105173"}],"collection":[{"href":"http:\/\/hoycordobaweb.com\/index.php\/wp-json\/wp\/v2\/posts"}],"about":[{"href":"http:\/\/hoycordobaweb.com\/index.php\/wp-json\/wp\/v2\/types\/post"}],"author":[{"embeddable":true,"href":"http:\/\/hoycordobaweb.com\/index.php\/wp-json\/wp\/v2\/users\/1"}],"replies":[{"embeddable":true,"href":"http:\/\/hoycordobaweb.com\/index.php\/wp-json\/wp\/v2\/comments?post=105173"}],"version-history":[{"count":0,"href":"http:\/\/hoycordobaweb.com\/index.php\/wp-json\/wp\/v2\/posts\/105173\/revisions"}],"wp:attachment":[{"href":"http:\/\/hoycordobaweb.com\/index.php\/wp-json\/wp\/v2\/media?parent=105173"}],"wp:term":[{"taxonomy":"category","embeddable":true,"href":"http:\/\/hoycordobaweb.com\/index.php\/wp-json\/wp\/v2\/categories?post=105173"},{"taxonomy":"post_tag","embeddable":true,"href":"http:\/\/hoycordobaweb.com\/index.php\/wp-json\/wp\/v2\/tags?post=105173"}],"curies":[{"name":"wp","href":"https:\/\/api.w.org\/{rel}","templated":true}]}}