{"id":105011,"date":"2025-05-14T13:49:50","date_gmt":"2025-05-14T13:49:50","guid":{"rendered":"https:\/\/cordobaturismo.gov.ar\/?p=897100"},"modified":"2025-05-14T13:49:50","modified_gmt":"2025-05-14T13:49:50","slug":"cordoba-day-la-provincia-despliega-su-potencial-turistico-en-san-pablo","status":"publish","type":"post","link":"http:\/\/hoycordobaweb.com\/index.php\/2025\/05\/14\/cordoba-day-la-provincia-despliega-su-potencial-turistico-en-san-pablo\/","title":{"rendered":"C\u00f3rdoba Day: la provincia despliega su potencial tur\u00edstico en San Pablo"},"content":{"rendered":"<p>Con una intensa agenda institucional y comercial, hoy comienza una nueva edici\u00f3n del <em>C\u00f3rdoba Day<\/em> esta vez enn San Pablo; &nbsp;una iniciativa del Gobierno de la Provincia de C\u00f3rdoba que busca promocionar la marca C\u00f3rdoba en el mercado brasile\u00f1o. La Agencia C\u00f3rdoba Turismo tiene un rol protag\u00f3nico en esta misi\u00f3n, articulando acciones estrat\u00e9gicas con el Consulado Argentino en Brasil, operadores tur\u00edsticos locales y l\u00edneas a\u00e9reas.<\/p>\n<p>Durante la jornada de este mi\u00e9rcoles, la Agencia encabezar\u00e1 una capacitaci\u00f3n especializada dirigida a agencias y profesionales del trade tur\u00edstico brasile\u00f1o a fin de &nbsp;incorporar a C\u00f3rdoba en su cartera de destinos. La actividad se llevar\u00e1 a cabo en el auditorio del Consulado Argentino en San Pablo y tiene como objetivo brindar herramientas y contenidos actualizados sobre los productos tur\u00edsticos cordobeses, haciendo \u00e9nfasis en la conectividad, la diversidad territorial y en productos tur\u00edsticos espec\u00edficos.<\/p>\n<p>Adem\u00e1s, C\u00f3rdoba estar\u00e1 presente en el <em>Shopping Vila Ol\u00edmpia<\/em> como parte de la Semana Argentina en San Pablo, una propuesta organizada por Marca Pa\u00eds Argentina, la Agencia Argentina de Inversiones y Comercio Internacional (AAICI), con el apoyo de INPROTUR. La provincia contar\u00e1 con un espacio promocional dentro del shopping, donde se desplegar\u00e1n materiales institucionales y se mantendr\u00e1n encuentros con p\u00fablico final y potenciales socios comerciales. Esta acci\u00f3n forma parte de una estrategia sostenida de promoci\u00f3n en Brasil, uno de los mercados emisores m\u00e1s importantes de la regi\u00f3n.<\/p>\n<p>Las actividades continuar\u00e1n el jueves 15 con la presentaci\u00f3n oficial del <em>C\u00f3rdoba Day<\/em>, que incluir\u00e1 la exposici\u00f3n de la oferta exportable y de la matriz productiva de la provincia, y una presentaci\u00f3n a cargo del presidente de la Agencia C\u00f3rdoba Turismo, Dar\u00edo Capitani, quien destacar\u00e1 las ventajas competitivas del destino C\u00f3rdoba para el turismo internacional. El evento contar\u00e1 con la presencia del gobernador Mart\u00edn Llaryora, autoridades del sector p\u00fablico y privado, y representantes del empresariado brasile\u00f1o.<\/p>\n<p>Esta presencia en San Pablo consolida el trabajo del gobierno de C\u00f3rdoba y el sector privado en pos de fortalecer el posicionamiento internacional de la provincia y atraer visitantes a trav\u00e9s de acciones concretas de promoci\u00f3n, vinculaci\u00f3n comercial y cooperaci\u00f3n institucional.<\/p>\n<figure class=\"wp-block-gallery has-nested-images columns-default is-cropped wp-block-gallery-1 is-layout-flex wp-block-gallery-is-layout-flex\">\n<figure class=\"wp-block-image size-large\"><img loading=\"lazy\" fetchpriority=\"high\" decoding=\"async\" width=\"1024\" height=\"768\" data-id=\"897104\" src=\"http:\/\/hoycordobaweb.com\/wp-content\/uploads\/2025\/05\/cordoba-day-la-provincia-despliega-su-potencial-turistico-en-san-pablo.jpg\" alt class=\"wp-image-897104\" srcset=\"http:\/\/hoycordobaweb.com\/wp-content\/uploads\/2025\/05\/cordoba-day-la-provincia-despliega-su-potencial-turistico-en-san-pablo.jpg 1024w, http:\/\/hoycordobaweb.com\/wp-content\/uploads\/2025\/05\/cordoba-day-la-provincia-despliega-su-potencial-turistico-en-san-pablo-1.jpg 300w, http:\/\/hoycordobaweb.com\/wp-content\/uploads\/2025\/05\/cordoba-day-la-provincia-despliega-su-potencial-turistico-en-san-pablo-2.jpg 768w, http:\/\/hoycordobaweb.com\/wp-content\/uploads\/2025\/05\/cordoba-day-la-provincia-despliega-su-potencial-turistico-en-san-pablo-3.jpg 1536w, http:\/\/hoycordobaweb.com\/wp-content\/uploads\/2025\/05\/cordoba-day-la-provincia-despliega-su-potencial-turistico-en-san-pablo-4.jpg 1600w\" sizes=\"(max-width: 1024px) 100vw, 1024px\"><\/figure>\n<\/figure>\n","protected":false},"excerpt":{"rendered":"<p>Con una intensa agenda institucional y comercial, hoy comienza una nueva edici\u00f3n del C\u00f3rdoba Day esta vez enn San Pablo; &nbsp;una iniciativa del Gobierno de la Provincia de C\u00f3rdoba que busca promocionar la marca C\u00f3rdoba en el mercado brasile\u00f1o. La Agencia C\u00f3rdoba Turismo tiene un rol protag\u00f3nico en esta misi\u00f3n, articulando acciones estrat\u00e9gicas con el [&hellip;]<\/p>\n","protected":false},"author":1,"featured_media":105012,"comment_status":"closed","ping_status":"closed","sticky":false,"template":"","format":"standard","meta":[],"categories":[19],"tags":[],"_links":{"self":[{"href":"http:\/\/hoycordobaweb.com\/index.php\/wp-json\/wp\/v2\/posts\/105011"}],"collection":[{"href":"http:\/\/hoycordobaweb.com\/index.php\/wp-json\/wp\/v2\/posts"}],"about":[{"href":"http:\/\/hoycordobaweb.com\/index.php\/wp-json\/wp\/v2\/types\/post"}],"author":[{"embeddable":true,"href":"http:\/\/hoycordobaweb.com\/index.php\/wp-json\/wp\/v2\/users\/1"}],"replies":[{"embeddable":true,"href":"http:\/\/hoycordobaweb.com\/index.php\/wp-json\/wp\/v2\/comments?post=105011"}],"version-history":[{"count":0,"href":"http:\/\/hoycordobaweb.com\/index.php\/wp-json\/wp\/v2\/posts\/105011\/revisions"}],"wp:featuredmedia":[{"embeddable":true,"href":"http:\/\/hoycordobaweb.com\/index.php\/wp-json\/wp\/v2\/media\/105012"}],"wp:attachment":[{"href":"http:\/\/hoycordobaweb.com\/index.php\/wp-json\/wp\/v2\/media?parent=105011"}],"wp:term":[{"taxonomy":"category","embeddable":true,"href":"http:\/\/hoycordobaweb.com\/index.php\/wp-json\/wp\/v2\/categories?post=105011"},{"taxonomy":"post_tag","embeddable":true,"href":"http:\/\/hoycordobaweb.com\/index.php\/wp-json\/wp\/v2\/tags?post=105011"}],"curies":[{"name":"wp","href":"https:\/\/api.w.org\/{rel}","templated":true}]}}