{"id":104916,"date":"2025-05-13T11:56:32","date_gmt":"2025-05-13T11:56:32","guid":{"rendered":"https:\/\/cordobaturismo.gov.ar\/?p=897090"},"modified":"2025-05-13T11:56:32","modified_gmt":"2025-05-13T11:56:32","slug":"llega-la-experiencia-endeavor-cordoba","status":"publish","type":"post","link":"http:\/\/hoycordobaweb.com\/index.php\/2025\/05\/13\/llega-la-experiencia-endeavor-cordoba\/","title":{"rendered":"LLEGA LA EXPERIENCIA ENDEAVOR C\u00d3RDOBA"},"content":{"rendered":"<p>El pr\u00f3ximo <strong>14 de mayo<\/strong>, el <strong>Centro de Convenciones C\u00f3rdoba del Complejo Ferial<\/strong> ser\u00e1 sede de una nueva edici\u00f3n de la <strong>Experiencia Endeavor C\u00f3rdoba<\/strong>, uno de los encuentros m\u00e1s relevantes del pa\u00eds para el ecosistema emprendedor. Una jornada de inspiraci\u00f3n, aprendizaje y conexiones estrat\u00e9gicas con referentes del mundo empresarial y tecnol\u00f3gico.<\/p>\n<p>Con un formato \u00e1gil y din\u00e1mico, el evento contar\u00e1 con charlas inspiracionales, workshops, mentor\u00edas, un espacio para pitch de proyectos y reuniones 1 a 1 con empresas e inversores. El objetivo es claro: potenciar ideas, fomentar la innovaci\u00f3n y acompa\u00f1ar el crecimiento de quienes apuestan por emprender.<\/p>\n<p>Entre los principales oradores confirmados se encuentran:<\/p>\n<ul class=\"wp-block-list\">\n<li><strong>Gast\u00f3n Taratuta<\/strong>, fundador y CEO de <strong>Aleph Group<\/strong>, plataforma global de publicidad digital que conecta marcas con consumidores en mercados emergentes.<\/li>\n<li><strong>Mat\u00edas Woloski<\/strong>, cofundador y ex CTO de <strong>Auth0<\/strong>, compa\u00f1\u00eda de ciberseguridad adquirida por Okta por 6.500 millones de d\u00f3lares. Actualmente lidera <strong>Portal Bosque<\/strong>, una fundaci\u00f3n que une educaci\u00f3n, naturaleza y tecnolog\u00eda.<\/li>\n<li><strong>Mart\u00edn Frascaroli<\/strong>, CEO y fundador de <strong>Aivo<\/strong>, empresa pionera en inteligencia artificial conversacional, con m\u00e1s de 700 clientes globales. Promotor del desarrollo tecnol\u00f3gico desde Latinoam\u00e9rica.<\/li>\n<li><strong>Tom\u00e1s Machuca<\/strong>, fundador y CEO de <strong>Fenikks<\/strong>, startup de triple impacto que transforma pl\u00e1stico reciclado en canilleras deportivas y trabaja con clubes de f\u00fatbol y programas sociales.<\/li>\n<li><strong>Ariel Sbdar<\/strong>, CEO y cofundador de <strong>Cocos Capital<\/strong>, la primera fintech argentina que democratiza el acceso a inversiones financieras para peque\u00f1os ahorristas.<\/li>\n<\/ul>\n<p>Tambi\u00e9n se suma <strong>Nacho Viale<\/strong>, productor audiovisual y director general de <strong>StoryLab Argentina<\/strong>, creador de ficciones para Netflix, Flow y Canal 13, y actual productor de los ciclos \u201cLa Noche de Mirtha Legrand\u201d y \u201cAlmorzando con Juana\u201d.<\/p>\n<p>El panel \u201c<strong>Mujeres que lideran<\/strong>\u201d estar\u00e1 integrado por:<\/p>\n<ul class=\"wp-block-list\">\n<li><strong>Ivana Cavigliasso<\/strong>, ingeniera industrial y miembro del directorio de <strong>Prodeman<\/strong>, empresa l\u00edder en exportaci\u00f3n de man\u00ed y alimentos.<\/li>\n<li><strong>Silvina Parra<\/strong>, directora de operaciones en <strong>Familia Parra<\/strong>, firma familiar vinculada a la agroindustria y exportaci\u00f3n.<\/li>\n<li><strong>Patricia Jebsen<\/strong>, asesora de negocios y miembro de directorios de empresas tecnol\u00f3gicas, con experiencia en comercio electr\u00f3nico y transformaci\u00f3n digital.<\/li>\n<\/ul>\n<p>La edici\u00f3n 2025 tambi\u00e9n presenta el panel \u201c<strong>Talento Cordob\u00e9s<\/strong>\u201d, que destacar\u00e1 el recorrido de dos emprendedores locales:<\/p>\n<ul class=\"wp-block-list\">\n<li><strong>Facundo Tabares<\/strong>, cofundador y CFO de <strong>Avedian<\/strong>, compa\u00f1\u00eda que desarrolla soluciones tecnol\u00f3gicas para el agro y la industria.<\/li>\n<li><strong>Yamil Rabbat<\/strong>, CEO y cofundador de <strong>Ed Machina<\/strong>, plataforma de educaci\u00f3n disruptiva que combina inteligencia artificial y contenidos personalizados.<\/li>\n<\/ul>\n<p>Adem\u00e1s, habr\u00e1 <strong>Workshops<\/strong> tem\u00e1ticos para cada etapa del camino emprendedor y <strong>Mentor\u00edas grupales<\/strong> lideradas por expertos de la red Endeavor. El ya cl\u00e1sico \u201c<strong>Club del Pitch<\/strong>\u201d permitir\u00e1 a cuatro emprendedores presentar su proyecto ante un jurado calificado, mientras que en el espacio <strong>Meet de Companies<\/strong>, seleccionados podr\u00e1n concretar reuniones con inversores y referentes del sector empresarial.<\/p>\n<p>La <strong>Experiencia Endeavor C\u00f3rdoba<\/strong> es una propuesta integral para quienes buscan crecer, conectar y transformar. Entradas disponibles en: <a href=\"https:\/\/bit.ly\/3RHTE8A\">https:\/\/bit.ly\/3RHTE8A<\/a><\/p>\n<p><strong>Sobre Endeavor Argentina<\/strong><br \/>Endeavor es la red global de emprendedores de alto impacto que promueve el desarrollo econ\u00f3mico a trav\u00e9s del apoyo a l\u00edderes que transforman industrias y comunidades. En Argentina desde 1998, impulsa la cultura emprendedora con programas y eventos en todo el pa\u00eds.<\/p>\n<figure class=\"wp-block-gallery has-nested-images columns-default is-cropped wp-block-gallery-1 is-layout-flex wp-block-gallery-is-layout-flex\">\n<figure class=\"wp-block-image size-large\"><img loading=\"lazy\" fetchpriority=\"high\" decoding=\"async\" width=\"1024\" height=\"683\" data-id=\"897091\" src=\"http:\/\/hoycordobaweb.com\/wp-content\/uploads\/2025\/05\/llega-la-experiencia-endeavor-cordoba.jpg\" alt class=\"wp-image-897091\" srcset=\"http:\/\/hoycordobaweb.com\/wp-content\/uploads\/2025\/05\/llega-la-experiencia-endeavor-cordoba.jpg 1024w, http:\/\/hoycordobaweb.com\/wp-content\/uploads\/2025\/05\/llega-la-experiencia-endeavor-cordoba-3.jpg 300w, http:\/\/hoycordobaweb.com\/wp-content\/uploads\/2025\/05\/llega-la-experiencia-endeavor-cordoba-4.jpg 768w, http:\/\/hoycordobaweb.com\/wp-content\/uploads\/2025\/05\/llega-la-experiencia-endeavor-cordoba-5.jpg 1536w, http:\/\/hoycordobaweb.com\/wp-content\/uploads\/2025\/05\/llega-la-experiencia-endeavor-cordoba-6.jpg 2048w\" sizes=\"(max-width: 1024px) 100vw, 1024px\"><\/figure>\n<figure class=\"wp-block-image size-large\"><img loading=\"lazy\" decoding=\"async\" width=\"1024\" height=\"683\" data-id=\"897093\" src=\"http:\/\/hoycordobaweb.com\/wp-content\/uploads\/2025\/05\/llega-la-experiencia-endeavor-cordoba-1.jpg\" alt class=\"wp-image-897093\" srcset=\"http:\/\/hoycordobaweb.com\/wp-content\/uploads\/2025\/05\/llega-la-experiencia-endeavor-cordoba-1.jpg 1024w, http:\/\/hoycordobaweb.com\/wp-content\/uploads\/2025\/05\/llega-la-experiencia-endeavor-cordoba-7.jpg 300w, http:\/\/hoycordobaweb.com\/wp-content\/uploads\/2025\/05\/llega-la-experiencia-endeavor-cordoba-8.jpg 768w, http:\/\/hoycordobaweb.com\/wp-content\/uploads\/2025\/05\/llega-la-experiencia-endeavor-cordoba-9.jpg 1536w, http:\/\/hoycordobaweb.com\/wp-content\/uploads\/2025\/05\/llega-la-experiencia-endeavor-cordoba-10.jpg 2048w\" sizes=\"(max-width: 1024px) 100vw, 1024px\"><\/figure>\n<figure class=\"wp-block-image size-large\"><img loading=\"lazy\" decoding=\"async\" width=\"1024\" height=\"683\" data-id=\"897092\" src=\"http:\/\/hoycordobaweb.com\/wp-content\/uploads\/2025\/05\/llega-la-experiencia-endeavor-cordoba-2.jpg\" alt class=\"wp-image-897092\" srcset=\"http:\/\/hoycordobaweb.com\/wp-content\/uploads\/2025\/05\/llega-la-experiencia-endeavor-cordoba-2.jpg 1024w, http:\/\/hoycordobaweb.com\/wp-content\/uploads\/2025\/05\/llega-la-experiencia-endeavor-cordoba-11.jpg 300w, http:\/\/hoycordobaweb.com\/wp-content\/uploads\/2025\/05\/llega-la-experiencia-endeavor-cordoba-12.jpg 768w, http:\/\/hoycordobaweb.com\/wp-content\/uploads\/2025\/05\/llega-la-experiencia-endeavor-cordoba-13.jpg 1536w, http:\/\/hoycordobaweb.com\/wp-content\/uploads\/2025\/05\/llega-la-experiencia-endeavor-cordoba-14.jpg 2048w\" sizes=\"(max-width: 1024px) 100vw, 1024px\"><\/figure>\n<\/figure>\n","protected":false},"excerpt":{"rendered":"<p>El pr\u00f3ximo 14 de mayo, el Centro de Convenciones C\u00f3rdoba del Complejo Ferial ser\u00e1 sede de una nueva edici\u00f3n de la Experiencia Endeavor C\u00f3rdoba, uno de los encuentros m\u00e1s relevantes del pa\u00eds para el ecosistema emprendedor. Una jornada de inspiraci\u00f3n, aprendizaje y conexiones estrat\u00e9gicas con referentes del mundo empresarial y tecnol\u00f3gico. Con un formato \u00e1gil [&hellip;]<\/p>\n","protected":false},"author":1,"featured_media":104917,"comment_status":"closed","ping_status":"closed","sticky":false,"template":"","format":"standard","meta":[],"categories":[19],"tags":[],"_links":{"self":[{"href":"http:\/\/hoycordobaweb.com\/index.php\/wp-json\/wp\/v2\/posts\/104916"}],"collection":[{"href":"http:\/\/hoycordobaweb.com\/index.php\/wp-json\/wp\/v2\/posts"}],"about":[{"href":"http:\/\/hoycordobaweb.com\/index.php\/wp-json\/wp\/v2\/types\/post"}],"author":[{"embeddable":true,"href":"http:\/\/hoycordobaweb.com\/index.php\/wp-json\/wp\/v2\/users\/1"}],"replies":[{"embeddable":true,"href":"http:\/\/hoycordobaweb.com\/index.php\/wp-json\/wp\/v2\/comments?post=104916"}],"version-history":[{"count":0,"href":"http:\/\/hoycordobaweb.com\/index.php\/wp-json\/wp\/v2\/posts\/104916\/revisions"}],"wp:featuredmedia":[{"embeddable":true,"href":"http:\/\/hoycordobaweb.com\/index.php\/wp-json\/wp\/v2\/media\/104917"}],"wp:attachment":[{"href":"http:\/\/hoycordobaweb.com\/index.php\/wp-json\/wp\/v2\/media?parent=104916"}],"wp:term":[{"taxonomy":"category","embeddable":true,"href":"http:\/\/hoycordobaweb.com\/index.php\/wp-json\/wp\/v2\/categories?post=104916"},{"taxonomy":"post_tag","embeddable":true,"href":"http:\/\/hoycordobaweb.com\/index.php\/wp-json\/wp\/v2\/tags?post=104916"}],"curies":[{"name":"wp","href":"https:\/\/api.w.org\/{rel}","templated":true}]}}