{"id":104914,"date":"2025-05-13T09:46:00","date_gmt":"2025-05-13T09:46:00","guid":{"rendered":"http:\/\/hoycordobaweb.com\/index.php\/2025\/05\/13\/cordoba-fadea-anuncio-el-cierre-de-la-planta-por-72-horas-y-los-empleados-temen-por-despidos\/"},"modified":"2025-05-13T09:46:00","modified_gmt":"2025-05-13T09:46:00","slug":"cordoba-fadea-anuncio-el-cierre-de-la-planta-por-72-horas-y-los-empleados-temen-por-despidos","status":"publish","type":"post","link":"http:\/\/hoycordobaweb.com\/index.php\/2025\/05\/13\/cordoba-fadea-anuncio-el-cierre-de-la-planta-por-72-horas-y-los-empleados-temen-por-despidos\/","title":{"rendered":"C\u00f3rdoba: Fadea anunci\u00f3 el cierre de la planta por 72 horas y los empleados temen por despidos"},"content":{"rendered":"<div class=\"media_block\"><\/div>\n<div><img src=\"http:\/\/hoycordobaweb.com\/wp-content\/uploads\/2025\/05\/cordoba-fadea-anuncio-el-cierre-de-la-planta-por-72-horas-y-los-empleados-temen-por-despidos.jpg\" class=\"ff-og-image-inserted\"><\/div>\n<p>La <strong>F\u00e1brica Argentina de Aviones<\/strong> (<strong>FAdeA<\/strong>) dispuso a partir de este lunes el <strong>cierre por 72 horas<\/strong> de la f\u00e1brica <strong>\u00abpara garantizar la seguridad del personal y resguardar y preservar los bienes\u00bb<\/strong> luego de una protesta realizada el pasado viernes en el interior del establecimiento.<\/p>\n<p class=\"destacadoNota\"><a target=\"_blank\" href=\"https:\/\/www.perfil.com\/noticias\/cordoba\/por-la-caida-de-la-clase-media-por-primera-vez-se-abre-el-paicor-en-el-colegio-alejandro-carbo.phtml\" rel=\"noopener noreferrer\">Por \u00abla ca\u00edda de la clase media\u00bb por primera vez se abre el Paicor en el colegio Alejandro Carb\u00f3<\/a><\/p>\n<h2>Comunicado de FAdeA<\/h2>\n<p>\u00abA ra\u00edz de los acontecimientos ocurridos el d\u00eda viernes, y <strong>con el objetivo de garantizar la seguridad del personal, as\u00ed como resguardar y preservar los bienes y sistemas de armas de la Empresa y de nuestros clientes<\/strong>, se ha dispuesto la interrupci\u00f3n temporal de las actividades por un plazo de 72 horas\u00bb, expresa el comunicado de la compa\u00f1\u00eda.<\/p>\n<p>Y luego aclara que \u00ab<strong>esta medida significa una dispensa del d\u00e9bito laboral y no afectar\u00e1 los haberes del personal<\/strong>\u00ab.<\/p>\n<p>\u00abEn paralelo, <strong>se contin\u00faan realizando de manera intensiva las gestiones necesarias para normalizar el pago de haberes y superar la situaci\u00f3n actual<\/strong>\u00ab, concluye el documento.<\/p>\n<p class=\"destacadoNota\"><a target=\"_blank\" href=\"https:\/\/www.perfil.com\/noticias\/cordoba\/crisis-en-georgalos-el-futuro-de-mantecol-toddy-y-palitos-de-la-selva-en-juego-por-falta-de-fondos.phtml\" rel=\"noopener noreferrer\">Crisis en Georgalos: el futuro de Mantecol, Toddy y Palitos de la Selva, en juego por falta de fondos<\/a><\/p>\n<h2>Conflicto salarial<\/h2>\n<p>Marcelo Bertorello, delegado del <strong>Sindicato de Trabajadores Aeron\u00e1uticos (STA)<\/strong>, uno de los tres gremios con representaci\u00f3n en esa compa\u00f1\u00eda cont\u00f3 que \u00ab<strong>el viernes despu\u00e9s de movilizarnos por dentro de FadeA, Julio Manco, nuestro presidente logr\u00f3 destrabar 500 mil pesos fijos para cada uno de nosotros<\/strong>\u00ab.<\/p>\n<p>\u00abNos encontramos anoche con el comunicado de la empresa que cierra por 72 horas aduciendo alg\u00fan problema sindical que puede haber entre los compa\u00f1eros adentro de la f\u00e1brica. No estamos de acuerdo con lo que reza ese comunicado\u00bb, agreg\u00f3 en declaraciones a <em>Mitre C\u00f3rdoba<\/em>.<\/p>\n<p class=\"destacadoNota\"><a target=\"_blank\" href=\"https:\/\/www.perfil.com\/noticias\/cordoba\/unidad-turistica-de-embalse-desmantelada-y-en-situacion-de-abandono.phtml\" rel=\"noopener noreferrer\">Unidad Tur\u00edstica de Embalse: \u00bfdesmantelada y en situaci\u00f3n de abandono?<\/a><\/p>\n<p>Adem\u00e1s asegur\u00f3 que el mi\u00e9rcoles cobraron un 30 por ciento del salario y que el viernes 500 mil pesos fijos. \u00ab<strong>Eso fue un esfuerzo de Julio Manco, el presidente, lo voy a reconocer. Es una plata que entr\u00f3 del proyecto Embraer para materiales y el presidente decidi\u00f3 darle a la gente<\/strong>\u00ab, a\u00f1adi\u00f3 el gremialista.<\/p>\n<p>Al ser consultado sobre si los trabajadores tem\u00edan despidos, Bertorello respondi\u00f3: <strong>\u00abTotalmente. Las cosas viste como empiezan, como con T\u00e9lam, otros ejemplos que tenemos&#8230;\u00bb<\/strong>.<\/p>\n<p>Esta ma\u00f1ana los empleados de FAdeA se manifestaron frente a los portones de la sede de la empresa.<\/p>\n","protected":false},"excerpt":{"rendered":"<p>La F\u00e1brica Argentina de Aviones (FAdeA) dispuso a partir de este lunes el cierre por 72 horas de la f\u00e1brica \u00abpara garantizar la seguridad del personal y resguardar y preservar los bienes\u00bb luego de una protesta realizada el pasado viernes en el interior del establecimiento. Por \u00abla ca\u00edda de la clase media\u00bb por primera vez [&hellip;]<\/p>\n","protected":false},"author":1,"featured_media":104915,"comment_status":"closed","ping_status":"closed","sticky":false,"template":"","format":"standard","meta":[],"categories":[19],"tags":[1324,41,1321,1320,1322,1323,66],"_links":{"self":[{"href":"http:\/\/hoycordobaweb.com\/index.php\/wp-json\/wp\/v2\/posts\/104914"}],"collection":[{"href":"http:\/\/hoycordobaweb.com\/index.php\/wp-json\/wp\/v2\/posts"}],"about":[{"href":"http:\/\/hoycordobaweb.com\/index.php\/wp-json\/wp\/v2\/types\/post"}],"author":[{"embeddable":true,"href":"http:\/\/hoycordobaweb.com\/index.php\/wp-json\/wp\/v2\/users\/1"}],"replies":[{"embeddable":true,"href":"http:\/\/hoycordobaweb.com\/index.php\/wp-json\/wp\/v2\/comments?post=104914"}],"version-history":[{"count":0,"href":"http:\/\/hoycordobaweb.com\/index.php\/wp-json\/wp\/v2\/posts\/104914\/revisions"}],"wp:featuredmedia":[{"embeddable":true,"href":"http:\/\/hoycordobaweb.com\/index.php\/wp-json\/wp\/v2\/media\/104915"}],"wp:attachment":[{"href":"http:\/\/hoycordobaweb.com\/index.php\/wp-json\/wp\/v2\/media?parent=104914"}],"wp:term":[{"taxonomy":"category","embeddable":true,"href":"http:\/\/hoycordobaweb.com\/index.php\/wp-json\/wp\/v2\/categories?post=104914"},{"taxonomy":"post_tag","embeddable":true,"href":"http:\/\/hoycordobaweb.com\/index.php\/wp-json\/wp\/v2\/tags?post=104914"}],"curies":[{"name":"wp","href":"https:\/\/api.w.org\/{rel}","templated":true}]}}