{"id":104910,"date":"2025-05-13T08:00:04","date_gmt":"2025-05-13T08:00:04","guid":{"rendered":"https:\/\/www.trendencias.com\/tendencias\/vuelven-zuecos-madera-cinco-ideas-para-combinar-zapato-boho-momento"},"modified":"2025-05-13T08:00:04","modified_gmt":"2025-05-13T08:00:04","slug":"vuelven-los-zuecos-de-madera-cinco-ideas-para-combinar-el-zapato-boho-del-momento","status":"publish","type":"post","link":"http:\/\/hoycordobaweb.com\/index.php\/2025\/05\/13\/vuelven-los-zuecos-de-madera-cinco-ideas-para-combinar-el-zapato-boho-del-momento\/","title":{"rendered":"Vuelven los zuecos de madera: cinco ideas para combinar el zapato boho del momento"},"content":{"rendered":"<p>El boho-chic ha irrumpido con tanta fuerza esta temporada que parece que ya no concebimos nuestro armario c\u00e1psula sin una blusa rom\u00e1ntica, una falda de volantes o unos botines estilo <em>cowboy<\/em>. Como muchas nos negamos a calzarnos unas botas altas en los meses los meses de verano, los zuecos de madera se han ido poco a poco convirtiendo en el sustituto perfecto. Una opci\u00f3n s\u00faper fresquita para <strong>sumarnos a la tendencia del momento, pero sin pasar calor<\/strong>, \u00bflo mejor?, que est\u00e1 arrasando en el<em> street style.<\/em><\/p>\n<p><!-- BREAK 1 --> <\/p>\n<div class=\"article-asset-image article-asset-normal article-asset-center\">\n<div class=\"asset-content\">\n<div class=\"caption-img \"> <img class=\"centro_sinmarco\" height=\"1980\" width=\"1320\" loading=\"lazy\" decoding=\"async\" sizes=\"100vw\" fetchpriority=\"high\" srcset=\"http:\/\/hoycordobaweb.com\/wp-content\/uploads\/2025\/05\/vuelven-los-zuecos-de-madera-cinco-ideas-para-combinar-el-zapato-boho-del-momento.jpg 450w, http:\/\/hoycordobaweb.com\/wp-content\/uploads\/2025\/05\/vuelven-los-zuecos-de-madera-cinco-ideas-para-combinar-el-zapato-boho-del-momento-6.jpg 681w, http:\/\/hoycordobaweb.com\/wp-content\/uploads\/2025\/05\/vuelven-los-zuecos-de-madera-cinco-ideas-para-combinar-el-zapato-boho-del-momento-7.jpg 1024w, http:\/\/hoycordobaweb.com\/wp-content\/uploads\/2025\/05\/vuelven-los-zuecos-de-madera-cinco-ideas-para-combinar-el-zapato-boho-del-momento-8.jpg 1366w\" src=\"http:\/\/hoycordobaweb.com\/wp-content\/uploads\/2025\/05\/vuelven-los-zuecos-de-madera-cinco-ideas-para-combinar-el-zapato-boho-del-momento.jpg\" alt=\"Launchmetrics\"> <noscript><img alt=\"Launchmetrics\" class=\"centro_sinmarco\" src=\"http:\/\/hoycordobaweb.com\/wp-content\/uploads\/2025\/05\/vuelven-los-zuecos-de-madera-cinco-ideas-para-combinar-el-zapato-boho-del-momento.jpg\"><\/noscript> <span>Launchmetrics<\/span> <\/div><\/div>\n<\/div>\n<p>Seguro que hace a\u00f1os contabas con un par de estos zuecos en tu zapatero. Si a\u00fan los guardas y est\u00e1n en buen estado, has de saberlo, tienes un tesoro entre manos; si no, siempre puedes tomar nota de las propuestas que ofrecen las tiendas esta primavera-verano. Nosotras hemos hecho lo propio y nos hemos encontrado con aut\u00e9nticas joyas. Aqu\u00ed te dejamos<strong> cinco opciones perfectas para darle un aire m\u00e1s <\/strong><em><strong>hippie<\/strong><\/em><strong> a tus <\/strong><em><strong>looks<\/strong><\/em><strong> estivales.<\/strong><\/p>\n<p><!-- BREAK 2 --><\/p>\n<h2>Con tac\u00f3n c\u00f3modo<\/h2>\n<p>Perfectos para elevar un poco tus <em>outfits<\/em>, literalmente. <a rel=\"noopener, noreferrer\" href=\"https:\/\/www.stradivarius.com\/es\/zuecos-tachas-piel-l19164570?colorId=100&amp;gclsrc=aw.ds&amp;gad_source=1&amp;gad_campaignid=15240400287&amp;gbraid=0AAAAADjHRTHAJn8kzUXXDj2BNW1qBfiR6&amp;gclid=CjwKCAjwz_bABhAGEiwAm-P8YZONO0Y3Jrgmy9bVDBL4b3e1cMCyf25TfauHHIegdNvwOj-TH-vQdBoCBS4QAvD_BwE\">Estos de Stradivarius<\/a> nos parecen un acierto para sumarte un par de cent\u00edmetros y combinarlos con un vestido fluido y vaporoso. Si quieres seguir a\u00fan m\u00e1s esa l\u00ednea<em> boho-chic<\/em>, apuesta siempre por llevarlos junto a tonos ocres o un blanco ibicenco.<\/p>\n<p><!-- BREAK 3 --> <\/p>\n<div class=\"article-asset-image article-asset-normal article-asset-center\">\n<div class=\"asset-content\">\n<div class=\"caption-img \"> <a rel=\"noopener, noreferrer\" href=\"https:\/\/www.stradivarius.com\/es\/zuecos-tachas-piel-l19164570?colorId=100&amp;gclsrc=aw.ds&amp;gad_source=1&amp;gad_campaignid=15240400287&amp;gbraid=0AAAAADjHRTHAJn8kzUXXDj2BNW1qBfiR6&amp;gclid=CjwKCAjwz_bABhAGEiwAm-P8YZONO0Y3Jrgmy9bVDBL4b3e1cMCyf25TfauHHIegdNvwOj-TH-vQdBoCBS4QAvD_BwE\"> <img class=\"centro_sinmarco\" height=\"2600\" width=\"1800\" loading=\"lazy\" decoding=\"async\" sizes=\"100vw\" fetchpriority=\"high\" srcset=\"http:\/\/hoycordobaweb.com\/wp-content\/uploads\/2025\/05\/vuelven-los-zuecos-de-madera-cinco-ideas-para-combinar-el-zapato-boho-del-momento-1.jpg 450w, http:\/\/hoycordobaweb.com\/wp-content\/uploads\/2025\/05\/vuelven-los-zuecos-de-madera-cinco-ideas-para-combinar-el-zapato-boho-del-momento-9.jpg 681w, http:\/\/hoycordobaweb.com\/wp-content\/uploads\/2025\/05\/vuelven-los-zuecos-de-madera-cinco-ideas-para-combinar-el-zapato-boho-del-momento-10.jpg 1024w, http:\/\/hoycordobaweb.com\/wp-content\/uploads\/2025\/05\/vuelven-los-zuecos-de-madera-cinco-ideas-para-combinar-el-zapato-boho-del-momento-11.jpg 1366w\" src=\"http:\/\/hoycordobaweb.com\/wp-content\/uploads\/2025\/05\/vuelven-los-zuecos-de-madera-cinco-ideas-para-combinar-el-zapato-boho-del-momento-1.jpg\" alt=\"zuecos\"> <noscript><img alt=\"zuecos\" class=\"centro_sinmarco\" src=\"http:\/\/hoycordobaweb.com\/wp-content\/uploads\/2025\/05\/vuelven-los-zuecos-de-madera-cinco-ideas-para-combinar-el-zapato-boho-del-momento-1.jpg\"><\/noscript> <\/a> <span>Zuecos Stradivarius<\/span> <\/div><\/div>\n<\/div>\n<h2><em>Cow girl style<\/em><\/h2>\n<p>En nuestra selecci\u00f3n no puede faltar uno de los estampados del momento: el de vaca. <a rel=\"nofollow, sponsored, noopener, noreferrer noopener\" target=\"_blank\" class=\"js-ecommerce\" id=\"link-ecommerce-1\" href=\"https:\/\/www.trendencias.com\/redirect?url=https%3A%2F%2Fwww.massimodutti.com%2Fes%2Fzueco-pelo-animal-print-l11598550%3FcS%3D202%26utm_campaign%3DMD_PER_NEWIN_GADS_ES_SHOPPING_MIX_WEB_WOMAN%26gad_source%3D1%26gad_campaignid%3D14720845848%26gbraid%3D0AAAAADlcJ6R4j7QgPxaCC2080gN1HJFqe%26gclid%3DCjwKCAjwz_bABhAGEiwAm-P8YZC2BqveYw9_P1Yt3QniyoyxX334M4E2lX6V625rEG_vlYHtsTHN8xoCoQ4QAvD_BwE&amp;category=tendencias&amp;ecomPostExpiration=everlasting&amp;postId=643026\" data-vars-affiliate-url=\"https:\/\/www.massimodutti.com\/es\/zueco-pelo-animal-print-l11598550?cS=202&amp;utm_campaign=MD_PER_NEWIN_GADS_ES_SHOPPING_MIX_WEB_WOMAN&amp;gad_source=1&amp;gad_campaignid=14720845848&amp;gbraid=0AAAAADlcJ6R4j7QgPxaCC2080gN1HJFqe&amp;gclid=CjwKCAjwz_bABhAGEiwAm-P8YZC2BqveYw9_P1Yt3QniyoyxX334M4E2lX6V625rEG_vlYHtsTHN8xoCoQ4QAvD_BwE\">Massimo Dutti tiene una opci\u00f3n perfecta<\/a> para las m\u00e1s atrevidas en cuanto a tendencias, las modernas que siempre se suman a la \u00faltima moda. Desde luego es un <em>must<\/em> para llevar con faldas de volantes, pero, \u00bfc\u00f3mo quedan de bien junto a unos <em>jeans<\/em> acampanados? Adem\u00e1s, est\u00e1n confeccionado en<strong> 100% piel caprina.<\/strong><\/p>\n<p><!-- BREAK 4 --><\/p>\n<div class=\"article-asset-image article-asset-normal article-asset-center\">\n<div class=\"asset-content\">\n<div class=\"caption-img \"> <a rel=\"nofollow, sponsored, noopener, noreferrer noopener\" target=\"_blank\" class=\"js-ecommerce\" id=\"link-ecommerce-2\" href=\"https:\/\/www.trendencias.com\/redirect?url=https%3A%2F%2Fwww.massimodutti.com%2Fes%2Fzueco-pelo-animal-print-l11598550%3FcS%3D202%26utm_campaign%3DMD_PER_NEWIN_GADS_ES_SHOPPING_MIX_WEB_WOMAN%26gad_source%3D1%26gad_campaignid%3D14720845848%26gbraid%3D0AAAAADlcJ6R4j7QgPxaCC2080gN1HJFqe%26gclid%3DCjwKCAjwz_bABhAGEiwAm-P8YTOVfkrcr_kUJ-nOgWTPKOsO_UT_G1BymerrgfACra1An4bagTnAqhoCYpAQAvD_BwE&amp;category=tendencias&amp;ecomPostExpiration=everlasting&amp;postId=643026\" data-vars-affiliate-url=\"https:\/\/www.massimodutti.com\/es\/zueco-pelo-animal-print-l11598550?cS=202&amp;utm_campaign=MD_PER_NEWIN_GADS_ES_SHOPPING_MIX_WEB_WOMAN&amp;gad_source=1&amp;gad_campaignid=14720845848&amp;gbraid=0AAAAADlcJ6R4j7QgPxaCC2080gN1HJFqe&amp;gclid=CjwKCAjwz_bABhAGEiwAm-P8YTOVfkrcr_kUJ-nOgWTPKOsO_UT_G1BymerrgfACra1An4bagTnAqhoCYpAQAvD_BwE\"> <img class=\"centro_sinmarco\" height=\"1920\" width=\"1440\" loading=\"lazy\" decoding=\"async\" sizes=\"100vw\" fetchpriority=\"high\" srcset=\"http:\/\/hoycordobaweb.com\/wp-content\/uploads\/2025\/05\/vuelven-los-zuecos-de-madera-cinco-ideas-para-combinar-el-zapato-boho-del-momento-2.jpg 450w, http:\/\/hoycordobaweb.com\/wp-content\/uploads\/2025\/05\/vuelven-los-zuecos-de-madera-cinco-ideas-para-combinar-el-zapato-boho-del-momento-12.jpg 681w, http:\/\/hoycordobaweb.com\/wp-content\/uploads\/2025\/05\/vuelven-los-zuecos-de-madera-cinco-ideas-para-combinar-el-zapato-boho-del-momento-13.jpg 1024w, http:\/\/hoycordobaweb.com\/wp-content\/uploads\/2025\/05\/vuelven-los-zuecos-de-madera-cinco-ideas-para-combinar-el-zapato-boho-del-momento-14.jpg 1366w\" src=\"http:\/\/hoycordobaweb.com\/wp-content\/uploads\/2025\/05\/vuelven-los-zuecos-de-madera-cinco-ideas-para-combinar-el-zapato-boho-del-momento-2.jpg\" alt=\"zueco\"> <noscript><img alt=\"zueco\" class=\"centro_sinmarco\" src=\"http:\/\/hoycordobaweb.com\/wp-content\/uploads\/2025\/05\/vuelven-los-zuecos-de-madera-cinco-ideas-para-combinar-el-zapato-boho-del-momento-2.jpg\"><\/noscript> <\/a> <span>Zuecos Massimo Dutti<\/span> <\/div><\/div>\n<\/div>\n<h2>Bot\u00edn parece, zueco es<\/h2>\n<p>Al m\u00e1s puro estilo de unas botas <em>cowboy,<\/em> pero con el dise\u00f1o descalzo de un zueco. <a rel=\"noopener, noreferrer\" href=\"https:\/\/www.pullandbear.com\/es\/zuecos-cowboy-piel-l11501540?cS=100&amp;utm_source=google&amp;utm_medium=cpc&amp;utm_campaign=PB_PER_GADS_ES_PMAX_GENERIC_MIX_UNISEX&amp;gad_source=1&amp;gad_campaignid=21323559249&amp;gbraid=0AAAAADhGWScK62u4gwCdQIAENfPRmBxXQ&amp;gclid=CjwKCAjwz_bABhAGEiwAm-P8YSMBo9QoCjqBs5xsDZU-JFqDQWEgPJb5G7MtFHE9TCBtuazxz3SUsRoCxtIQAvD_BwE&amp;gclsrc=aw.ds\">Esta propuesta de Pull &amp; Bear<\/a> no nos puede gustar m\u00e1s. Justo lo que buscamos las que queremos calzarnos unos botines, pero nos negamos a pasar calor. Esta opci\u00f3n, adem\u00e1s de ser s\u00faper <em>trendy,<\/em> es todo un acierto con faldas cortas, a poder ser de globo, sum\u00e1ndonos a otra tendencia de esta temporada.<\/p>\n<p><!-- BREAK 5 --><\/p>\n<div class=\"article-asset-image article-asset-normal article-asset-center\">\n<div class=\"asset-content\">\n<div class=\"caption-img \"> <a rel=\"noopener, noreferrer\" href=\"https:\/\/www.pullandbear.com\/es\/zuecos-cowboy-piel-l11501540?cS=100&amp;utm_source=google&amp;utm_medium=cpc&amp;utm_campaign=PB_PER_GADS_ES_PMAX_GENERIC_MIX_UNISEX&amp;gad_source=1&amp;gad_campaignid=21323559249&amp;gbraid=0AAAAADhGWScK62u4gwCdQIAENfPRmBxXQ&amp;gclid=CjwKCAjwz_bABhAGEiwAm-P8YSMBo9QoCjqBs5xsDZU-JFqDQWEgPJb5G7MtFHE9TCBtuazxz3SUsRoCxtIQAvD_BwE&amp;gclsrc=aw.ds\"> <img class=\"centro_sinmarco\" height=\"1688\" width=\"1125\" loading=\"lazy\" decoding=\"async\" sizes=\"100vw\" fetchpriority=\"high\" srcset=\"http:\/\/hoycordobaweb.com\/wp-content\/uploads\/2025\/05\/vuelven-los-zuecos-de-madera-cinco-ideas-para-combinar-el-zapato-boho-del-momento.png 450w, http:\/\/hoycordobaweb.com\/wp-content\/uploads\/2025\/05\/vuelven-los-zuecos-de-madera-cinco-ideas-para-combinar-el-zapato-boho-del-momento-1.png 681w, http:\/\/hoycordobaweb.com\/wp-content\/uploads\/2025\/05\/vuelven-los-zuecos-de-madera-cinco-ideas-para-combinar-el-zapato-boho-del-momento-2.png 1024w, http:\/\/hoycordobaweb.com\/wp-content\/uploads\/2025\/05\/vuelven-los-zuecos-de-madera-cinco-ideas-para-combinar-el-zapato-boho-del-momento-3.png 1366w\" src=\"http:\/\/hoycordobaweb.com\/wp-content\/uploads\/2025\/05\/vuelven-los-zuecos-de-madera-cinco-ideas-para-combinar-el-zapato-boho-del-momento.png\" alt=\"zuecos\"> <noscript><img alt=\"zuecos\" class=\"centro_sinmarco\" src=\"http:\/\/hoycordobaweb.com\/wp-content\/uploads\/2025\/05\/vuelven-los-zuecos-de-madera-cinco-ideas-para-combinar-el-zapato-boho-del-momento.png\"><\/noscript> <\/a> <span>Zuecos Pull &amp; Bear<\/span> <\/div><\/div>\n<\/div>\n<h2>Para las chicas m\u00e1s cl\u00e1sicas<\/h2>\n<p>Las amantes de los <em>looks<\/em> b\u00e1sicos tambi\u00e9n pod\u00e9is incluir los zuecos en vuestra lista de deseos para esta primavera-verano, especialmente si se trata de uno como estos en negro de piel de serraje de <a rel=\"nofollow, sponsored, noopener, noreferrer noopener\" target=\"_blank\" class=\"js-ecommerce\" id=\"link-ecommerce-3\" href=\"https:\/\/www.trendencias.com\/redirect?url=https%3A%2F%2Fwww.massimodutti.com%2Fes%2Fzueco-serraje-l11597550%3FcS%3D800%26utm_campaign%3DMD_PER_NEWIN_GADS_ES_SHOPPING_MIX_WEB_WOMAN%26gad_source%3D1%26gad_campaignid%3D14720845848%26gbraid%3D0AAAAADlcJ6R4j7QgPxaCC2080gN1HJFqe%26gclid%3DCjwKCAjwz_bABhAGEiwAm-P8YR6ARNkjCrOsugo5ET7AnLv8v8M6FSRJrDLiZaRA9f1Cx2_52kyJTRoCdU4QAvD_BwE&amp;category=tendencias&amp;ecomPostExpiration=everlasting&amp;postId=643026\" data-vars-affiliate-url=\"https:\/\/www.massimodutti.com\/es\/zueco-serraje-l11597550?cS=800&amp;utm_campaign=MD_PER_NEWIN_GADS_ES_SHOPPING_MIX_WEB_WOMAN&amp;gad_source=1&amp;gad_campaignid=14720845848&amp;gbraid=0AAAAADlcJ6R4j7QgPxaCC2080gN1HJFqe&amp;gclid=CjwKCAjwz_bABhAGEiwAm-P8YR6ARNkjCrOsugo5ET7AnLv8v8M6FSRJrDLiZaRA9f1Cx2_52kyJTRoCdU4QAvD_BwE\">Massimo Dutti.<\/a> Un fondo de armario donde los haya que nos encanta para llevar con faldas largas vaqueras y chalecos de <strong>crochet.<\/strong><\/p>\n<p><!-- BREAK 6 --> <\/p>\n<div class=\"article-asset-image article-asset-normal article-asset-center\">\n<div class=\"asset-content\">\n<div class=\"caption-img \"> <a rel=\"nofollow, sponsored, noopener, noreferrer noopener\" target=\"_blank\" class=\"js-ecommerce\" id=\"link-ecommerce-4\" href=\"https:\/\/www.trendencias.com\/redirect?url=https%3A%2F%2Fwww.massimodutti.com%2Fes%2Fzueco-serraje-l11597550%3FcS%3D800%26utm_campaign%3DMD_PER_NEWIN_GADS_ES_SHOPPING_MIX_WEB_WOMAN%26gad_source%3D1%26gad_campaignid%3D14720845848%26gbraid%3D0AAAAADlcJ6R4j7QgPxaCC2080gN1HJFqe%26gclid%3DCjwKCAjwz_bABhAGEiwAm-P8YR6ARNkjCrOsugo5ET7AnLv8v8M6FSRJrDLiZaRA9f1Cx2_52kyJTRoCdU4QAvD_BwE&amp;category=tendencias&amp;ecomPostExpiration=everlasting&amp;postId=643026\" data-vars-affiliate-url=\"https:\/\/www.massimodutti.com\/es\/zueco-serraje-l11597550?cS=800&amp;utm_campaign=MD_PER_NEWIN_GADS_ES_SHOPPING_MIX_WEB_WOMAN&amp;gad_source=1&amp;gad_campaignid=14720845848&amp;gbraid=0AAAAADlcJ6R4j7QgPxaCC2080gN1HJFqe&amp;gclid=CjwKCAjwz_bABhAGEiwAm-P8YR6ARNkjCrOsugo5ET7AnLv8v8M6FSRJrDLiZaRA9f1Cx2_52kyJTRoCdU4QAvD_BwE\"> <img class=\"centro_sinmarco\" height=\"1920\" width=\"1440\" loading=\"lazy\" decoding=\"async\" sizes=\"100vw\" fetchpriority=\"high\" srcset=\"http:\/\/hoycordobaweb.com\/wp-content\/uploads\/2025\/05\/vuelven-los-zuecos-de-madera-cinco-ideas-para-combinar-el-zapato-boho-del-momento-3.jpg 450w, http:\/\/hoycordobaweb.com\/wp-content\/uploads\/2025\/05\/vuelven-los-zuecos-de-madera-cinco-ideas-para-combinar-el-zapato-boho-del-momento-15.jpg 681w, http:\/\/hoycordobaweb.com\/wp-content\/uploads\/2025\/05\/vuelven-los-zuecos-de-madera-cinco-ideas-para-combinar-el-zapato-boho-del-momento-16.jpg 1024w, http:\/\/hoycordobaweb.com\/wp-content\/uploads\/2025\/05\/vuelven-los-zuecos-de-madera-cinco-ideas-para-combinar-el-zapato-boho-del-momento-17.jpg 1366w\" src=\"http:\/\/hoycordobaweb.com\/wp-content\/uploads\/2025\/05\/vuelven-los-zuecos-de-madera-cinco-ideas-para-combinar-el-zapato-boho-del-momento-3.jpg\" alt=\"zueco\"> <noscript><img alt=\"zueco\" class=\"centro_sinmarco\" src=\"http:\/\/hoycordobaweb.com\/wp-content\/uploads\/2025\/05\/vuelven-los-zuecos-de-madera-cinco-ideas-para-combinar-el-zapato-boho-del-momento-3.jpg\"><\/noscript> <\/a> <span>Zueco Massimo Dutti negro<\/span> <\/div><\/div>\n<\/div>\n<h2>De ante marr\u00f3n: las m\u00e1s autenticas<\/h2>\n<p>De color tostado y ante, unos de nuestros claros favoritos son <a rel=\"nofollow, sponsored, noopener, noreferrer noopener\" target=\"_blank\" class=\"js-ecommerce\" id=\"link-ecommerce-5\" href=\"https:\/\/www.trendencias.com\/redirect?url=https%3A%2F%2Fwww.asos.com%2Fes%2Fasos-design%2Fzuecos-color-tostado-de-ante-con-puntera-cerrada-y-tachuelas-miles-de-asos-design%2Fprd%2F207936182%3Fchannelref%3Dpaid%2Bsearch%26affid%3D29328%26utm_source%3Dgoogle%26utm_medium%3Dcpc%26utm_campaign%3D21179117891%26utm_content%3D%26utm_term%3D%26gad_source%3D1%26gad_campaignid%3D21182544451%26gbraid%3D0AAAAADqFjOCdaGDL8rIp01okYCZ-x_p8h%26gclid%3DCjwKCAjwz_bABhAGEiwAm-P8YZzqy9W7Vnsn0Pf63up_cn03MqT8-KrEHyeJGQ6FwRaRJh3Up5aSfRoCbGEQAvD_BwE%26gclsrc%3Daw.ds&amp;category=tendencias&amp;ecomPostExpiration=everlasting&amp;postId=643026\" data-vars-affiliate-url=\"https:\/\/www.asos.com\/es\/asos-design\/zuecos-color-tostado-de-ante-con-puntera-cerrada-y-tachuelas-miles-de-asos-design\/prd\/207936182?channelref=paid+search&amp;affid=29328&amp;utm_source=google&amp;utm_medium=cpc&amp;utm_campaign=21179117891&amp;utm_content=&amp;utm_term=&amp;gad_source=1&amp;gad_campaignid=21182544451&amp;gbraid=0AAAAADqFjOCdaGDL8rIp01okYCZ-x_p8h&amp;gclid=CjwKCAjwz_bABhAGEiwAm-P8YZzqy9W7Vnsn0Pf63up_cn03MqT8-KrEHyeJGQ6FwRaRJh3Up5aSfRoCbGEQAvD_BwE&amp;gclsrc=aw.ds\">estos de Asos<\/a>, que pueden acompa\u00f1arte tanto a la oficina con unos <em>jeans<\/em> y una blusa de volantes, as\u00ed como unas vacaciones cerca del mar siendo tu fiel aliada para hacer <em>match<\/em> con vestidos largos de punto, pendientes XL y bolsos de rafia.<\/p>\n<p><!-- BREAK 7 --><\/p>\n<div class=\"article-asset-image article-asset-normal article-asset-center\">\n<div class=\"asset-content\">\n<div class=\"caption-img \"> <a rel=\"nofollow, sponsored, noopener, noreferrer noopener\" target=\"_blank\" class=\"js-ecommerce\" id=\"link-ecommerce-6\" href=\"https:\/\/www.trendencias.com\/redirect?url=https%3A%2F%2Fwww.asos.com%2Fes%2Fasos-design%2Fzuecos-color-tostado-de-ante-con-puntera-cerrada-y-tachuelas-miles-de-asos-design%2Fprd%2F207936182%3Fchannelref%3Dpaid%2Bsearch%26affid%3D29328%26utm_source%3Dgoogle%26utm_medium%3Dcpc%26utm_campaign%3D21179117891%26utm_content%3D%26utm_term%3D%26gad_source%3D1%26gad_campaignid%3D21182544451%26gbraid%3D0AAAAADqFjOCdaGDL8rIp01okYCZ-x_p8h%26gclid%3DCjwKCAjwz_bABhAGEiwAm-P8YZzqy9W7Vnsn0Pf63up_cn03MqT8-KrEHyeJGQ6FwRaRJh3Up5aSfRoCbGEQAvD_BwE%26gclsrc%3Daw.ds&amp;category=tendencias&amp;ecomPostExpiration=everlasting&amp;postId=643026\" data-vars-affiliate-url=\"https:\/\/www.asos.com\/es\/asos-design\/zuecos-color-tostado-de-ante-con-puntera-cerrada-y-tachuelas-miles-de-asos-design\/prd\/207936182?channelref=paid+search&amp;affid=29328&amp;utm_source=google&amp;utm_medium=cpc&amp;utm_campaign=21179117891&amp;utm_content=&amp;utm_term=&amp;gad_source=1&amp;gad_campaignid=21182544451&amp;gbraid=0AAAAADqFjOCdaGDL8rIp01okYCZ-x_p8h&amp;gclid=CjwKCAjwz_bABhAGEiwAm-P8YZzqy9W7Vnsn0Pf63up_cn03MqT8-KrEHyeJGQ6FwRaRJh3Up5aSfRoCbGEQAvD_BwE&amp;gclsrc=aw.ds\"> <img class=\"centro_sinmarco\" height=\"1683\" width=\"1420\" loading=\"lazy\" decoding=\"async\" sizes=\"100vw\" fetchpriority=\"high\" srcset=\"http:\/\/hoycordobaweb.com\/wp-content\/uploads\/2025\/05\/vuelven-los-zuecos-de-madera-cinco-ideas-para-combinar-el-zapato-boho-del-momento-4.jpg 450w, http:\/\/hoycordobaweb.com\/wp-content\/uploads\/2025\/05\/vuelven-los-zuecos-de-madera-cinco-ideas-para-combinar-el-zapato-boho-del-momento-18.jpg 681w, http:\/\/hoycordobaweb.com\/wp-content\/uploads\/2025\/05\/vuelven-los-zuecos-de-madera-cinco-ideas-para-combinar-el-zapato-boho-del-momento-19.jpg 1024w, http:\/\/hoycordobaweb.com\/wp-content\/uploads\/2025\/05\/vuelven-los-zuecos-de-madera-cinco-ideas-para-combinar-el-zapato-boho-del-momento-20.jpg 1366w\" src=\"http:\/\/hoycordobaweb.com\/wp-content\/uploads\/2025\/05\/vuelven-los-zuecos-de-madera-cinco-ideas-para-combinar-el-zapato-boho-del-momento-4.jpg\" alt=\"Imagen 9 5 25 A Las 18 51\"> <noscript><img alt=\"Imagen 9 5 25 A Las 18 51\" class=\"centro_sinmarco\" src=\"http:\/\/hoycordobaweb.com\/wp-content\/uploads\/2025\/05\/vuelven-los-zuecos-de-madera-cinco-ideas-para-combinar-el-zapato-boho-del-momento-4.jpg\"><\/noscript> <\/a> <span>Zuecos antes Asos<\/span> <\/div><\/div>\n<\/div>\n<p>Sin duda, estamos s\u00faper <em>in<\/em> con la vuelta de los zuecos, porque adem\u00e1s de ser c\u00f3modos y super ponibles son piezas que transforman un <em>look<\/em> y le dan un aire m\u00e1s hippy que no nos puede gustan m\u00e1s, especialmente en los meses de verano.&nbsp;<\/p>\n<p><!-- BREAK 8 --><\/p>\n<p>Fotos | @<a rel=\"noopener, noreferrer\" href=\"https:\/\/www.instagram.com\/saracarbonero\/?e=2a809f52-9c77-4eed-ae7f-6c77a93cb3ad&amp;g=5\">saracarbonero<\/a><\/p>\n<p>En Trendencias | <a class=\"text-outboundlink\" href=\"https:\/\/www.trendencias.com\/propuestas-y-consejos\/cinco-botas-que-tendencia-este-otono-invierno-2022-2023-mosqueteras-impermeables-chanel-a-shark-lock-givenchy\" data-vars-post-title=\"Trece botas que son tendencia este 2025: de las blancas setenteras a las doradas y plateadas m\u00e1s glamourosas\" data-vars-post-url=\"https:\/\/www.trendencias.com\/propuestas-y-consejos\/cinco-botas-que-tendencia-este-otono-invierno-2022-2023-mosqueteras-impermeables-chanel-a-shark-lock-givenchy\">Trece botas que son tendencia este 2025: de las blancas setenteras a las doradas y plateadas m\u00e1s glamourosas<\/a>.<\/p>\n","protected":false},"excerpt":{"rendered":"<p>El boho-chic ha irrumpido con tanta fuerza esta temporada que parece que ya no concebimos nuestro armario c\u00e1psula sin una blusa rom\u00e1ntica, una falda de volantes o unos botines estilo cowboy. Como muchas nos negamos a calzarnos unas botas altas en los meses los meses de verano, los zuecos de madera se han ido poco [&hellip;]<\/p>\n","protected":false},"author":1,"featured_media":104911,"comment_status":"closed","ping_status":"closed","sticky":false,"template":"","format":"standard","meta":[],"categories":[],"tags":[],"_links":{"self":[{"href":"http:\/\/hoycordobaweb.com\/index.php\/wp-json\/wp\/v2\/posts\/104910"}],"collection":[{"href":"http:\/\/hoycordobaweb.com\/index.php\/wp-json\/wp\/v2\/posts"}],"about":[{"href":"http:\/\/hoycordobaweb.com\/index.php\/wp-json\/wp\/v2\/types\/post"}],"author":[{"embeddable":true,"href":"http:\/\/hoycordobaweb.com\/index.php\/wp-json\/wp\/v2\/users\/1"}],"replies":[{"embeddable":true,"href":"http:\/\/hoycordobaweb.com\/index.php\/wp-json\/wp\/v2\/comments?post=104910"}],"version-history":[{"count":0,"href":"http:\/\/hoycordobaweb.com\/index.php\/wp-json\/wp\/v2\/posts\/104910\/revisions"}],"wp:featuredmedia":[{"embeddable":true,"href":"http:\/\/hoycordobaweb.com\/index.php\/wp-json\/wp\/v2\/media\/104911"}],"wp:attachment":[{"href":"http:\/\/hoycordobaweb.com\/index.php\/wp-json\/wp\/v2\/media?parent=104910"}],"wp:term":[{"taxonomy":"category","embeddable":true,"href":"http:\/\/hoycordobaweb.com\/index.php\/wp-json\/wp\/v2\/categories?post=104910"},{"taxonomy":"post_tag","embeddable":true,"href":"http:\/\/hoycordobaweb.com\/index.php\/wp-json\/wp\/v2\/tags?post=104910"}],"curies":[{"name":"wp","href":"https:\/\/api.w.org\/{rel}","templated":true}]}}