{"id":104908,"date":"2025-05-13T08:30:04","date_gmt":"2025-05-13T08:30:04","guid":{"rendered":"https:\/\/www.trendencias.com\/shopping\/lefties-tiene-vestido-perfecto-que-une-estilo-romantico-boho-chic-este-verano"},"modified":"2025-05-13T08:30:04","modified_gmt":"2025-05-13T08:30:04","slug":"lefties-tiene-el-vestido-perfecto-que-une-el-estilo-romantico-y-el-boho-chic-este-verano","status":"publish","type":"post","link":"http:\/\/hoycordobaweb.com\/index.php\/2025\/05\/13\/lefties-tiene-el-vestido-perfecto-que-une-el-estilo-romantico-y-el-boho-chic-este-verano\/","title":{"rendered":"Lefties tiene el vestido perfecto que une el estilo rom\u00e1ntico y el boho chic este verano"},"content":{"rendered":"<p>El Mocha Mousse ya adelantaba que <strong>el marr\u00f3n iba a tener protagonismo en nuestro armario<\/strong>, en todas sus versiones. Es uno de los colores que m\u00e1s utilizo en mis <em>looks<\/em> y este vestido de Lefties es una prueba de ello. No lo tengo, pero me encantar\u00eda porque me parece una opci\u00f3n acertada para elevar cualquier <em>outfit<\/em> diario de estilo <em>boho-chic<\/em>. Pertenece a la nueva colecci\u00f3n y es s\u00faper fresquito.<\/p>\n<p><!-- BREAK 1 --> <!-- PIVOT START --><\/p>\n<div class=\"pivot-ecommerce-container m-pivot-ecommerce-redesign article-asset-normal article-asset-center\" readability=\"23.779816513761\">\n<div class=\"pivot-ecommerce\">\n<div class=\"pivot-ecommerce-figure\"> <a rel=\"nofollow, sponsored, noopener, noreferrer noopener\" target=\"_blank\" href=\"https:\/\/www.trendencias.com\/redirect?url=https%3A%2F%2Fwww.lefties.com%2Fes%2Fmujer%2Fnovedades%2Fvestido-corto-volantes-c1030267503p694343874.html%3FcolorId%3D700%26style%3D01%26parentId%3D697228153&amp;category=shopping&amp;pivot=1&amp;ecomPostExpiration=everlasting&amp;postId=643091\"> <img loading=\"lazy\" alt=\"Vestido vaporoso\" width=\"1200\" height=\"1800\" src=\"http:\/\/hoycordobaweb.com\/wp-content\/uploads\/2025\/05\/lefties-tiene-el-vestido-perfecto-que-une-el-estilo-romantico-y-el-boho-chic-este-verano.jpg\"> <\/a> <\/div>\n<div class=\"pivot-ecommerce-summary\">\n<p class=\"pivot-ecommerce-desc\">Vestido vaporoso<\/p>\n<\/p><\/div><\/div>\n<p>* Alg\u00fan precio puede haber cambiado desde la \u00faltima revisi\u00f3n<\/p>\n<\/p><\/div>\n<p><!-- PIVOT END --><\/p>\n<p>Este vestido tiene <strong>un dise\u00f1o muy sencillo y destaca por sus volantes<\/strong>. Esta temporada los estamos viendo much\u00edsimo y a todas nos quedan genial. Sus tirantes son muy finos y tiene un escote en pico. Est\u00e1 hecho con un tejido vaporoso y semitransparente, aunque no debemos preocuparnos porque no se ve nada en absoluto. Adem\u00e1s, mezcla elementos rom\u00e1nticos como los volantes con otros bohemios como la silueta o el color.&nbsp;<\/p>\n<p><!-- BREAK 2 --><\/p>\n<div class=\"article-asset-image article-asset-normal article-asset-center\">\n<div class=\"asset-content\"> <a rel=\"nofollow, sponsored, noopener, noreferrer noopener\" target=\"_blank\" class=\"js-ecommerce\" id=\"link-ecommerce-1\" href=\"https:\/\/www.trendencias.com\/redirect?url=https%3A%2F%2Fwww.lefties.com%2Fes%2Fmujer%2Fnovedades%2Fvestido-corto-volantes-c1030267503p694343874.html%3FcolorId%3D700%26style%3D01%26parentId%3D697228153&amp;category=shopping&amp;ecomPostExpiration=everlasting&amp;postId=643091\" data-vars-affiliate-url=\"https:\/\/www.lefties.com\/es\/mujer\/novedades\/vestido-corto-volantes-c1030267503p694343874.html?colorId=700&amp;style=01&amp;parentId=697228153\"> <img class=\"centro_sinmarco\" height=\"1800\" width=\"1200\" loading=\"lazy\" decoding=\"async\" sizes=\"100vw\" fetchpriority=\"high\" srcset=\"http:\/\/hoycordobaweb.com\/wp-content\/uploads\/2025\/05\/lefties-tiene-el-vestido-perfecto-que-une-el-estilo-romantico-y-el-boho-chic-este-verano-1.jpg 450w, http:\/\/hoycordobaweb.com\/wp-content\/uploads\/2025\/05\/lefties-tiene-el-vestido-perfecto-que-une-el-estilo-romantico-y-el-boho-chic-este-verano-4.jpg 681w, http:\/\/hoycordobaweb.com\/wp-content\/uploads\/2025\/05\/lefties-tiene-el-vestido-perfecto-que-une-el-estilo-romantico-y-el-boho-chic-este-verano-5.jpg 1024w, http:\/\/hoycordobaweb.com\/wp-content\/uploads\/2025\/05\/lefties-tiene-el-vestido-perfecto-que-une-el-estilo-romantico-y-el-boho-chic-este-verano-6.jpg 1366w\" src=\"http:\/\/hoycordobaweb.com\/wp-content\/uploads\/2025\/05\/lefties-tiene-el-vestido-perfecto-que-une-el-estilo-romantico-y-el-boho-chic-este-verano-1.jpg\" alt=\"vestido\"> <noscript><img alt=\"vestido\" class=\"centro_sinmarco\" src=\"http:\/\/hoycordobaweb.com\/wp-content\/uploads\/2025\/05\/lefties-tiene-el-vestido-perfecto-que-une-el-estilo-romantico-y-el-boho-chic-este-verano-1.jpg\"><\/noscript> <\/a> <\/div>\n<\/div>\n<p>Aunque este modelo no sea de color negro, <strong>es muy f\u00e1cil combinarlo<\/strong>. Podemos hacer creaciones m\u00e1s discretas con unas sandalias planas y un capazo o, arriesgar un poco m\u00e1s en la mezcla de colores, como si fu\u00e9semos aut\u00e9nticas <a class=\"text-outboundlink\" href=\"https:\/\/www.trendencias.com\/tendencias\/francesas-nordicas-estilo-que-se-lleva-chicas-portuguesas-asi-puedes-conseguirlo\" data-vars-post-title=\"Ni francesas, ni n\u00f3rdicas: el estilo que se lleva es el de las chicas portuguesas y as\u00ed puedes conseguirlo\" data-vars-post-url=\"https:\/\/www.trendencias.com\/tendencias\/francesas-nordicas-estilo-que-se-lleva-chicas-portuguesas-asi-puedes-conseguirlo\">chicas portuguesas<\/a>. Una opci\u00f3n es el rojo, tambi\u00e9n pura tendencia. Por ejemplo, apostar por un <a class=\"text-outboundlink\" href=\"https:\/\/www.trendencias.com\/shopping\/que-bolso-shopper-tipos-usos-cual-comprar\" data-vars-post-title=\"Qu\u00e9 es un bolso shopper (tipos, usos y cu\u00e1l comprar)\" data-vars-post-url=\"https:\/\/www.trendencias.com\/shopping\/que-bolso-shopper-tipos-usos-cual-comprar\">bolso <em>shopper<\/em><\/a> o unas alpargatas de este tono. El precio del vestido en Lefties es <a rel=\"nofollow, sponsored, noopener, noreferrer noopener\" target=\"_blank\" class=\"js-ecommerce\" id=\"link-ecommerce-2\" href=\"https:\/\/www.trendencias.com\/redirect?url=https%3A%2F%2Fwww.lefties.com%2Fes%2Fmujer%2Fnovedades%2Fvestido-corto-volantes-c1030267503p694343874.html%3FcolorId%3D700%26style%3D01%26parentId%3D697228153&amp;category=shopping&amp;ecomPostExpiration=everlasting&amp;postId=643091\" data-vars-affiliate-url=\"https:\/\/www.lefties.com\/es\/mujer\/novedades\/vestido-corto-volantes-c1030267503p694343874.html?colorId=700&amp;style=01&amp;parentId=697228153\">19,99 euros<\/a>.<\/p>\n<p><!-- BREAK 3 --> <\/p>\n<h2>C\u00f3mo combinar un vestido de estilo boho &#8211; chic<\/h2>\n<div class=\"article-asset-image article-asset-normal article-asset-center\">\n<div class=\"asset-content\"> <img class=\"centro_sinmarco\" height=\"1980\" width=\"1320\" loading=\"lazy\" decoding=\"async\" sizes=\"100vw\" fetchpriority=\"high\" srcset=\"http:\/\/hoycordobaweb.com\/wp-content\/uploads\/2025\/05\/lefties-tiene-el-vestido-perfecto-que-une-el-estilo-romantico-y-el-boho-chic-este-verano-2.jpg 450w, http:\/\/hoycordobaweb.com\/wp-content\/uploads\/2025\/05\/lefties-tiene-el-vestido-perfecto-que-une-el-estilo-romantico-y-el-boho-chic-este-verano-7.jpg 681w, http:\/\/hoycordobaweb.com\/wp-content\/uploads\/2025\/05\/lefties-tiene-el-vestido-perfecto-que-une-el-estilo-romantico-y-el-boho-chic-este-verano-8.jpg 1024w, http:\/\/hoycordobaweb.com\/wp-content\/uploads\/2025\/05\/lefties-tiene-el-vestido-perfecto-que-une-el-estilo-romantico-y-el-boho-chic-este-verano-9.jpg 1366w\" src=\"http:\/\/hoycordobaweb.com\/wp-content\/uploads\/2025\/05\/lefties-tiene-el-vestido-perfecto-que-une-el-estilo-romantico-y-el-boho-chic-este-verano-2.jpg\" alt=\"Valli F25 012\"> <noscript><img alt=\"Valli F25 012\" class=\"centro_sinmarco\" src=\"http:\/\/hoycordobaweb.com\/wp-content\/uploads\/2025\/05\/lefties-tiene-el-vestido-perfecto-que-une-el-estilo-romantico-y-el-boho-chic-este-verano-2.jpg\"><\/noscript> <\/div>\n<\/div>\n<p>Giambattista Valli propone en una combinaci\u00f3n monocolor en rosa pastel. Presenta un vestido que mezcla el estilo rom\u00e1ntico con el <em>boho<\/em> con unas sandalias de tac\u00f3n con un maxi lazo en el empeine. Estas quedar\u00edan genial con el de Lefties porque <strong>esos dos colores hacen <\/strong><em><strong>match<\/strong><\/em><strong> y crean una preciosa armon\u00eda.<\/strong><\/p>\n<p><!-- BREAK 4 --><\/p>\n<p>Si queremos darle un toque m\u00e1s informal, un bolso de rafia ser\u00eda la respuesta. Este grita verano y es perfecto para completar <em>looks<\/em> tanto de noche como de d\u00eda. Adem\u00e1s, se puede combinar con otros accesorios actuales que <strong>marquen la diferencia entre un <\/strong><em><strong>outfit<\/strong><\/em><strong> sosaina y otro con mucho estilo<\/strong>.<\/p>\n<p><!-- BREAK 5 --><\/p>\n<p><em>Nota: algunos de los enlaces de este art\u00edculo son afiliados y pueden reportar un beneficio a Trendencias. En caso de no disponibilidad, las ofertas pueden variar.<\/em><\/p>\n<p><!-- BREAK 6 --> <\/p>\n<p>Fotos |Lefties, Launchmetrics<\/p>\n<p>En Trendencias | <a class=\"text-outboundlink\" href=\"https:\/\/www.trendencias.com\/propuestas-y-consejos\/chaquetas-que-tendencia-este-otono-invierno-2022-2023-larga-vida-a-bomber-a-cazadora-vaquera\" data-vars-post-title=\"Chaquetas que son tendencia: de la americana marr\u00f3n chocolate a la cl\u00e1sica bomber\" data-vars-post-url=\"https:\/\/www.trendencias.com\/propuestas-y-consejos\/chaquetas-que-tendencia-este-otono-invierno-2022-2023-larga-vida-a-bomber-a-cazadora-vaquera\" data-id=\"noopener noreferrer\">Chaquetas que son tendencia: larga vida a la bomber y a la cazadora vaquera<\/a><\/p>\n<p>En Trendencias | <a class=\"text-outboundlink\" href=\"https:\/\/www.trendencias.com\/propuestas-y-consejos\/nuestro-flechazo-vaqueros-wide-leg-tiro-alto-como-llevarlos-cuatro-modelos-favorecedores\" data-vars-post-title=\"Nuestro flechazo son los vaqueros wide leg de tiro alto: c\u00f3mo llevarlos y 11 formas de combinarlos con estilo\" data-vars-post-url=\"https:\/\/www.trendencias.com\/propuestas-y-consejos\/nuestro-flechazo-vaqueros-wide-leg-tiro-alto-como-llevarlos-cuatro-modelos-favorecedores\" data-id=\"noopener noreferrer\">Nuestro flechazo son los vaqueros <em>wide leg<\/em> de tiro alto: c\u00f3mo llevarlos y los diez modelos m\u00e1s favorecedores<\/a><\/p>\n<p>En Trendencias | <a class=\"text-outboundlink\" href=\"https:\/\/www.trendencias.com\/eventos\/arenal-sound-todos-conciertos-entradas-horarios-confirmados-festival\" data-vars-post-title=\"Arenal Sound 2025: todos los conciertos, entradas y horarios confirmados del festival\" data-vars-post-url=\"https:\/\/www.trendencias.com\/eventos\/arenal-sound-todos-conciertos-entradas-horarios-confirmados-festival\" data-id=\"noopener noreferrer\"><u>Arenal Sound 2025: todos los conciertos, entradas y horarios confirmados del festival<\/u><\/a><\/p>\n","protected":false},"excerpt":{"rendered":"<p>El Mocha Mousse ya adelantaba que el marr\u00f3n iba a tener protagonismo en nuestro armario, en todas sus versiones. Es uno de los colores que m\u00e1s utilizo en mis looks y este vestido de Lefties es una prueba de ello. No lo tengo, pero me encantar\u00eda porque me parece una opci\u00f3n acertada para elevar cualquier [&hellip;]<\/p>\n","protected":false},"author":1,"featured_media":104909,"comment_status":"closed","ping_status":"closed","sticky":false,"template":"","format":"standard","meta":[],"categories":[],"tags":[],"_links":{"self":[{"href":"http:\/\/hoycordobaweb.com\/index.php\/wp-json\/wp\/v2\/posts\/104908"}],"collection":[{"href":"http:\/\/hoycordobaweb.com\/index.php\/wp-json\/wp\/v2\/posts"}],"about":[{"href":"http:\/\/hoycordobaweb.com\/index.php\/wp-json\/wp\/v2\/types\/post"}],"author":[{"embeddable":true,"href":"http:\/\/hoycordobaweb.com\/index.php\/wp-json\/wp\/v2\/users\/1"}],"replies":[{"embeddable":true,"href":"http:\/\/hoycordobaweb.com\/index.php\/wp-json\/wp\/v2\/comments?post=104908"}],"version-history":[{"count":0,"href":"http:\/\/hoycordobaweb.com\/index.php\/wp-json\/wp\/v2\/posts\/104908\/revisions"}],"wp:featuredmedia":[{"embeddable":true,"href":"http:\/\/hoycordobaweb.com\/index.php\/wp-json\/wp\/v2\/media\/104909"}],"wp:attachment":[{"href":"http:\/\/hoycordobaweb.com\/index.php\/wp-json\/wp\/v2\/media?parent=104908"}],"wp:term":[{"taxonomy":"category","embeddable":true,"href":"http:\/\/hoycordobaweb.com\/index.php\/wp-json\/wp\/v2\/categories?post=104908"},{"taxonomy":"post_tag","embeddable":true,"href":"http:\/\/hoycordobaweb.com\/index.php\/wp-json\/wp\/v2\/tags?post=104908"}],"curies":[{"name":"wp","href":"https:\/\/api.w.org\/{rel}","templated":true}]}}