{"id":104904,"date":"2025-05-13T05:45:47","date_gmt":"2025-05-13T05:45:47","guid":{"rendered":"https:\/\/www.mujerhoy.com\/moda\/no-te-pierdas\/vestidos-lino-basico-verano-fondo-armario-20250513074502-nt.html"},"modified":"2025-05-13T05:45:47","modified_gmt":"2025-05-13T05:45:47","slug":"vestidos-de-lino-en-tonos-neutros-el-basico-esencial-para-cuando-suban-las-temperaturas","status":"publish","type":"post","link":"http:\/\/hoycordobaweb.com\/index.php\/2025\/05\/13\/vestidos-de-lino-en-tonos-neutros-el-basico-esencial-para-cuando-suban-las-temperaturas\/","title":{"rendered":"Vestidos de lino en tonos neutros, el b\u00e1sico esencial para cuando suban las temperaturas"},"content":{"rendered":"<p><!-- AUTHOR --> <\/p>\n<div class=\"voc-author-timesocial \"> <!-- AUTHOR --> <\/p>\n<div class=\"voc-author-timesocial__signature \">\n<div class=\"voc-author-timesocial__img-c\"> <!-- IMAGE AUTHOR --> <picture class=\"voc-image-signature\"> <img class=\"voc-image-signature__img\" src=\"http:\/\/hoycordobaweb.com\/wp-content\/uploads\/2025\/05\/vestidos-de-lino-en-tonos-neutros-el-basico-esencial-para-cuando-suban-las-temperaturas.jpg\" alt=\"Elena Romero Vargas\"> <\/picture> <\/div>\n<p> <!-- INFO AUTHOR --> <\/div><\/div>\n<p> <!-- COMPONENTS --> <\/p>\n<p class=\"voc-paragraph\" data-mrf-recirculation=\"Link art\u00edculo\">El <strong>lino <\/strong>es el tejido estrella del verano. En cuanto suben las temperaturas, este tejido c\u00f3modo, fresquito y elegante llega a nuestros armarios en forma de camisas, <a data-voc-vtm-id=\"in-text-traffic\" href=\"https:\/\/www.mujerhoy.com\/moda\/no-te-pierdas\/pantalones-de-lino-bonitos-primavera-20250427111021-nt.html\" data-mrf-link=\"https:\/\/www.mujerhoy.com\/moda\/no-te-pierdas\/pantalones-de-lino-bonitos-primavera-20250427111021-nt.html\">pantalones<\/a> y, por supuesto, <strong>vestidos<\/strong>. Esta \u00faltima opci\u00f3n, adem\u00e1s, suele ser un comod\u00edn ideal para esos d\u00edas de calor en los que no sabes muy bien qu\u00e9 ponerte.\n<\/p>\n<p class=\"voc-paragraph\" data-mrf-recirculation=\"Link art\u00edculo\">Ahora que el verano est\u00e1 a la vuelta de la esquina (aunque el buen tiempo se est\u00e9 haciendo un poco de rogar), es el momento de empezar a fichar las <a data-voc-vtm-id=\"in-text-traffic\" href=\"https:\/\/www.mujerhoy.com\/moda\/no-te-pierdas\/novedades-mango-look-vestidos-invitada-bikini-verano-20250505115240-nt.html\" data-mrf-link=\"https:\/\/www.mujerhoy.com\/moda\/no-te-pierdas\/novedades-mango-look-vestidos-invitada-bikini-verano-20250505115240-nt.html\">nuevas incorporaciones a tu armario de la temporada<\/a><br \/>\n, donde no pueden faltar los vestidos de lino. Las opciones son infinitas tanto en color, como en forma o estampado. Aunque la mejor opci\u00f3n siempre ser\u00e1 apostar por un <strong>vestido b\u00e1sico en tonos neutros<\/strong>.\n<\/p>\n<p class=\"voc-paragraph\" data-mrf-recirculation=\"Link art\u00edculo\">Los vestidos de lino en colores neutros encajan en cualquier guardarropa sea cual sea tu estilo y son una <strong>opci\u00f3n recurrente y eficaz <\/strong>para lucir en cualquier ocasi\u00f3n. Basta con sumarle los <a data-voc-vtm-id=\"in-text-traffic\" href=\"https:\/\/www.mujerhoy.com\/moda\/tendencias\/accesorios-tendencia-primavera-verano-street-style-corte-ingles-20250420171956-nt.html\" data-mrf-link=\"https:\/\/www.mujerhoy.com\/moda\/tendencias\/accesorios-tendencia-primavera-verano-street-style-corte-ingles-20250420171956-nt.html\">complementos adecuado <\/a><br \/>\npara darle a esta pieza un sentido u otro seg\u00fan el contexto. Por eso, de cara a este pr\u00f3ximo verano, te traemos los <strong>vestidos de lino neutros m\u00e1s bonitos <\/strong>de nuestras tiendas de confianza que prometen convertirse en tus favoritos del momento.\n<\/p>\n<div class=\"voc-detail-photo-zoom\"> <picture data-toggle=\"modal\" data-target=\"#photoZoomModal-199\" target=\"modal\">\n<div class=\"voc-img-icon-link\"> <img loading=\"lazy\" src=\"http:\/\/hoycordobaweb.com\/wp-content\/uploads\/2025\/05\/vestidos-de-lino-en-tonos-neutros-el-basico-esencial-para-cuando-suban-las-temperaturas-1.jpg\" width=\"650\" height=\"900\" alt=\"Vestido midi con lino de Zara (39,95\u20ac)\"> <noscript> <img src=\"http:\/\/hoycordobaweb.com\/wp-content\/uploads\/2025\/05\/vestidos-de-lino-en-tonos-neutros-el-basico-esencial-para-cuando-suban-las-temperaturas-1.jpg\" alt=\"Vestido midi con lino de Zara (39,95\u20ac)\"> <\/noscript> <i class=\"voc-icons zoom voc-multimedia-box voc-ico-l\"><\/i> <\/div><figcaption class=\"figure-caption\">Vestido midi con lino de Zara (39,95\u20ac)<\/figcaption><\/picture>\n<\/div>\n<div id=\"photoZoomModal-199\" class=\"voc-lightbox modal fade voc-lightbox--photo-zoom\" role=\"dialog\" data-voc-photozoom-lightbox>\n<div class=\"voc-lightbox__dialog\" role=\"document\">\n<div class=\"voc-lightbox__content\"> <!-- Modal header --> <!-- Modal content --> <\/p>\n<div class=\"voc-lightbox__photo-container\"> <picture class> <img loading=\"lazy\" src=\"http:\/\/hoycordobaweb.com\/wp-content\/uploads\/2025\/05\/vestidos-de-lino-en-tonos-neutros-el-basico-esencial-para-cuando-suban-las-temperaturas-1.jpg\" alt=\"Vestido midi con lino de Zara (39,95\u20ac)\"> <noscript> <img src=\"http:\/\/hoycordobaweb.com\/wp-content\/uploads\/2025\/05\/vestidos-de-lino-en-tonos-neutros-el-basico-esencial-para-cuando-suban-las-temperaturas-1.jpg\" alt=\"Vestido midi con lino de Zara (39,95\u20ac)\"> <\/noscript> <\/picture> <\/div><\/div><\/div>\n<\/div>\n<p><h3 class=\"voc-detail__title\"> Zara<br \/>\n<\/h3>\n<\/p>\n<p class=\"voc-paragraph\" data-mrf-recirculation=\"Link art\u00edculo\">Los <strong>vestidos camiseros<\/strong> forman parte de esos b\u00e1sicos esenciales para cualquier temporada. En verano, las opciones de corte midi y sin mangas son las m\u00e1s adecuadas. Y si est\u00e1n confeccionados con lino, mucho mejor. En Zara hemos encontrado este modelo en marr\u00f3n chocolate que nos encanta para llevar a la oficina con bolso de rafia y alpargatas con cu\u00f1a para un look casual y chic.\n<\/p>\n<div class=\"voc-detail-photo-zoom\"> <picture data-toggle=\"modal\" data-target=\"#photoZoomModal-771\" target=\"modal\">\n<div class=\"voc-img-icon-link\"> <img loading=\"lazy\" src=\"http:\/\/hoycordobaweb.com\/wp-content\/uploads\/2025\/05\/vestidos-de-lino-en-tonos-neutros-el-basico-esencial-para-cuando-suban-las-temperaturas-2.jpg\" width=\"650\" height=\"900\" alt=\"Vestido largo lino panel fruncido de Mango (79,99\u20ac)\"> <noscript> <img src=\"http:\/\/hoycordobaweb.com\/wp-content\/uploads\/2025\/05\/vestidos-de-lino-en-tonos-neutros-el-basico-esencial-para-cuando-suban-las-temperaturas-2.jpg\" alt=\"Vestido largo lino panel fruncido de Mango (79,99\u20ac)\"> <\/noscript> <i class=\"voc-icons zoom voc-multimedia-box voc-ico-l\"><\/i> <\/div><figcaption class=\"figure-caption\">Vestido largo lino panel fruncido de Mango (79,99\u20ac)<\/figcaption><\/picture>\n<\/div>\n<div id=\"photoZoomModal-771\" class=\"voc-lightbox modal fade voc-lightbox--photo-zoom\" role=\"dialog\" data-voc-photozoom-lightbox>\n<div class=\"voc-lightbox__dialog\" role=\"document\">\n<div class=\"voc-lightbox__content\"> <!-- Modal header --> <!-- Modal content --> <\/p>\n<div class=\"voc-lightbox__photo-container\"> <picture class> <img loading=\"lazy\" src=\"http:\/\/hoycordobaweb.com\/wp-content\/uploads\/2025\/05\/vestidos-de-lino-en-tonos-neutros-el-basico-esencial-para-cuando-suban-las-temperaturas-2.jpg\" alt=\"Vestido largo lino panel fruncido de Mango (79,99\u20ac)\"> <noscript> <img src=\"http:\/\/hoycordobaweb.com\/wp-content\/uploads\/2025\/05\/vestidos-de-lino-en-tonos-neutros-el-basico-esencial-para-cuando-suban-las-temperaturas-2.jpg\" alt=\"Vestido largo lino panel fruncido de Mango (79,99\u20ac)\"> <\/noscript> <\/picture> <\/div><\/div><\/div>\n<\/div>\n<p><h3 class=\"voc-detail__title\"> Mango<br \/>\n<\/h3>\n<\/p>\n<p class=\"voc-paragraph\" data-mrf-recirculation=\"Link art\u00edculo\">Otro de esos <a data-voc-vtm-id=\"in-text-traffic\" href=\"https:\/\/www.mujerhoy.com\/moda\/no-te-pierdas\/vestidos-negros-basicos-zara-hym-fondo-armario-primavera-20250411074721-nt.html\" data-mrf-link=\"https:\/\/www.mujerhoy.com\/moda\/no-te-pierdas\/vestidos-negros-basicos-zara-hym-fondo-armario-primavera-20250411074721-nt.html\">b\u00e1sicos que no pueden faltar en ning\u00fan armario <\/a><br \/>\nson los <strong>vestidos negros<\/strong>. En Mango hemos encontrado el modelo ideal para verano, de lino y con frunce en la cintura que hace que tu silueta se vea m\u00e1s estilizada. Puedes combinarlo con sandalias planas en un look casual o con un zapato de tac\u00f3n metalizado si quieres llevarlo en una cena estival.\n<\/p>\n<div class=\"voc-detail-photo-zoom\"> <picture data-toggle=\"modal\" data-target=\"#photoZoomModal-750\" target=\"modal\">\n<div class=\"voc-img-icon-link\"> <img loading=\"lazy\" src=\"http:\/\/hoycordobaweb.com\/wp-content\/uploads\/2025\/05\/vestidos-de-lino-en-tonos-neutros-el-basico-esencial-para-cuando-suban-las-temperaturas-3.jpg\" width=\"650\" height=\"900\" alt=\"Vestido mezcla de lino con tirantes espaguiti de H&amp;M (39,99\u20ac)\"> <noscript> <img src=\"http:\/\/hoycordobaweb.com\/wp-content\/uploads\/2025\/05\/vestidos-de-lino-en-tonos-neutros-el-basico-esencial-para-cuando-suban-las-temperaturas-3.jpg\" alt=\"Vestido mezcla de lino con tirantes espaguiti de H&amp;M (39,99\u20ac)\"> <\/noscript> <i class=\"voc-icons zoom voc-multimedia-box voc-ico-l\"><\/i> <\/div><figcaption class=\"figure-caption\">Vestido mezcla de lino con tirantes espaguiti de H&amp;M (39,99\u20ac)<\/figcaption><\/picture>\n<\/div>\n<div id=\"photoZoomModal-750\" class=\"voc-lightbox modal fade voc-lightbox--photo-zoom\" role=\"dialog\" data-voc-photozoom-lightbox>\n<div class=\"voc-lightbox__dialog\" role=\"document\">\n<div class=\"voc-lightbox__content\"> <!-- Modal header --> <!-- Modal content --> <\/p>\n<div class=\"voc-lightbox__photo-container\"> <picture class> <img loading=\"lazy\" src=\"http:\/\/hoycordobaweb.com\/wp-content\/uploads\/2025\/05\/vestidos-de-lino-en-tonos-neutros-el-basico-esencial-para-cuando-suban-las-temperaturas-3.jpg\" alt=\"Vestido mezcla de lino con tirantes espaguiti de H&amp;M (39,99\u20ac)\"> <noscript> <img src=\"http:\/\/hoycordobaweb.com\/wp-content\/uploads\/2025\/05\/vestidos-de-lino-en-tonos-neutros-el-basico-esencial-para-cuando-suban-las-temperaturas-3.jpg\" alt=\"Vestido mezcla de lino con tirantes espaguiti de H&amp;M (39,99\u20ac)\"> <\/noscript> <\/picture> <\/div><\/div><\/div>\n<\/div>\n<p><h3 class=\"voc-detail__title\"> H&amp;M<br \/>\n<\/h3>\n<\/p>\n<p class=\"voc-paragraph\" data-mrf-recirculation=\"Link art\u00edculo\">Para las m\u00e1s calurosas los <strong>vestidos de tirantes finitos<\/strong> son sus mejores aliados en los meses de calor. Este de H&amp;M, adem\u00e1s, es un modelo holgado perfecto para aquellas que busquen priorizar la comodidad, pero no por ello deja de tener m\u00faltiples posibilidades: puedes elevarlo con unos <a data-voc-vtm-id=\"in-text-traffic\" href=\"https:\/\/www.mujerhoy.com\/moda\/no-te-pierdas\/zuecos-zapatos-tendencia-primavera-2025-estilo-boho-chic-20250212131009-nt.html\" data-mrf-link=\"https:\/\/www.mujerhoy.com\/moda\/no-te-pierdas\/zuecos-zapatos-tendencia-primavera-2025-estilo-boho-chic-20250212131009-nt.html\">zuecos de madera con tac\u00f3n<\/a> o apostar por el confort m\u00e1ximo combin\u00e1ndolo con zapatillas blancas.\n<\/p>\n<div class=\"voc-detail-photo-zoom\"> <picture data-toggle=\"modal\" data-target=\"#photoZoomModal-873\" target=\"modal\">\n<div class=\"voc-img-icon-link\"> <img loading=\"lazy\" src=\"http:\/\/hoycordobaweb.com\/wp-content\/uploads\/2025\/05\/vestidos-de-lino-en-tonos-neutros-el-basico-esencial-para-cuando-suban-las-temperaturas-4.jpg\" width=\"650\" height=\"900\" alt=\"Vestido lino bordado de Sfera (35,99\u20ac)\"> <noscript> <img src=\"http:\/\/hoycordobaweb.com\/wp-content\/uploads\/2025\/05\/vestidos-de-lino-en-tonos-neutros-el-basico-esencial-para-cuando-suban-las-temperaturas-4.jpg\" alt=\"Vestido lino bordado de Sfera (35,99\u20ac)\"> <\/noscript> <i class=\"voc-icons zoom voc-multimedia-box voc-ico-l\"><\/i> <\/div><figcaption class=\"figure-caption\">Vestido lino bordado de Sfera (35,99\u20ac)<\/figcaption><\/picture>\n<\/div>\n<div id=\"photoZoomModal-873\" class=\"voc-lightbox modal fade voc-lightbox--photo-zoom\" role=\"dialog\" data-voc-photozoom-lightbox>\n<div class=\"voc-lightbox__dialog\" role=\"document\">\n<div class=\"voc-lightbox__content\"> <!-- Modal header --> <!-- Modal content --> <\/p>\n<div class=\"voc-lightbox__photo-container\"> <picture class> <img loading=\"lazy\" src=\"http:\/\/hoycordobaweb.com\/wp-content\/uploads\/2025\/05\/vestidos-de-lino-en-tonos-neutros-el-basico-esencial-para-cuando-suban-las-temperaturas-4.jpg\" alt=\"Vestido lino bordado de Sfera (35,99\u20ac)\"> <noscript> <img src=\"http:\/\/hoycordobaweb.com\/wp-content\/uploads\/2025\/05\/vestidos-de-lino-en-tonos-neutros-el-basico-esencial-para-cuando-suban-las-temperaturas-4.jpg\" alt=\"Vestido lino bordado de Sfera (35,99\u20ac)\"> <\/noscript> <\/picture> <\/div><\/div><\/div>\n<\/div>\n<p><h3 class=\"voc-detail__title\"> Sfera<br \/>\n<\/h3>\n<\/p>\n<p class=\"voc-paragraph\" data-mrf-recirculation=\"Link art\u00edculo\">Los vestidos de lino en tonos neutros tambi\u00e9n son una opci\u00f3n digna de tener en cuenta para un look de evento. Prueba de ello es este vestido de Sfera <strong>con bordados en la zona del pecho<\/strong>, que no nos puede gustar m\u00e1s como look para un bautizo o una comuni\u00f3n. S\u00famale unas joyas vistosas, un bolso de mano original y unos zapatos de tac\u00f3n, bien sea unas sandalias o unas alpargatas, y tendr\u00e1s un estilismo c\u00f3modo y apropiado para estas citas especiales.\n<\/p>\n<div class=\"voc-detail-photo-zoom\"> <picture data-toggle=\"modal\" data-target=\"#photoZoomModal-260\" target=\"modal\">\n<div class=\"voc-img-icon-link\"> <img loading=\"lazy\" src=\"http:\/\/hoycordobaweb.com\/wp-content\/uploads\/2025\/05\/vestidos-de-lino-en-tonos-neutros-el-basico-esencial-para-cuando-suban-las-temperaturas-5.jpg\" width=\"650\" height=\"900\" alt=\"Vestido largo palabra de honor de Massimo Dutti (79,95\u20ac)\"> <noscript> <img src=\"http:\/\/hoycordobaweb.com\/wp-content\/uploads\/2025\/05\/vestidos-de-lino-en-tonos-neutros-el-basico-esencial-para-cuando-suban-las-temperaturas-5.jpg\" alt=\"Vestido largo palabra de honor de Massimo Dutti (79,95\u20ac)\"> <\/noscript> <i class=\"voc-icons zoom voc-multimedia-box voc-ico-l\"><\/i> <\/div><figcaption class=\"figure-caption\">Vestido largo palabra de honor de Massimo Dutti (79,95\u20ac)<\/figcaption><\/picture>\n<\/div>\n<div id=\"photoZoomModal-260\" class=\"voc-lightbox modal fade voc-lightbox--photo-zoom\" role=\"dialog\" data-voc-photozoom-lightbox>\n<div class=\"voc-lightbox__dialog\" role=\"document\">\n<div class=\"voc-lightbox__content\"> <!-- Modal header --> <!-- Modal content --> <\/p>\n<div class=\"voc-lightbox__photo-container\"> <picture class> <img loading=\"lazy\" src=\"http:\/\/hoycordobaweb.com\/wp-content\/uploads\/2025\/05\/vestidos-de-lino-en-tonos-neutros-el-basico-esencial-para-cuando-suban-las-temperaturas-5.jpg\" alt=\"Vestido largo palabra de honor de Massimo Dutti (79,95\u20ac)\"> <noscript> <img src=\"http:\/\/hoycordobaweb.com\/wp-content\/uploads\/2025\/05\/vestidos-de-lino-en-tonos-neutros-el-basico-esencial-para-cuando-suban-las-temperaturas-5.jpg\" alt=\"Vestido largo palabra de honor de Massimo Dutti (79,95\u20ac)\"> <\/noscript> <\/picture> <\/div><\/div><\/div>\n<\/div>\n<p><h3 class=\"voc-detail__title\"> Massimo Dutti<br \/>\n<\/h3>\n<\/p>\n<p class=\"voc-paragraph\" data-mrf-recirculation=\"Link art\u00edculo\">Uno de nuestros predilectos de esta selecci\u00f3n es este <strong>vestido con escote palabra de honor <\/strong>de Massimo Dutti. Su color y su forma hacen de \u00e9l el vestido estrella para noches de verano. Un buen par de sandalias c\u00f3modo y especial y un <a data-voc-vtm-id=\"in-text-traffic\" href=\"https:\/\/www.mujerhoy.com\/moda\/no-te-pierdas\/collares-colores-accesorio-alegre-juvenil-primavera-verano-20250428073212-nt.html\" data-mrf-link=\"https:\/\/www.mujerhoy.com\/moda\/no-te-pierdas\/collares-colores-accesorio-alegre-juvenil-primavera-verano-20250428073212-nt.html\">collar de colores <\/a><br \/>\nque alegre el look y tendr\u00e1s la f\u00f3rmula definitiva que m\u00e1s vas a llevar esta temporada.\n<\/p>\n<div class=\"voc-detail-photo-zoom\"> <picture data-toggle=\"modal\" data-target=\"#photoZoomModal-111\" target=\"modal\">\n<div class=\"voc-img-icon-link\"> <img loading=\"lazy\" src=\"http:\/\/hoycordobaweb.com\/wp-content\/uploads\/2025\/05\/vestidos-de-lino-en-tonos-neutros-el-basico-esencial-para-cuando-suban-las-temperaturas-6.jpg\" width=\"650\" height=\"900\" alt=\"Vestido midi efecto arrugado de Parfois (29,99\u20ac)\"> <noscript> <img src=\"http:\/\/hoycordobaweb.com\/wp-content\/uploads\/2025\/05\/vestidos-de-lino-en-tonos-neutros-el-basico-esencial-para-cuando-suban-las-temperaturas-6.jpg\" alt=\"Vestido midi efecto arrugado de Parfois (29,99\u20ac)\"> <\/noscript> <i class=\"voc-icons zoom voc-multimedia-box voc-ico-l\"><\/i> <\/div><figcaption class=\"figure-caption\">Vestido midi efecto arrugado de Parfois (29,99\u20ac)<\/figcaption><\/picture>\n<\/div>\n<div id=\"photoZoomModal-111\" class=\"voc-lightbox modal fade voc-lightbox--photo-zoom\" role=\"dialog\" data-voc-photozoom-lightbox>\n<div class=\"voc-lightbox__dialog\" role=\"document\">\n<div class=\"voc-lightbox__content\"> <!-- Modal header --> <!-- Modal content --> <\/p>\n<div class=\"voc-lightbox__photo-container\"> <picture class> <img loading=\"lazy\" src=\"http:\/\/hoycordobaweb.com\/wp-content\/uploads\/2025\/05\/vestidos-de-lino-en-tonos-neutros-el-basico-esencial-para-cuando-suban-las-temperaturas-6.jpg\" alt=\"Vestido midi efecto arrugado de Parfois (29,99\u20ac)\"> <noscript> <img src=\"http:\/\/hoycordobaweb.com\/wp-content\/uploads\/2025\/05\/vestidos-de-lino-en-tonos-neutros-el-basico-esencial-para-cuando-suban-las-temperaturas-6.jpg\" alt=\"Vestido midi efecto arrugado de Parfois (29,99\u20ac)\"> <\/noscript> <\/picture> <\/div><\/div><\/div>\n<\/div>\n<p><h3 class=\"voc-detail__title\"> Parfois<br \/>\n<\/h3>\n<\/p>\n<p class=\"voc-paragraph\" data-mrf-recirculation=\"Link art\u00edculo\">C\u00f3modo y <strong>de aspecto relajado<\/strong>, en Parfois hemos encontrado el vestido diez para llevar en un d\u00eda de playa que acaba viendo la puesta de sol en un chiringuito. Al tratarse de un modelo tan sencillo, encaja tambi\u00e9n en un look de calle si se combina con el calzado adecuado. \u00bfNuestro consejo? Atr\u00e9vete con la <a data-voc-vtm-id=\"in-text-traffic\" href=\"https:\/\/www.mujerhoy.com\/moda\/no-te-pierdas\/chanclas-especiales-elevan-look-verano-playa-oficina-20250505102429-nt.html\" data-mrf-link=\"https:\/\/www.mujerhoy.com\/moda\/no-te-pierdas\/chanclas-especiales-elevan-look-verano-playa-oficina-20250505102429-nt.html\">tendencia de llevar chanclas para vestir <\/a><br \/>\ny dale un punto m\u00e1s juvenil y original a esta pieza que promete salvarte de muchos apuros.\n<\/p>\n<p> <!-- TOPICS --> <\/p>\n","protected":false},"excerpt":{"rendered":"<p>El lino es el tejido estrella del verano. En cuanto suben las temperaturas, este tejido c\u00f3modo, fresquito y elegante llega a nuestros armarios en forma de camisas, pantalones y, por supuesto, vestidos. Esta \u00faltima opci\u00f3n, adem\u00e1s, suele ser un comod\u00edn ideal para esos d\u00edas de calor en los que no sabes muy bien qu\u00e9 ponerte. [&hellip;]<\/p>\n","protected":false},"author":1,"featured_media":104905,"comment_status":"closed","ping_status":"closed","sticky":false,"template":"","format":"standard","meta":[],"categories":[],"tags":[],"_links":{"self":[{"href":"http:\/\/hoycordobaweb.com\/index.php\/wp-json\/wp\/v2\/posts\/104904"}],"collection":[{"href":"http:\/\/hoycordobaweb.com\/index.php\/wp-json\/wp\/v2\/posts"}],"about":[{"href":"http:\/\/hoycordobaweb.com\/index.php\/wp-json\/wp\/v2\/types\/post"}],"author":[{"embeddable":true,"href":"http:\/\/hoycordobaweb.com\/index.php\/wp-json\/wp\/v2\/users\/1"}],"replies":[{"embeddable":true,"href":"http:\/\/hoycordobaweb.com\/index.php\/wp-json\/wp\/v2\/comments?post=104904"}],"version-history":[{"count":0,"href":"http:\/\/hoycordobaweb.com\/index.php\/wp-json\/wp\/v2\/posts\/104904\/revisions"}],"wp:featuredmedia":[{"embeddable":true,"href":"http:\/\/hoycordobaweb.com\/index.php\/wp-json\/wp\/v2\/media\/104905"}],"wp:attachment":[{"href":"http:\/\/hoycordobaweb.com\/index.php\/wp-json\/wp\/v2\/media?parent=104904"}],"wp:term":[{"taxonomy":"category","embeddable":true,"href":"http:\/\/hoycordobaweb.com\/index.php\/wp-json\/wp\/v2\/categories?post=104904"},{"taxonomy":"post_tag","embeddable":true,"href":"http:\/\/hoycordobaweb.com\/index.php\/wp-json\/wp\/v2\/tags?post=104904"}],"curies":[{"name":"wp","href":"https:\/\/api.w.org\/{rel}","templated":true}]}}