{"id":104824,"date":"2025-05-12T18:00:04","date_gmt":"2025-05-12T18:00:04","guid":{"rendered":"https:\/\/www.espinof.com\/festival-cannes\/palmas-oro-festival-cannes-durante-siglo-xxi-ordenadas-peor-a-mejor"},"modified":"2025-05-12T18:00:04","modified_gmt":"2025-05-12T18:00:04","slug":"las-palmas-de-oro-en-el-festival-de-cannes-durante-el-siglo-xxi-ordenadas-de-peor-a-mejor","status":"publish","type":"post","link":"http:\/\/hoycordobaweb.com\/index.php\/2025\/05\/12\/las-palmas-de-oro-en-el-festival-de-cannes-durante-el-siglo-xxi-ordenadas-de-peor-a-mejor\/","title":{"rendered":"Las Palmas de Oro en el Festival de Cannes durante el siglo XXI, ordenadas de peor a mejor"},"content":{"rendered":"<p>Un a\u00f1o m\u00e1s se celebra el <a href=\"https:\/\/www.espinof.com\/categoria\/festival-cannes\">Festival de Cannes<\/a>, y un a\u00f1o m\u00e1s estamos con el ojo pendiente para saber qu\u00e9 pel\u00edculas acaban siendo las m\u00e1s destacadas y cu\u00e1l termina llev\u00e1ndose el premio m\u00e1s deseado: la Palma de Oro. No siempre coincide que los mejores t\u00edtulos acaben siendo los que se llevan el premio grande, y un festival no es excepci\u00f3n, pero incluso aqu\u00ed <strong>el certamen franc\u00e9s parece diferente al resto<\/strong>.<\/p>\n<p><!-- BREAK 1 --> <\/p>\n<p>Vale la pena fijarse justo en un a\u00f1o que marca el cuarto de siglo, porque podemos apreciar de manera m\u00e1s clara <strong>la influencia que termina teniendo este premio de cara a la conversaci\u00f3n del resto del a\u00f1o<\/strong>. Sobre todo en ediciones recientes, cuyas ganadoras se han convertido en cintas con opciones de Oscar considerables. De ah\u00ed que hoy repasemos de peor a mejor las pel\u00edculas que han terminado resaltadas por los diferentes jurados que han ido pasando por la organizaci\u00f3n del festival. Unas cuantas elecciones magistrales, y alguna que otra cuestionable.<\/p>\n<p><!-- BREAK 2 --><\/p>\n<h2>24. \u2018T\u00edo Boonmee recuerda sus vidas pasadas\u2019 (\u2019Lung Boonmee raluek chat\u2019, 2010)<\/h2>\n<div class=\"article-asset-image article-asset-normal article-asset-center\">\n<div class=\"asset-content\"> <img class=\"centro_sinmarco\" height=\"675\" width=\"1200\" loading=\"lazy\" decoding=\"async\" sizes=\"100vw\" fetchpriority=\"high\" srcset=\"http:\/\/hoycordobaweb.com\/wp-content\/uploads\/2025\/05\/las-palmas-de-oro-en-el-festival-de-cannes-durante-el-siglo-xxi-ordenadas-de-peor-a-mejor.jpg 450w, http:\/\/hoycordobaweb.com\/wp-content\/uploads\/2025\/05\/las-palmas-de-oro-en-el-festival-de-cannes-durante-el-siglo-xxi-ordenadas-de-peor-a-mejor-30.jpg 681w, http:\/\/hoycordobaweb.com\/wp-content\/uploads\/2025\/05\/las-palmas-de-oro-en-el-festival-de-cannes-durante-el-siglo-xxi-ordenadas-de-peor-a-mejor-31.jpg 1024w, http:\/\/hoycordobaweb.com\/wp-content\/uploads\/2025\/05\/las-palmas-de-oro-en-el-festival-de-cannes-durante-el-siglo-xxi-ordenadas-de-peor-a-mejor-32.jpg 1366w\" src=\"http:\/\/hoycordobaweb.com\/wp-content\/uploads\/2025\/05\/las-palmas-de-oro-en-el-festival-de-cannes-durante-el-siglo-xxi-ordenadas-de-peor-a-mejor.jpg\" alt=\"Tio Boonmee Recuerda Sus Vidas Pasadas 2010\"> <noscript><img alt=\"Tio Boonmee Recuerda Sus Vidas Pasadas 2010\" class=\"centro_sinmarco\" src=\"http:\/\/hoycordobaweb.com\/wp-content\/uploads\/2025\/05\/las-palmas-de-oro-en-el-festival-de-cannes-durante-el-siglo-xxi-ordenadas-de-peor-a-mejor.jpg\"><\/noscript> <\/div>\n<\/div>\n<p><strong>Direcci\u00f3n<\/strong>: Apichatpong Weerasethakul. <strong>Reparto<\/strong>: Thanapat Saisaymar, Jenjira Jansuda, Sakda Kaewbuadee, Vien Pimdee.<\/p>\n<p>Probablemente este es un lugar tan bueno como cualquier otro para expresar mi aversi\u00f3n al cine de <a href=\"https:\/\/www.espinof.com\/tag\/apichatpong-weerasethakul\">Apichatpong Weerasethakul<\/a> y sus formas contemplativas llevadas al m\u00e1ximo extremo de la languidez. Esta es la m\u00e1xima expresi\u00f3n de su estilo, lo que me genera la mayor repulsa, llevando el ensimismamiento as\u00ed como <strong>la exaltaci\u00f3n de lo falsamente profundo hasta el paroxismo<\/strong>. Entre premiar esto y lo de \u2018<a class=\"text-outboundlink\" href=\"https:\/\/www.espinof.com\/criticas\/tim-burton-alicia-en-el-pais-de-las-maravillas-el-gran-artificio\" data-vars-post-title=\"Tim Burton: 'Alicia en el pa\u00eds de las maravillas', el gran artificio\" data-vars-post-url=\"https:\/\/www.espinof.com\/criticas\/tim-burton-alicia-en-el-pais-de-las-maravillas-el-gran-artificio\">Alicia en el pa\u00eds de las maravillas<\/a>\u2019, <a class=\"text-outboundlink\" href=\"https:\/\/www.espinof.com\/listas\/todas-peliculas-tim-burton-ordenadas-peor-a-mejor\" data-vars-post-title=\"Todas las pel\u00edculas de Tim Burton ordenadas de peor a mejor\" data-vars-post-url=\"https:\/\/www.espinof.com\/listas\/todas-peliculas-tim-burton-ordenadas-peor-a-mejor\">Tim Burton<\/a> se cubri\u00f3 de gloria en 2010.<\/p>\n<p><!-- BREAK 3 --> <\/p>\n<p><a class=\"text-outboundlink\" href=\"https:\/\/www.espinof.com\/cine-asiatico\/uncle-boonmee-recuerda-sus-vidas-pasadas-el-mundo-es-un-lugar-extrano\" data-vars-post-title=\"'Uncle Boonmee recuerda sus vidas pasadas', el mundo es un lugar extra\u00f1o\" data-vars-post-url=\"https:\/\/www.espinof.com\/cine-asiatico\/uncle-boonmee-recuerda-sus-vidas-pasadas-el-mundo-es-un-lugar-extrano\">La cr\u00edtica en Espinof<\/a> | <a rel=\"nofollow, sponsored, noopener, noreferrer noopener\" target=\"_blank\" class=\"js-ecommerce\" id=\"link-ecommerce-1\" href=\"https:\/\/www.webedia-afilia.com\/redirect?url=https%3A%2F%2Fwww.filmin.es%2Fpelicula%2Funcle-boonmee-recuerda-sus-vidas-pasadas&amp;category=festival-cannes&amp;site=espinof&amp;ecomPostExpiration=everlasting&amp;postId=245759\" data-vars-affiliate-url=\"https:\/\/www.filmin.es\/pelicula\/uncle-boonmee-recuerda-sus-vidas-pasadas\">En streaming a trav\u00e9s de Filmin<\/a><\/p>\n<h2>23. El tri\u00e1ngulo de la tristeza (\u2019Triangle of Sadness\u2019, 2022)<\/h2>\n<div class=\"article-asset-image article-asset-normal article-asset-center\">\n<div class=\"asset-content\"> <img class=\"centro_sinmarco\" height=\"675\" width=\"1200\" loading=\"lazy\" decoding=\"async\" sizes=\"100vw\" fetchpriority=\"high\" srcset=\"http:\/\/hoycordobaweb.com\/wp-content\/uploads\/2025\/05\/las-palmas-de-oro-en-el-festival-de-cannes-durante-el-siglo-xxi-ordenadas-de-peor-a-mejor-1.jpg 450w, http:\/\/hoycordobaweb.com\/wp-content\/uploads\/2025\/05\/las-palmas-de-oro-en-el-festival-de-cannes-durante-el-siglo-xxi-ordenadas-de-peor-a-mejor-33.jpg 681w, http:\/\/hoycordobaweb.com\/wp-content\/uploads\/2025\/05\/las-palmas-de-oro-en-el-festival-de-cannes-durante-el-siglo-xxi-ordenadas-de-peor-a-mejor-34.jpg 1024w, http:\/\/hoycordobaweb.com\/wp-content\/uploads\/2025\/05\/las-palmas-de-oro-en-el-festival-de-cannes-durante-el-siglo-xxi-ordenadas-de-peor-a-mejor-35.jpg 1366w\" src=\"http:\/\/hoycordobaweb.com\/wp-content\/uploads\/2025\/05\/las-palmas-de-oro-en-el-festival-de-cannes-durante-el-siglo-xxi-ordenadas-de-peor-a-mejor-1.jpg\" alt=\"Triangulo De La Tristeza 2022 Harris Dickinson\"> <noscript><img alt=\"Triangulo De La Tristeza 2022 Harris Dickinson\" class=\"centro_sinmarco\" src=\"http:\/\/hoycordobaweb.com\/wp-content\/uploads\/2025\/05\/las-palmas-de-oro-en-el-festival-de-cannes-durante-el-siglo-xxi-ordenadas-de-peor-a-mejor-1.jpg\"><\/noscript> <\/div>\n<\/div>\n<p><strong>Direcci\u00f3n<\/strong>: Ruben \u00d6stlund. <strong>Reparto<\/strong>: Harris Dickinson, Charlbi Dean, Zlatko Buric, Dolly De Leon, Woody Harrelson.<\/p>\n<p>Si a una persona irritante se le r\u00eden todo el rato las gracias, lo m\u00e1s probable es que esta siga insistiendo en ellas <strong>aunque cada vez hagan menos gracia<\/strong>. As\u00ed le pasa a <a href=\"https:\/\/www.espinof.com\/tag\/ruben-ostlund\">Ruben \u00d6stlund<\/a>, que ha acumulado dos Palmas a trav\u00e9s de sus esfuerzos m\u00e1s d\u00e9biles, terriblemente obvios e incre\u00edblemente poco graciosos.<\/p>\n<p><!-- BREAK 4 --><\/p>\n<p><a class=\"text-outboundlink\" href=\"https:\/\/www.espinof.com\/criticas\/festival-cannes-2022-ruben-ostlund-sigue-retratando-superficialidad-nuestro-tiempo-su-mordaz-triangulo-tristeza\" data-vars-post-title=\"Festival de Cannes 2022: Ruben \u00d6stlund sigue retratando la superficialidad de nuestro tiempo con su mordaz tri\u00e1ngulo de la tristeza\" data-vars-post-url=\"https:\/\/www.espinof.com\/criticas\/festival-cannes-2022-ruben-ostlund-sigue-retratando-superficialidad-nuestro-tiempo-su-mordaz-triangulo-tristeza\">La cr\u00edtica en Espinof<\/a> | <a rel=\"nofollow, sponsored, noopener, noreferrer noopener\" target=\"_blank\" class=\"js-ecommerce\" id=\"link-ecommerce-2\" href=\"https:\/\/www.webedia-afilia.com\/redirect?url=https%3A%2F%2Fwww.filmin.es%2Fpelicula%2Fel-triangulo-de-la-tristeza&amp;category=festival-cannes&amp;site=espinof&amp;ecomPostExpiration=everlasting&amp;postId=245759\" data-vars-affiliate-url=\"https:\/\/www.filmin.es\/pelicula\/el-triangulo-de-la-tristeza\">En streaming a trav\u00e9s de Filmin<\/a> y <a rel=\"nofollow, sponsored, noopener, noreferrer noopener\" target=\"_blank\" class=\"js-ecommerce\" id=\"link-ecommerce-3\" href=\"https:\/\/www.webedia-afilia.com\/redirect?url=https%3A%2F%2Fwww.max.com%2Fes%2Fes%2Fmovies%2Fel-triangulo-de-la-tristeza%2Fe23dc9db-f076-4f41-bac2-2d85f33db415%3Futm_source%3Duniversal_search&amp;category=festival-cannes&amp;site=espinof&amp;ecomPostExpiration=everlasting&amp;postId=245759\" data-vars-affiliate-url=\"https:\/\/www.max.com\/es\/es\/movies\/el-triangulo-de-la-tristeza\/e23dc9db-f076-4f41-bac2-2d85f33db415?utm_source=universal_search\">de Max<\/a><\/p>\n<h2>22. \u2018The Square\u2019 (2017)<\/h2>\n<div class=\"article-asset-image article-asset-normal article-asset-center\">\n<div class=\"asset-content\"> <img class=\"centro_sinmarco\" height=\"675\" width=\"1200\" loading=\"lazy\" decoding=\"async\" sizes=\"100vw\" fetchpriority=\"high\" srcset=\"http:\/\/hoycordobaweb.com\/wp-content\/uploads\/2025\/05\/las-palmas-de-oro-en-el-festival-de-cannes-durante-el-siglo-xxi-ordenadas-de-peor-a-mejor-2.jpg 450w, http:\/\/hoycordobaweb.com\/wp-content\/uploads\/2025\/05\/las-palmas-de-oro-en-el-festival-de-cannes-durante-el-siglo-xxi-ordenadas-de-peor-a-mejor-36.jpg 681w, http:\/\/hoycordobaweb.com\/wp-content\/uploads\/2025\/05\/las-palmas-de-oro-en-el-festival-de-cannes-durante-el-siglo-xxi-ordenadas-de-peor-a-mejor-37.jpg 1024w, http:\/\/hoycordobaweb.com\/wp-content\/uploads\/2025\/05\/las-palmas-de-oro-en-el-festival-de-cannes-durante-el-siglo-xxi-ordenadas-de-peor-a-mejor-38.jpg 1366w\" src=\"http:\/\/hoycordobaweb.com\/wp-content\/uploads\/2025\/05\/las-palmas-de-oro-en-el-festival-de-cannes-durante-el-siglo-xxi-ordenadas-de-peor-a-mejor-2.jpg\" alt=\"The Square 2017 Ruben Ostlund\"> <noscript><img alt=\"The Square 2017 Ruben Ostlund\" class=\"centro_sinmarco\" src=\"http:\/\/hoycordobaweb.com\/wp-content\/uploads\/2025\/05\/las-palmas-de-oro-en-el-festival-de-cannes-durante-el-siglo-xxi-ordenadas-de-peor-a-mejor-2.jpg\"><\/noscript> <\/div>\n<\/div>\n<p><strong>Direcci\u00f3n<\/strong>: Ruben \u00d6stlund. <strong>Reparto<\/strong>: Claes Bang, Elizabeth Moss, Dominic West, Terry Notary.<\/p>\n<p>El comienzo de las peores tendencias de \u00d6stlund, que convierte su buen toque de observador de la fauna humana en <strong>una sesi\u00f3n de improvisaci\u00f3n monologuista con resultados desiguales<\/strong>. Aqu\u00ed sus mejores resultados, que recuerdan a los de logros como \u2018<a class=\"text-outboundlink\" href=\"https:\/\/www.espinof.com\/criticas\/fuerza-mayor-incomodidad-en-la-nieve\" data-vars-post-title=\"'Fuerza Mayor', incomodidad en la nieve\" data-vars-post-url=\"https:\/\/www.espinof.com\/criticas\/fuerza-mayor-incomodidad-en-la-nieve\">Fuerza mayor<\/a>\u2019, est\u00e1n en una subtrama que parece que se ha escapado de una sala de gui\u00f3n de \u2018<a class=\"text-outboundlink\" href=\"https:\/\/www.espinof.com\/series-de-ficcion\/seinfeld-treinta-anos-celebrando-serie-que-no-iba-nada-tenia-todo\" data-vars-post-title=\"'Seinfeld': treinta a\u00f1os celebrando la serie que no iba de nada pero lo ten\u00eda todo\" data-vars-post-url=\"https:\/\/www.espinof.com\/series-de-ficcion\/seinfeld-treinta-anos-celebrando-serie-que-no-iba-nada-tenia-todo\">Seinfeld<\/a>\u2019 y se llevan a sus extremos c\u00f3micos y tr\u00e1gicos.<\/p>\n<p><!-- BREAK 5 --><\/p>\n<p><a class=\"text-outboundlink\" href=\"https:\/\/www.espinof.com\/criticas\/the-square-la-mejor-pelicula-europea-del-ano-es-una-comedia-hilarante-e-incomoda-que-zarandea-los-tabus-modernos\" data-vars-post-title=\"'The Square': la mejor pel\u00edcula europea del a\u00f1o es una comedia hilarante e inc\u00f3moda que zarandea los tab\u00fas modernos\" data-vars-post-url=\"https:\/\/www.espinof.com\/criticas\/the-square-la-mejor-pelicula-europea-del-ano-es-una-comedia-hilarante-e-incomoda-que-zarandea-los-tabus-modernos\">La cr\u00edtica en Espinof<\/a> | <a rel=\"nofollow, sponsored, noopener, noreferrer noopener\" target=\"_blank\" class=\"js-ecommerce\" id=\"link-ecommerce-4\" href=\"https:\/\/www.webedia-afilia.com\/redirect?url=https%3A%2F%2Fwww.filmin.es%2Fpelicula%2Fthe-square&amp;category=festival-cannes&amp;site=espinof&amp;ecomPostExpiration=everlasting&amp;postId=245759\" data-vars-affiliate-url=\"https:\/\/www.filmin.es\/pelicula\/the-square\">En streaming a trav\u00e9s de Filmin<\/a> y <a rel=\"nofollow, sponsored, noopener, noreferrer noopener\" target=\"_blank\" class=\"js-ecommerce\" id=\"link-ecommerce-5\" href=\"https:\/\/www.webedia-afilia.com\/redirect?url=https%3A%2F%2Fwww.max.com%2Fes%2Fes%2Fmovies%2Fsquare%2F72bb4871-08bd-4769-821a-c86e70a98ada%3Futm_source%3Duniversal_search&amp;category=festival-cannes&amp;site=espinof&amp;ecomPostExpiration=everlasting&amp;postId=245759\" data-vars-affiliate-url=\"https:\/\/www.max.com\/es\/es\/movies\/square\/72bb4871-08bd-4769-821a-c86e70a98ada?utm_source=universal_search\">de Max<\/a><\/p>\n<h2>21. \u2018Fahrenheit 9\/11\u2019 (2004)<\/h2>\n<div class=\"article-asset-image article-asset-normal article-asset-center\">\n<div class=\"asset-content\"> <img class=\"centro_sinmarco\" height=\"337\" width=\"600\" loading=\"lazy\" decoding=\"async\" sizes=\"100vw\" fetchpriority=\"high\" srcset=\"http:\/\/hoycordobaweb.com\/wp-content\/uploads\/2025\/05\/las-palmas-de-oro-en-el-festival-de-cannes-durante-el-siglo-xxi-ordenadas-de-peor-a-mejor-3.jpg 450w, http:\/\/hoycordobaweb.com\/wp-content\/uploads\/2025\/05\/las-palmas-de-oro-en-el-festival-de-cannes-durante-el-siglo-xxi-ordenadas-de-peor-a-mejor-39.jpg 681w, http:\/\/hoycordobaweb.com\/wp-content\/uploads\/2025\/05\/las-palmas-de-oro-en-el-festival-de-cannes-durante-el-siglo-xxi-ordenadas-de-peor-a-mejor-40.jpg 1024w, http:\/\/hoycordobaweb.com\/wp-content\/uploads\/2025\/05\/las-palmas-de-oro-en-el-festival-de-cannes-durante-el-siglo-xxi-ordenadas-de-peor-a-mejor-41.jpg 1366w\" src=\"http:\/\/hoycordobaweb.com\/wp-content\/uploads\/2025\/05\/las-palmas-de-oro-en-el-festival-de-cannes-durante-el-siglo-xxi-ordenadas-de-peor-a-mejor-3.jpg\" alt=\"Fahrenheit 9 11 2004 Michael Moore\"> <noscript><img alt=\"Fahrenheit 9 11 2004 Michael Moore\" class=\"centro_sinmarco\" src=\"http:\/\/hoycordobaweb.com\/wp-content\/uploads\/2025\/05\/las-palmas-de-oro-en-el-festival-de-cannes-durante-el-siglo-xxi-ordenadas-de-peor-a-mejor-3.jpg\"><\/noscript> <\/div>\n<\/div>\n<p><strong>Direcci\u00f3n<\/strong>: Michael Moore. <strong>Intervenciones de<\/strong>: Michael Moore, George W. Bush, Condoleezza Rice, Al Gore.<\/p>\n<p>2004 fue un a\u00f1o que en la secci\u00f3n oficial estaban t\u00edtulos como \u2018<a class=\"text-outboundlink\" href=\"https:\/\/www.espinof.com\/criticas\/old-boy-compasion-por-la-bestia\" data-vars-post-title=\"'Old Boy', compasi\u00f3n por la bestia\" data-vars-post-url=\"https:\/\/www.espinof.com\/criticas\/old-boy-compasion-por-la-bestia\">Oldboy<\/a>\u2019, \u2018<strong>La ni\u00f1a santa<\/strong>\u2019 o \u2018<strong>Diarios de motocicleta<\/strong>\u2019, y sin embargo el jurado liderado por <a class=\"text-outboundlink\" href=\"https:\/\/www.espinof.com\/listas\/todas-peliculas-quentin-tarantino-ordenadas-peor-a-mejor\" data-vars-post-title=\"Todas las pel\u00edculas de Quentin Tarantino ordenadas de peor a mejor\" data-vars-post-url=\"https:\/\/www.espinof.com\/listas\/todas-peliculas-quentin-tarantino-ordenadas-peor-a-mejor\">Quentin Tarantino<\/a> se decant\u00f3 por un ya olvidado exabrupto de <a href=\"https:\/\/www.espinof.com\/tag\/michael-moore\">Michael Moore<\/a> en forma de documental. Es posible que siga siendo la mejor versi\u00f3n posible de esta manera de abordar el g\u00e9nero con tanto colmillo pol\u00edtico como afan de protagonismo, pero <strong>no es la decisi\u00f3n que mejor ha envejecido<\/strong>.<\/p>\n<p><!-- BREAK 6 --> <\/p>\n<div class=\"article-asset article-asset-normal article-asset-center\">\n<div class=\"desvio-container\">\n<div class=\"desvio\">\n<div class=\"desvio-figure js-desvio-figure\"> <a href=\"https:\/\/www.espinof.com\/listas\/mejores-peliculas-documentales-todos-tiempos\" class=\"pivot-outboundlink\" data-vars-post-title=\"Las 27 mejores pel\u00edculas documentales de todos los tiempos\"> <img loading=\"lazy\" alt=\"Las 27 mejores pel\u00edculas documentales de todos los tiempos\" width=\"375\" height=\"142\" src=\"http:\/\/hoycordobaweb.com\/wp-content\/uploads\/2025\/05\/las-palmas-de-oro-en-el-festival-de-cannes-durante-el-siglo-xxi-ordenadas-de-peor-a-mejor-4.jpg\"> <\/a> <\/div><\/div><\/div>\n<\/div>\n<h2>20. \u2018Dheepan\u2019 (2015)<\/h2>\n<div class=\"article-asset-image article-asset-normal article-asset-center\">\n<div class=\"asset-content\"> <img class=\"centro_sinmarco\" height=\"675\" width=\"1200\" loading=\"lazy\" decoding=\"async\" sizes=\"100vw\" fetchpriority=\"high\" srcset=\"http:\/\/hoycordobaweb.com\/wp-content\/uploads\/2025\/05\/las-palmas-de-oro-en-el-festival-de-cannes-durante-el-siglo-xxi-ordenadas-de-peor-a-mejor-5.jpg 450w, http:\/\/hoycordobaweb.com\/wp-content\/uploads\/2025\/05\/las-palmas-de-oro-en-el-festival-de-cannes-durante-el-siglo-xxi-ordenadas-de-peor-a-mejor-42.jpg 681w, http:\/\/hoycordobaweb.com\/wp-content\/uploads\/2025\/05\/las-palmas-de-oro-en-el-festival-de-cannes-durante-el-siglo-xxi-ordenadas-de-peor-a-mejor-43.jpg 1024w, http:\/\/hoycordobaweb.com\/wp-content\/uploads\/2025\/05\/las-palmas-de-oro-en-el-festival-de-cannes-durante-el-siglo-xxi-ordenadas-de-peor-a-mejor-44.jpg 1366w\" src=\"http:\/\/hoycordobaweb.com\/wp-content\/uploads\/2025\/05\/las-palmas-de-oro-en-el-festival-de-cannes-durante-el-siglo-xxi-ordenadas-de-peor-a-mejor-5.jpg\" alt=\"Dheepan 2015 Jacques Audiard\"> <noscript><img alt=\"Dheepan 2015 Jacques Audiard\" class=\"centro_sinmarco\" src=\"http:\/\/hoycordobaweb.com\/wp-content\/uploads\/2025\/05\/las-palmas-de-oro-en-el-festival-de-cannes-durante-el-siglo-xxi-ordenadas-de-peor-a-mejor-5.jpg\"><\/noscript> <\/div>\n<\/div>\n<p><strong>Direcci\u00f3n<\/strong>: Jacques Audiard. <strong>Reparto<\/strong>: Jesuthasan Antonythasan, Kalieaswari Srinivasan, Claudine Vinasithamby, Vincent Rottiers.<\/p>\n<p>En el fondo Cannes no es muy distinto de los Oscars, y de vez en cuando premian a alguien que consideras que merece ser premiado\u2026 pero son reconocidos por la pel\u00edcula que no toca. Es el caso de <a href=\"https:\/\/www.espinof.com\/tag\/jacques-audiard\">Jacques Audiard<\/a>, visitante frecuente y que <strong>trajo pel\u00edculas muy dignas de Palma<\/strong>, pero fue galardonado por un drama de inmigraci\u00f3n con toques de cine de venganza tan encomiable como menor. Igual hubiera sido peor que lo ganase por \u2018<a class=\"text-outboundlink\" href=\"https:\/\/www.espinof.com\/criticas\/emilia-perez-mejores-peliculas-ano-jacques-audiard-basa-su-musical-imprevisibilidad-triunfa-cine-algoritmico-festival-san-sebastian-2024\" data-vars-post-title=\"'Emilia P\u00e9rez' es una de las mejores pel\u00edculas del a\u00f1o: Jacques Audiard basa su musical en la imprevisibilidad y triunfa ante el cine algor\u00edtmico | Festival de San Sebasti\u00e1n 2024\" data-vars-post-url=\"https:\/\/www.espinof.com\/criticas\/emilia-perez-mejores-peliculas-ano-jacques-audiard-basa-su-musical-imprevisibilidad-triunfa-cine-algoritmico-festival-san-sebastian-2024\">Emilia P\u00e9rez<\/a>\u2019 (aunque es debatible).<\/p>\n<p><!-- BREAK 7 --><\/p>\n<p><a class=\"text-outboundlink\" href=\"https:\/\/www.espinof.com\/festival-cannes\/cannes-2015-la-inmigracion-de-audiard-los-balcanes-de-aranoa-y-el-porno-3d-de-noe\" data-vars-post-title=\"Cannes 2015 | La inmigraci\u00f3n de Audiard, los Balcanes de Aranoa y el porno 3D de No\u00e9\" data-vars-post-url=\"https:\/\/www.espinof.com\/festival-cannes\/cannes-2015-la-inmigracion-de-audiard-los-balcanes-de-aranoa-y-el-porno-3d-de-noe\">La cr\u00edtica en Espinof<\/a> | <a rel=\"nofollow, sponsored, noopener, noreferrer noopener\" target=\"_blank\" class=\"js-ecommerce\" id=\"link-ecommerce-6\" href=\"https:\/\/www.webedia-afilia.com\/redirect?url=https%3A%2F%2Fwww.primevideo.com%2Fdetail%2F0M6N62FG1TIWCUVRSZB9EOA93P&amp;category=festival-cannes&amp;site=espinof&amp;ecomPostExpiration=everlasting&amp;postId=245759\" data-vars-affiliate-url=\"https:\/\/www.primevideo.com\/detail\/0M6N62FG1TIWCUVRSZB9EOA93P\">En streaming a trav\u00e9s de Amazon Prime Video<\/a><\/p>\n<h2>19. \u2018Yo, Daniel Blake\u2019 (\u2019I, Daniel Blake\u2019, 2016)<\/h2>\n<div class=\"article-asset-image article-asset-normal article-asset-center\">\n<div class=\"asset-content\"> <img class=\"centro_sinmarco\" height=\"675\" width=\"1200\" loading=\"lazy\" decoding=\"async\" sizes=\"100vw\" fetchpriority=\"high\" srcset=\"http:\/\/hoycordobaweb.com\/wp-content\/uploads\/2025\/05\/las-palmas-de-oro-en-el-festival-de-cannes-durante-el-siglo-xxi-ordenadas-de-peor-a-mejor-6.jpg 450w, http:\/\/hoycordobaweb.com\/wp-content\/uploads\/2025\/05\/las-palmas-de-oro-en-el-festival-de-cannes-durante-el-siglo-xxi-ordenadas-de-peor-a-mejor-45.jpg 681w, http:\/\/hoycordobaweb.com\/wp-content\/uploads\/2025\/05\/las-palmas-de-oro-en-el-festival-de-cannes-durante-el-siglo-xxi-ordenadas-de-peor-a-mejor-46.jpg 1024w, http:\/\/hoycordobaweb.com\/wp-content\/uploads\/2025\/05\/las-palmas-de-oro-en-el-festival-de-cannes-durante-el-siglo-xxi-ordenadas-de-peor-a-mejor-47.jpg 1366w\" src=\"http:\/\/hoycordobaweb.com\/wp-content\/uploads\/2025\/05\/las-palmas-de-oro-en-el-festival-de-cannes-durante-el-siglo-xxi-ordenadas-de-peor-a-mejor-6.jpg\" alt=\"Yo Daniel Blake 2016 Ken Loach\"> <noscript><img alt=\"Yo Daniel Blake 2016 Ken Loach\" class=\"centro_sinmarco\" src=\"http:\/\/hoycordobaweb.com\/wp-content\/uploads\/2025\/05\/las-palmas-de-oro-en-el-festival-de-cannes-durante-el-siglo-xxi-ordenadas-de-peor-a-mejor-6.jpg\"><\/noscript> <\/div>\n<\/div>\n<p><strong>Direcci\u00f3n<\/strong>: Ken Loach. <strong>Reparto<\/strong>: Dave Johns, Hayley Squires, Briana Shann, Dylan, McKiernan.<\/p>\n<p>Continuando con la cuesti\u00f3n de premiar a los autores correctos en el momento correcto, con <a href=\"https:\/\/www.espinof.com\/tag\/ken-loach\">Ken Loach<\/a> tambi\u00e9n se toparon con que estaban tardando mucho tiempo en reconocerle. Tanto que se llev\u00f3 casi por decreto el premio en 2016 con una pel\u00edcula de buenas intenciones, pero <strong>un poco derivativa de m\u00e1s en su propia filmograf\u00eda<\/strong>.<\/p>\n<p><!-- BREAK 8 --><\/p>\n<p><a class=\"text-outboundlink\" href=\"https:\/\/www.espinof.com\/criticas\/yo-daniel-blake-los-perros-del-sistema\" data-vars-post-title=\"'Yo, Daniel Blake', los perros del sistema\" data-vars-post-url=\"https:\/\/www.espinof.com\/criticas\/yo-daniel-blake-los-perros-del-sistema\">La cr\u00edtica en Espinof<\/a> | <a rel=\"nofollow, sponsored, noopener, noreferrer noopener\" target=\"_blank\" class=\"js-ecommerce\" id=\"link-ecommerce-7\" href=\"https:\/\/www.webedia-afilia.com\/redirect?url=https%3A%2F%2Fwww.primevideo.com%2Fdetail%2F0MAX9QEXJ2XKTBW46YHO2FF8RF&amp;category=festival-cannes&amp;site=espinof&amp;ecomPostExpiration=everlasting&amp;postId=245759\" data-vars-affiliate-url=\"https:\/\/www.primevideo.com\/detail\/0MAX9QEXJ2XKTBW46YHO2FF8RF\">En streaming a trav\u00e9s de Amazon Prime Video<\/a> y <a rel=\"nofollow, sponsored, noopener, noreferrer noopener\" target=\"_blank\" class=\"js-ecommerce\" id=\"link-ecommerce-8\" href=\"https:\/\/www.webedia-afilia.com\/redirect?url=https%3A%2F%2Fwww.filmin.es%2Fpelicula%2Fyo-daniel-blake&amp;category=festival-cannes&amp;site=espinof&amp;ecomPostExpiration=everlasting&amp;postId=245759\" data-vars-affiliate-url=\"https:\/\/www.filmin.es\/pelicula\/yo-daniel-blake\">de Filmin<\/a><\/p>\n<h2>18. \u2018El viento que agita la cebada\u2019 (\u2019The Wind that Shakes the Barley\u2019, 2006)<\/h2>\n<div class=\"article-asset-image article-asset-normal article-asset-center\">\n<div class=\"asset-content\"> <img class=\"centro_sinmarco\" height=\"675\" width=\"1200\" loading=\"lazy\" decoding=\"async\" sizes=\"100vw\" fetchpriority=\"high\" srcset=\"http:\/\/hoycordobaweb.com\/wp-content\/uploads\/2025\/05\/las-palmas-de-oro-en-el-festival-de-cannes-durante-el-siglo-xxi-ordenadas-de-peor-a-mejor-7.jpg 450w, http:\/\/hoycordobaweb.com\/wp-content\/uploads\/2025\/05\/las-palmas-de-oro-en-el-festival-de-cannes-durante-el-siglo-xxi-ordenadas-de-peor-a-mejor-48.jpg 681w, http:\/\/hoycordobaweb.com\/wp-content\/uploads\/2025\/05\/las-palmas-de-oro-en-el-festival-de-cannes-durante-el-siglo-xxi-ordenadas-de-peor-a-mejor-49.jpg 1024w, http:\/\/hoycordobaweb.com\/wp-content\/uploads\/2025\/05\/las-palmas-de-oro-en-el-festival-de-cannes-durante-el-siglo-xxi-ordenadas-de-peor-a-mejor-50.jpg 1366w\" src=\"http:\/\/hoycordobaweb.com\/wp-content\/uploads\/2025\/05\/las-palmas-de-oro-en-el-festival-de-cannes-durante-el-siglo-xxi-ordenadas-de-peor-a-mejor-7.jpg\" alt=\"El Viento Que Agita La Cebada 2006 Cillian Murphy\"> <noscript><img alt=\"El Viento Que Agita La Cebada 2006 Cillian Murphy\" class=\"centro_sinmarco\" src=\"http:\/\/hoycordobaweb.com\/wp-content\/uploads\/2025\/05\/las-palmas-de-oro-en-el-festival-de-cannes-durante-el-siglo-xxi-ordenadas-de-peor-a-mejor-7.jpg\"><\/noscript> <\/div>\n<\/div>\n<p><strong>Direcci\u00f3n<\/strong>: Ken Loach. <strong>Reparto<\/strong>: Cillian Murphy, Padraic Delaney, Liam Cunningham, William Ruane, Orla Fitzgerald.<\/p>\n<p>Llegado a 2006 estaba todav\u00eda la sensaci\u00f3n de que Loach no estaba siendo debidamente reconocido a pesar de ser fiel a Cannes y <strong>ofrecer ah\u00ed varias de las mejores pel\u00edculas en sus respectivas ediciones<\/strong>. Cuesta decir lo mismo de este buen drama b\u00e9lico sobre el IRA que gan\u00f3 unanimamente en un a\u00f1o que tuvo \u2018<a class=\"text-outboundlink\" href=\"https:\/\/www.espinof.com\/estrenos\/volver-a-disfrutar-con-almodovar\" data-vars-post-title=\"Volver... a disfrutar con Almod\u00f3var\" data-vars-post-url=\"https:\/\/www.espinof.com\/estrenos\/volver-a-disfrutar-con-almodovar\">Volver<\/a>\u2019 o la ic\u00f3nica \u2018<a class=\"text-outboundlink\" href=\"https:\/\/www.espinof.com\/criticas\/guillermo-del-toro-el-laberinto-del-fauno-la-obra-maestra\" data-vars-post-title=\"Guillermo del Toro: 'El laberinto del fauno', la obra maestra\" data-vars-post-url=\"https:\/\/www.espinof.com\/criticas\/guillermo-del-toro-el-laberinto-del-fauno-la-obra-maestra\">El laberinto del fauno<\/a>\u2019, aunque sigue siendo un t\u00edtulo m\u00e1s remarcable de lo que su puesto en esta lista indica.<\/p>\n<p><!-- BREAK 9 --><\/p>\n<p><a class=\"text-outboundlink\" href=\"https:\/\/www.espinof.com\/criticas\/ael-viento-que-agita-la-cebadaa-ken-no-hace-falta-que-nos-hagas-sufrir-tanto\" data-vars-post-title=\"\u2018El viento que agita la cebada\u2019. Ken, no hace falta que nos hagas sufrir tanto\" data-vars-post-url=\"https:\/\/www.espinof.com\/criticas\/ael-viento-que-agita-la-cebadaa-ken-no-hace-falta-que-nos-hagas-sufrir-tanto\">La cr\u00edtica en Espinof<\/a> | <a rel=\"noopener, noreferrer\" href=\"https:\/\/ver.flixole.com\/watch\/378c4fd0-644e-43a9-81fb-fc2de2551819\">En streaming a trav\u00e9s de FlixOl\u00e9<\/a> y <a rel=\"nofollow, sponsored, noopener, noreferrer noopener\" target=\"_blank\" class=\"js-ecommerce\" id=\"link-ecommerce-9\" href=\"https:\/\/www.webedia-afilia.com\/redirect?url=https%3A%2F%2Fwww.movistarplus.es%2Fcine%2Fel-viento-que-agita-la-cebada%2Fficha%3Ftipo%3DE%26id%3D499879&amp;category=festival-cannes&amp;site=espinof&amp;ecomPostExpiration=everlasting&amp;postId=245759\" data-vars-affiliate-url=\"https:\/\/www.movistarplus.es\/cine\/el-viento-que-agita-la-cebada\/ficha?tipo=E&amp;id=499879\">de Movistar+<\/a>.<\/p>\n<h2>17. \u2018El \u00e1rbol de la vida\u2019 (\u2019The Tree of Life\u2019, 2011)<\/h2>\n<div class=\"article-asset-image article-asset-normal article-asset-center\">\n<div class=\"asset-content\"> <img class=\"centro_sinmarco\" height=\"675\" width=\"1200\" loading=\"lazy\" decoding=\"async\" sizes=\"100vw\" fetchpriority=\"high\" srcset=\"http:\/\/hoycordobaweb.com\/wp-content\/uploads\/2025\/05\/las-palmas-de-oro-en-el-festival-de-cannes-durante-el-siglo-xxi-ordenadas-de-peor-a-mejor-8.jpg 450w, http:\/\/hoycordobaweb.com\/wp-content\/uploads\/2025\/05\/las-palmas-de-oro-en-el-festival-de-cannes-durante-el-siglo-xxi-ordenadas-de-peor-a-mejor-51.jpg 681w, http:\/\/hoycordobaweb.com\/wp-content\/uploads\/2025\/05\/las-palmas-de-oro-en-el-festival-de-cannes-durante-el-siglo-xxi-ordenadas-de-peor-a-mejor-52.jpg 1024w, http:\/\/hoycordobaweb.com\/wp-content\/uploads\/2025\/05\/las-palmas-de-oro-en-el-festival-de-cannes-durante-el-siglo-xxi-ordenadas-de-peor-a-mejor-53.jpg 1366w\" src=\"http:\/\/hoycordobaweb.com\/wp-content\/uploads\/2025\/05\/las-palmas-de-oro-en-el-festival-de-cannes-durante-el-siglo-xxi-ordenadas-de-peor-a-mejor-8.jpg\" alt=\"El Arbol De La Vida 2011 Brad Pitt\"> <noscript><img alt=\"El Arbol De La Vida 2011 Brad Pitt\" class=\"centro_sinmarco\" src=\"http:\/\/hoycordobaweb.com\/wp-content\/uploads\/2025\/05\/las-palmas-de-oro-en-el-festival-de-cannes-durante-el-siglo-xxi-ordenadas-de-peor-a-mejor-8.jpg\"><\/noscript> <\/div>\n<\/div>\n<p><strong>Direcci\u00f3n<\/strong>: Terrence Malick. <strong>Reparto<\/strong>: Sean Penn, Jessica Chastain, Brad Pitt, Hunter McCracken, Tye Sheridan.<\/p>\n<p>Tan may\u00fascula como artefacto cinematogr\u00e1fico como ocasionalmente impenetrable como obra de ficci\u00f3n, la pel\u00edcula que marca un punto de inflexi\u00f3n claro para <a href=\"https:\/\/www.espinof.com\/tag\/terrence-malick\">Terrence Malick<\/a> fue tambi\u00e9n una victoria controvertida. <strong>Una pel\u00edcula que causa reacciones dispares<\/strong>, pero que trata de tocar el cielo con ambas manos en su manera de explorar traumas del pasado y relaciones familiares complicadas. Al menos se puede coincidir en algo: es tan deslumbrante visualmente que es perfecta para comprobar si tienes bien calibrados los valores del televisor.<\/p>\n<p><!-- BREAK 10 --> <\/p>\n<p><a class=\"text-outboundlink\" href=\"https:\/\/www.espinof.com\/criticas\/el-arbol-de-la-vida-arte-mas-alla-de-lo-narrativo\" data-vars-post-title=\"'El \u00e1rbol de la vida', arte m\u00e1s all\u00e1 de lo narrativo\" data-vars-post-url=\"https:\/\/www.espinof.com\/criticas\/el-arbol-de-la-vida-arte-mas-alla-de-lo-narrativo\">La cr\u00edtica en Espinof<\/a> | <a rel=\"nofollow, sponsored, noopener, noreferrer noopener\" target=\"_blank\" class=\"js-ecommerce\" id=\"link-ecommerce-10\" href=\"https:\/\/www.webedia-afilia.com\/redirect?url=https%3A%2F%2Fwww.filmin.es%2Fpelicula%2Fel-arbol-de-la-vida&amp;category=festival-cannes&amp;site=espinof&amp;ecomPostExpiration=everlasting&amp;postId=245759\" data-vars-affiliate-url=\"https:\/\/www.filmin.es\/pelicula\/el-arbol-de-la-vida\">En streaming a trav\u00e9s de Filmin<\/a><\/p>\n<h2>16. \u2018La vida de Ad\u00e8le\u2019 (\u2019La vie d&#8217;Ad\u00e8le &#8211; Chapitre 1 &amp; 2\u2019, 2016)<\/h2>\n<div class=\"article-asset-image article-asset-normal article-asset-center\">\n<div class=\"asset-content\"> <img class=\"centro_sinmarco\" height=\"503\" width=\"894\" loading=\"lazy\" decoding=\"async\" sizes=\"100vw\" fetchpriority=\"high\" srcset=\"http:\/\/hoycordobaweb.com\/wp-content\/uploads\/2025\/05\/las-palmas-de-oro-en-el-festival-de-cannes-durante-el-siglo-xxi-ordenadas-de-peor-a-mejor-9.jpg 450w, http:\/\/hoycordobaweb.com\/wp-content\/uploads\/2025\/05\/las-palmas-de-oro-en-el-festival-de-cannes-durante-el-siglo-xxi-ordenadas-de-peor-a-mejor-54.jpg 681w, http:\/\/hoycordobaweb.com\/wp-content\/uploads\/2025\/05\/las-palmas-de-oro-en-el-festival-de-cannes-durante-el-siglo-xxi-ordenadas-de-peor-a-mejor-55.jpg 1024w, http:\/\/hoycordobaweb.com\/wp-content\/uploads\/2025\/05\/las-palmas-de-oro-en-el-festival-de-cannes-durante-el-siglo-xxi-ordenadas-de-peor-a-mejor-56.jpg 1366w\" src=\"http:\/\/hoycordobaweb.com\/wp-content\/uploads\/2025\/05\/las-palmas-de-oro-en-el-festival-de-cannes-durante-el-siglo-xxi-ordenadas-de-peor-a-mejor-9.jpg\" alt=\"La Vida De Adele 2013 Adele Exarchopoulos Lea Seydoux\"> <noscript><img alt=\"La Vida De Adele 2013 Adele Exarchopoulos Lea Seydoux\" class=\"centro_sinmarco\" src=\"http:\/\/hoycordobaweb.com\/wp-content\/uploads\/2025\/05\/las-palmas-de-oro-en-el-festival-de-cannes-durante-el-siglo-xxi-ordenadas-de-peor-a-mejor-9.jpg\"><\/noscript> <\/div>\n<\/div>\n<p><strong>Direcci\u00f3n<\/strong>: Abdellatif Kechiche. <strong>Reparto<\/strong>: Ad\u00e8le Exarchopoulos, L\u00e9a Seydoux, Slaim Kechiouche, Mona Walravens.<\/p>\n<p>Es imposible negar que muchos nos quedamos impactados en su momento con este coming of age tan intenso en su carga LGTBI como en erotismo, y tiene a <strong>dos actrices extraordinarias que ahora son imprescindibles<\/strong> justo en su momento de inflexi\u00f3n. No obstante, todo el historial posterior de <a href=\"https:\/\/www.espinof.com\/tag\/abdellatif-kechiche\">Abdellatif Kechiche<\/a>, con pel\u00edculas obscenas y, peor a\u00fan, denuncias por acoso sexual, llevan a un temor profundo a revisitarla por si termina revent\u00e1ndose el potente recuerdo que tenemos de ella. As\u00ed que se queda en un lugar medianamente equilibrado.<\/p>\n<p><!-- BREAK 11 --><\/p>\n<div class=\"article-asset article-asset-normal article-asset-center\">\n<div class=\"desvio-container\">\n<div class=\"desvio\">\n<div class=\"desvio-figure js-desvio-figure\"> <a href=\"https:\/\/www.espinof.com\/otros\/21-peliculas-de-tematica-lgbti-imprescindibles-para-celebrar-el-dia-del-orgullo\" class=\"pivot-outboundlink\" data-vars-post-title=\"Las 23 mejores pel\u00edculas de tem\u00e1tica LGTBI de la historia\"> <img loading=\"lazy\" alt=\"Las 23 mejores pel\u00edculas de tem\u00e1tica LGTBI de la historia\" width=\"375\" height=\"142\" src=\"http:\/\/hoycordobaweb.com\/wp-content\/uploads\/2025\/05\/las-palmas-de-oro-en-el-festival-de-cannes-durante-el-siglo-xxi-ordenadas-de-peor-a-mejor-10.jpg\"> <\/a> <\/div><\/div><\/div>\n<\/div>\n<p><a class=\"text-outboundlink\" href=\"https:\/\/www.espinof.com\/criticas\/la-vida-de-adele-en-busca-del-color-azul\" data-vars-post-title=\"'La vida de Ad\u00e8le', en busca del color azul\" data-vars-post-url=\"https:\/\/www.espinof.com\/criticas\/la-vida-de-adele-en-busca-del-color-azul\">La cr\u00edtica en Espinof<\/a> | <a rel=\"nofollow, sponsored, noopener, noreferrer noopener\" target=\"_blank\" class=\"js-ecommerce\" id=\"link-ecommerce-11\" href=\"https:\/\/www.webedia-afilia.com\/redirect?url=https%3A%2F%2Fwww.filmin.es%2Fpelicula%2Fla-vida-de-adele&amp;category=festival-cannes&amp;site=espinof&amp;ecomPostExpiration=everlasting&amp;postId=245759\" data-vars-affiliate-url=\"https:\/\/www.filmin.es\/pelicula\/la-vida-de-adele\">En streaming a trav\u00e9s de Filmin<\/a><\/p>\n<h2>15. \u2018El pianista\u2019 (\u2019The Pianist\u2019, 2002)<\/h2>\n<div class=\"article-asset-image article-asset-normal article-asset-center\">\n<div class=\"asset-content\"> <img class=\"centro_sinmarco\" height=\"675\" width=\"1200\" loading=\"lazy\" decoding=\"async\" sizes=\"100vw\" fetchpriority=\"high\" srcset=\"http:\/\/hoycordobaweb.com\/wp-content\/uploads\/2025\/05\/las-palmas-de-oro-en-el-festival-de-cannes-durante-el-siglo-xxi-ordenadas-de-peor-a-mejor-11.jpg 450w, http:\/\/hoycordobaweb.com\/wp-content\/uploads\/2025\/05\/las-palmas-de-oro-en-el-festival-de-cannes-durante-el-siglo-xxi-ordenadas-de-peor-a-mejor-57.jpg 681w, http:\/\/hoycordobaweb.com\/wp-content\/uploads\/2025\/05\/las-palmas-de-oro-en-el-festival-de-cannes-durante-el-siglo-xxi-ordenadas-de-peor-a-mejor-58.jpg 1024w, http:\/\/hoycordobaweb.com\/wp-content\/uploads\/2025\/05\/las-palmas-de-oro-en-el-festival-de-cannes-durante-el-siglo-xxi-ordenadas-de-peor-a-mejor-59.jpg 1366w\" src=\"http:\/\/hoycordobaweb.com\/wp-content\/uploads\/2025\/05\/las-palmas-de-oro-en-el-festival-de-cannes-durante-el-siglo-xxi-ordenadas-de-peor-a-mejor-11.jpg\" alt=\"El Pianista 2002 Adrien Brody\"> <noscript><img alt=\"El Pianista 2002 Adrien Brody\" class=\"centro_sinmarco\" src=\"http:\/\/hoycordobaweb.com\/wp-content\/uploads\/2025\/05\/las-palmas-de-oro-en-el-festival-de-cannes-durante-el-siglo-xxi-ordenadas-de-peor-a-mejor-11.jpg\"><\/noscript> <\/div>\n<\/div>\n<p><strong>Direcci\u00f3n<\/strong>: Roman Polanski. <strong>Reparto<\/strong>: Adrien Brody, Thomas Kretschmann, Maureen Lipman, Ed Stoppard.<\/p>\n<p>Otra pel\u00edcula que pod\u00eda haberse ca\u00eddo en el recuerdo o por la cada vez m\u00e1s inc\u00f3moda presencia de su autor, pero lo cierto es que <a class=\"text-outboundlink\" href=\"https:\/\/www.espinof.com\/directores-y-guionistas\/mejores-peliculas-roman-polanski\" data-vars-post-title=\"Las 11 mejores pel\u00edculas de Roman Polanski\" data-vars-post-url=\"https:\/\/www.espinof.com\/directores-y-guionistas\/mejores-peliculas-roman-polanski\">Roman Polanski<\/a> afronta el Holocausto con el suficiente academicismo para que <strong>este drama de supervivencia siga conmoviendo<\/strong>. Una formas muy accesibles que sin embargo no resultan r\u00edgidas, sino que van perfectamente de la mano con una historia formidable y un <a href=\"https:\/\/www.espinof.com\/tag\/adrien-brody\">Adrien Brody<\/a> extraordinario.<\/p>\n<p><!-- BREAK 12 --><\/p>\n<p><a class=\"text-outboundlink\" href=\"https:\/\/www.espinof.com\/criticas\/esta-netflix-gano-3-oscars-obra-maestra-inolvidable-realista-tenebrosa\" data-vars-post-title=\"Est\u00e1 en Netflix, gan\u00f3 3 Oscars y es una obra maestra inolvidable, realista y tenebrosa \" data-vars-post-url=\"https:\/\/www.espinof.com\/criticas\/esta-netflix-gano-3-oscars-obra-maestra-inolvidable-realista-tenebrosa\">La cr\u00edtica en Espinof<\/a> | <a rel=\"nofollow, sponsored, noopener, noreferrer noopener\" target=\"_blank\" class=\"js-ecommerce\" id=\"link-ecommerce-12\" href=\"https:\/\/www.webedia-afilia.com\/redirect?url=https%3A%2F%2Fwww.disneyplus.com%2Fes-es%2Fbrowse%2Fentity-34a90211-3780-4cd5-a8e3-dde2ff569d1b&amp;category=festival-cannes&amp;site=espinof&amp;ecomPostExpiration=everlasting&amp;postId=245759\" data-vars-affiliate-url=\"https:\/\/www.disneyplus.com\/es-es\/browse\/entity-34a90211-3780-4cd5-a8e3-dde2ff569d1b\">En streaming a trav\u00e9s de Disney+<\/a>, <a rel=\"noopener, noreferrer\" href=\"https:\/\/ver.flixole.com\/watch\/eb81f355-92ec-41cb-9740-60cf9193b2d5\">de FlixOl\u00e9<\/a> y <a rel=\"nofollow, sponsored, noopener, noreferrer noopener\" target=\"_blank\" class=\"js-ecommerce\" id=\"link-ecommerce-13\" href=\"https:\/\/www.webedia-afilia.com\/redirect?url=https%3A%2F%2Fwww.movistarplus.es%2Fcine%2Fel-pianista%2Fficha%3Ftipo%3DE%26id%3D379987&amp;category=festival-cannes&amp;site=espinof&amp;ecomPostExpiration=everlasting&amp;postId=245759\" data-vars-affiliate-url=\"https:\/\/www.movistarplus.es\/cine\/el-pianista\/ficha?tipo=E&amp;id=379987\">de Movistar+<\/a>.<\/p>\n<h2>14. \u2018La clase\u2019 (\u2019Entre les murs\u2019, 2008)<\/h2>\n<div class=\"article-asset-image article-asset-normal article-asset-center\">\n<div class=\"asset-content\"> <img class=\"centro_sinmarco\" height=\"675\" width=\"1200\" loading=\"lazy\" decoding=\"async\" sizes=\"100vw\" fetchpriority=\"high\" srcset=\"http:\/\/hoycordobaweb.com\/wp-content\/uploads\/2025\/05\/las-palmas-de-oro-en-el-festival-de-cannes-durante-el-siglo-xxi-ordenadas-de-peor-a-mejor-12.jpg 450w, http:\/\/hoycordobaweb.com\/wp-content\/uploads\/2025\/05\/las-palmas-de-oro-en-el-festival-de-cannes-durante-el-siglo-xxi-ordenadas-de-peor-a-mejor-60.jpg 681w, http:\/\/hoycordobaweb.com\/wp-content\/uploads\/2025\/05\/las-palmas-de-oro-en-el-festival-de-cannes-durante-el-siglo-xxi-ordenadas-de-peor-a-mejor-61.jpg 1024w, http:\/\/hoycordobaweb.com\/wp-content\/uploads\/2025\/05\/las-palmas-de-oro-en-el-festival-de-cannes-durante-el-siglo-xxi-ordenadas-de-peor-a-mejor-62.jpg 1366w\" src=\"http:\/\/hoycordobaweb.com\/wp-content\/uploads\/2025\/05\/las-palmas-de-oro-en-el-festival-de-cannes-durante-el-siglo-xxi-ordenadas-de-peor-a-mejor-12.jpg\" alt=\"La Clase 2008 Laurent Cantet\"> <noscript><img alt=\"La Clase 2008 Laurent Cantet\" class=\"centro_sinmarco\" src=\"http:\/\/hoycordobaweb.com\/wp-content\/uploads\/2025\/05\/las-palmas-de-oro-en-el-festival-de-cannes-durante-el-siglo-xxi-ordenadas-de-peor-a-mejor-12.jpg\"><\/noscript> <\/div>\n<\/div>\n<p><strong>Direcci\u00f3n<\/strong>: Laurent Cantet. <strong>Reparto<\/strong>: Fran\u00e7ois B\u00e9gaudeau, Nassim Amrabt, Laura Baquela, Cherif Bouna\u00efdja Rachedi, Juliette Demaille.<\/p>\n<p>Poca presencia de dramas educativos en esta lista, a pesar que es uno de los g\u00e9neros predilectos del cine franc\u00e9s. Aun as\u00ed, fue reconocido uno de los mejores, con <a href=\"https:\/\/www.espinof.com\/tag\/laurent-cantet\">Laurent Cantet<\/a> llevando con gusto la historia semi-autobiogr\u00e1fica de un profesor de instituto que protagoniza la historia, explorando las dificultades del profesorado para inspirar a sus estudiantes de cara a que se atrevan a volar libres, ya que el propio sistema en el que se encuentran acaba aplicando unas restricciones terribles. <strong>Compleja y pertinente adem\u00e1s de fant\u00e1sticamente llevada<\/strong>.<\/p>\n<p><!-- BREAK 13 --><\/p>\n<p><a class=\"text-outboundlink\" href=\"https:\/\/www.espinof.com\/criticas\/la-clase-la-carcel-de-la-ignorancia\" data-vars-post-title=\"'La clase', la c\u00e1rcel de la ignorancia\" data-vars-post-url=\"https:\/\/www.espinof.com\/criticas\/la-clase-la-carcel-de-la-ignorancia\">La cr\u00edtica en Espinof<\/a> | <a rel=\"noopener, noreferrer\" href=\"https:\/\/ver.acontraplus.com\/watch\/6e0624fc-5374-4ad1-9800-b380249c6356\">En streaming a trav\u00e9s de acontra+<\/a> y <a rel=\"nofollow, sponsored, noopener, noreferrer noopener\" target=\"_blank\" class=\"js-ecommerce\" id=\"link-ecommerce-14\" href=\"https:\/\/www.webedia-afilia.com\/redirect?url=https%3A%2F%2Fwww.filmin.es%2Fpelicula%2Fla-clase&amp;category=festival-cannes&amp;site=espinof&amp;ecomPostExpiration=everlasting&amp;postId=245759\" data-vars-affiliate-url=\"https:\/\/www.filmin.es\/pelicula\/la-clase\">de Filmin<\/a>.<\/p>\n<h2>13. \u2018Sue\u00f1o de invierno (Winter Sleep)\u2019 (\u2019Winter Sleep\u2019, 2014)<\/h2>\n<div class=\"article-asset-image article-asset-normal article-asset-center\">\n<div class=\"asset-content\"> <img class=\"centro_sinmarco\" height=\"675\" width=\"1200\" loading=\"lazy\" decoding=\"async\" sizes=\"100vw\" fetchpriority=\"high\" srcset=\"http:\/\/hoycordobaweb.com\/wp-content\/uploads\/2025\/05\/las-palmas-de-oro-en-el-festival-de-cannes-durante-el-siglo-xxi-ordenadas-de-peor-a-mejor-13.jpg 450w, http:\/\/hoycordobaweb.com\/wp-content\/uploads\/2025\/05\/las-palmas-de-oro-en-el-festival-de-cannes-durante-el-siglo-xxi-ordenadas-de-peor-a-mejor-63.jpg 681w, http:\/\/hoycordobaweb.com\/wp-content\/uploads\/2025\/05\/las-palmas-de-oro-en-el-festival-de-cannes-durante-el-siglo-xxi-ordenadas-de-peor-a-mejor-64.jpg 1024w, http:\/\/hoycordobaweb.com\/wp-content\/uploads\/2025\/05\/las-palmas-de-oro-en-el-festival-de-cannes-durante-el-siglo-xxi-ordenadas-de-peor-a-mejor-65.jpg 1366w\" src=\"http:\/\/hoycordobaweb.com\/wp-content\/uploads\/2025\/05\/las-palmas-de-oro-en-el-festival-de-cannes-durante-el-siglo-xxi-ordenadas-de-peor-a-mejor-13.jpg\" alt=\"Sueno De Invierno Winter Sleep 2014\"> <noscript><img alt=\"Sueno De Invierno Winter Sleep 2014\" class=\"centro_sinmarco\" src=\"http:\/\/hoycordobaweb.com\/wp-content\/uploads\/2025\/05\/las-palmas-de-oro-en-el-festival-de-cannes-durante-el-siglo-xxi-ordenadas-de-peor-a-mejor-13.jpg\"><\/noscript> <\/div>\n<\/div>\n<p><strong>Direcci\u00f3n<\/strong>: Nuri Bilge Ceylan. <strong>Reparto<\/strong>: Haluk Bilginer, Melisa Z\u00f6zen, Demet Akbag, Mehmet Ali Nuroglu.<\/p>\n<p>El cine de <a href=\"https:\/\/www.espinof.com\/tag\/nuri-bilge-ceylan\">Nuri Bilge Ceylan<\/a> es incre\u00edblemente demandante por su manera de estirar los momentos y la observaci\u00f3n de situaciones y lugares, llevando a que sus pel\u00edculas est\u00e9n siempre alrededor de las tres horas. Pero aqu\u00ed sus formas se vuelven una gran expresi\u00f3n del conocido como cine trascendental, empleando la lentitud para un desgranamiento profundo de la contradictoria condici\u00f3n humana y, tambi\u00e9n, de <strong>explorar un conflicto de clases de una manera fascinante<\/strong>.<\/p>\n<p><!-- BREAK 14 --><\/p>\n<p><a rel=\"nofollow, sponsored, noopener, noreferrer noopener\" target=\"_blank\" class=\"js-ecommerce\" id=\"link-ecommerce-15\" href=\"https:\/\/www.webedia-afilia.com\/redirect?url=https%3A%2F%2Fwww.filmin.es%2Fpelicula%2Fwinter-sleep-sueno-de-invierno&amp;category=festival-cannes&amp;site=espinof&amp;ecomPostExpiration=everlasting&amp;postId=245759\" data-vars-affiliate-url=\"https:\/\/www.filmin.es\/pelicula\/winter-sleep-sueno-de-invierno\">En streaming a trav\u00e9s de Filmin<\/a><\/p>\n<h2>12. \u2018Anatom\u00eda de una ca\u00edda\u2019 (\u2019Anatomie d&#8217;une chute\u2019, 2023)<\/h2>\n<div class=\"article-asset-image article-asset-normal article-asset-center\">\n<div class=\"asset-content\"> <img class=\"centro_sinmarco\" height=\"675\" width=\"1200\" loading=\"lazy\" decoding=\"async\" sizes=\"100vw\" fetchpriority=\"high\" srcset=\"http:\/\/hoycordobaweb.com\/wp-content\/uploads\/2025\/05\/las-palmas-de-oro-en-el-festival-de-cannes-durante-el-siglo-xxi-ordenadas-de-peor-a-mejor-14.jpg 450w, http:\/\/hoycordobaweb.com\/wp-content\/uploads\/2025\/05\/las-palmas-de-oro-en-el-festival-de-cannes-durante-el-siglo-xxi-ordenadas-de-peor-a-mejor-66.jpg 681w, http:\/\/hoycordobaweb.com\/wp-content\/uploads\/2025\/05\/las-palmas-de-oro-en-el-festival-de-cannes-durante-el-siglo-xxi-ordenadas-de-peor-a-mejor-67.jpg 1024w, http:\/\/hoycordobaweb.com\/wp-content\/uploads\/2025\/05\/las-palmas-de-oro-en-el-festival-de-cannes-durante-el-siglo-xxi-ordenadas-de-peor-a-mejor-68.jpg 1366w\" src=\"http:\/\/hoycordobaweb.com\/wp-content\/uploads\/2025\/05\/las-palmas-de-oro-en-el-festival-de-cannes-durante-el-siglo-xxi-ordenadas-de-peor-a-mejor-14.jpg\" alt=\"Anatomia De Una Caida 2023\"> <noscript><img alt=\"Anatomia De Una Caida 2023\" class=\"centro_sinmarco\" src=\"http:\/\/hoycordobaweb.com\/wp-content\/uploads\/2025\/05\/las-palmas-de-oro-en-el-festival-de-cannes-durante-el-siglo-xxi-ordenadas-de-peor-a-mejor-14.jpg\"><\/noscript> <\/div>\n<\/div>\n<p><strong>Direcci\u00f3n<\/strong>: Justine Triet. <strong>Reparto<\/strong>: Sandara H\u00fcller, Milo Machado Graner, Swann Arlaoud, Samuel Theis.<\/p>\n<p>Una pel\u00edcula que se puede considera ejemplo de c\u00f3mo Cannes cada vez dicta m\u00e1s la conversaci\u00f3n a nivel internacional e industrial, o de c\u00f3mo cada vez son m\u00e1s astutos escogiendo cintas con tir\u00f3n comercial. Sea como sea, aqu\u00ed tenemos <strong>un sensacional trabajo de cine judicial y de estudio de personaje complejo<\/strong> donde <a href=\"https:\/\/www.espinof.com\/tag\/justine-triet\">Justine Triet<\/a> es capaz de pisar charcos sin acabar empapada.<\/p>\n<p><!-- BREAK 15 --> <\/p>\n<p><a class=\"text-outboundlink\" href=\"https:\/\/www.espinof.com\/criticas\/anatomia-caida-mejores-peliculas-ano-ganadora-festival-cannes-me-ha-fascinado-ambiguo-retrato-psicologico-su-protagonista\" data-vars-post-title=\"'Anatom\u00eda de una ca\u00edda' es una de las mejores pel\u00edculas del a\u00f1o: la ganadora del Festival de Cannes me ha fascinado con el ambiguo retrato psicol\u00f3gico de su protagonista\" data-vars-post-url=\"https:\/\/www.espinof.com\/criticas\/anatomia-caida-mejores-peliculas-ano-ganadora-festival-cannes-me-ha-fascinado-ambiguo-retrato-psicologico-su-protagonista\">La cr\u00edtica en Espinof<\/a> | <a rel=\"nofollow, sponsored, noopener, noreferrer noopener\" target=\"_blank\" class=\"js-ecommerce\" id=\"link-ecommerce-16\" href=\"https:\/\/www.webedia-afilia.com\/redirect?url=https%3A%2F%2Fwww.filmin.es%2Fpelicula%2Fanatomia-de-una-caida&amp;category=festival-cannes&amp;site=espinof&amp;ecomPostExpiration=everlasting&amp;postId=245759\" data-vars-affiliate-url=\"https:\/\/www.filmin.es\/pelicula\/anatomia-de-una-caida\">En streaming a trav\u00e9s de Filmin<\/a> y <a rel=\"nofollow, sponsored, noopener, noreferrer noopener\" target=\"_blank\" class=\"js-ecommerce\" id=\"link-ecommerce-17\" href=\"https:\/\/www.webedia-afilia.com\/redirect?url=https%3A%2F%2Fwww.movistarplus.es%2Fcine%2Fanatomia-de-una-caida%2Fficha%3Ftipo%3DE%26id%3D3236375&amp;category=festival-cannes&amp;site=espinof&amp;ecomPostExpiration=everlasting&amp;postId=245759\" data-vars-affiliate-url=\"https:\/\/www.movistarplus.es\/cine\/anatomia-de-una-caida\/ficha?tipo=E&amp;id=3236375\">de Movistar+<\/a><\/p>\n<h2>11. \u2018La habitaci\u00f3n del hijo\u2019 (\u2019La stanza del figlio\u2019, 2001)<\/h2>\n<div class=\"article-asset-image article-asset-normal article-asset-center\">\n<div class=\"asset-content\"> <img class=\"centro_sinmarco\" height=\"675\" width=\"1200\" loading=\"lazy\" decoding=\"async\" sizes=\"100vw\" fetchpriority=\"high\" srcset=\"http:\/\/hoycordobaweb.com\/wp-content\/uploads\/2025\/05\/las-palmas-de-oro-en-el-festival-de-cannes-durante-el-siglo-xxi-ordenadas-de-peor-a-mejor-15.jpg 450w, http:\/\/hoycordobaweb.com\/wp-content\/uploads\/2025\/05\/las-palmas-de-oro-en-el-festival-de-cannes-durante-el-siglo-xxi-ordenadas-de-peor-a-mejor-69.jpg 681w, http:\/\/hoycordobaweb.com\/wp-content\/uploads\/2025\/05\/las-palmas-de-oro-en-el-festival-de-cannes-durante-el-siglo-xxi-ordenadas-de-peor-a-mejor-70.jpg 1024w, http:\/\/hoycordobaweb.com\/wp-content\/uploads\/2025\/05\/las-palmas-de-oro-en-el-festival-de-cannes-durante-el-siglo-xxi-ordenadas-de-peor-a-mejor-71.jpg 1366w\" src=\"http:\/\/hoycordobaweb.com\/wp-content\/uploads\/2025\/05\/las-palmas-de-oro-en-el-festival-de-cannes-durante-el-siglo-xxi-ordenadas-de-peor-a-mejor-15.jpg\" alt=\"La Habitacion Del Hijo 2001 Nanni Moretti\"> <noscript><img alt=\"La Habitacion Del Hijo 2001 Nanni Moretti\" class=\"centro_sinmarco\" src=\"http:\/\/hoycordobaweb.com\/wp-content\/uploads\/2025\/05\/las-palmas-de-oro-en-el-festival-de-cannes-durante-el-siglo-xxi-ordenadas-de-peor-a-mejor-15.jpg\"><\/noscript> <\/div>\n<\/div>\n<p><strong>Direcci\u00f3n<\/strong>: Nanni Moretti. <strong>Reparto<\/strong>: Nanni Moretti, Laura Morante, Jasmine Trinca, Giuseppe Sanfelice.<\/p>\n<p>Resulta peculiar que alguien tan asociado a una comedia bastante sofisticada aunque puntiaguada como <a href=\"https:\/\/www.espinof.com\/tag\/nanni-moretti\">Nanni Moretti<\/a> fuese reconocido por un drama familiar, o que una pel\u00edcula como esta se impusiera a trabajos transgresores como \u2018<a class=\"text-outboundlink\" href=\"https:\/\/www.espinof.com\/criticas\/david-lynch-mulholland-drive-la-sensualidad-es-un-laberinto\" data-vars-post-title=\"David Lynch: 'Mulholland Drive', la sensualidad es un laberinto\" data-vars-post-url=\"https:\/\/www.espinof.com\/criticas\/david-lynch-mulholland-drive-la-sensualidad-es-un-laberinto\">Mulholland Drive<\/a>\u2019 o \u2018<strong>La pianista<\/strong>\u2019. Aun asi, es <strong>tan especial su sensibilidad, su manera de escribir los personajes y c\u00f3mo aborda el duelo<\/strong> con incre\u00edble madurez que no est\u00e1 de m\u00e1s darle un reconocimiento.<\/p>\n<p><!-- BREAK 16 --><\/p>\n<div class=\"article-asset article-asset-normal article-asset-center\">\n<div class=\"desvio-container\">\n<div class=\"desvio\">\n<div class=\"desvio-figure js-desvio-figure\"> <a href=\"https:\/\/www.espinof.com\/cine-clasico\/dia-apagon-cuando-regreso-luz-decidi-ponerme-pelicula-que-vencio-inesperadamente-a-lynch-a-haneke-habitacion-hijo\" class=\"pivot-outboundlink\" data-vars-post-title=\"Este drama venci\u00f3 inesperadamente a David Lynch y a Michael Haneke en Cannes, y ahora entiendo por qu\u00e9: 'La habitaci\u00f3n del hijo' es maravillosa\"> <img loading=\"lazy\" alt=\"Este drama venci\u00f3 inesperadamente a David Lynch y a Michael Haneke en Cannes, y ahora entiendo por qu\u00e9: 'La habitaci\u00f3n del hijo' es maravillosa\" width=\"375\" height=\"142\" src=\"http:\/\/hoycordobaweb.com\/wp-content\/uploads\/2025\/05\/las-palmas-de-oro-en-el-festival-de-cannes-durante-el-siglo-xxi-ordenadas-de-peor-a-mejor-16.jpg\"> <\/a> <\/div><\/div><\/div>\n<\/div>\n<p><a class=\"text-outboundlink\" href=\"https:\/\/www.espinof.com\/criticas\/la-habitacion-del-hijo-cobijar-el-dolor\" data-vars-post-title=\"'La habitaci\u00f3n del hijo', cobijar el dolor \" data-vars-post-url=\"https:\/\/www.espinof.com\/criticas\/la-habitacion-del-hijo-cobijar-el-dolor\">La cr\u00edtica en Espinof<\/a> | <a rel=\"nofollow, sponsored, noopener, noreferrer noopener\" target=\"_blank\" class=\"js-ecommerce\" id=\"link-ecommerce-18\" href=\"https:\/\/www.webedia-afilia.com\/redirect?url=https%3A%2F%2Fwww.filmin.es%2Fpelicula%2Fla-habitacion-del-hijo&amp;category=festival-cannes&amp;site=espinof&amp;ecomPostExpiration=everlasting&amp;postId=245759\" data-vars-affiliate-url=\"https:\/\/www.filmin.es\/pelicula\/la-habitacion-del-hijo\">En streaming a trav\u00e9s de Filmin<\/a><\/p>\n<h2>10. \u2018Bailar en la oscuridad\u2019 (\u2019Dancer in the Dark\u2019, 2000)<\/h2>\n<div class=\"article-asset-image article-asset-normal article-asset-center\">\n<div class=\"asset-content\"> <img class=\"centro_sinmarco\" height=\"675\" width=\"1200\" loading=\"lazy\" decoding=\"async\" sizes=\"100vw\" fetchpriority=\"high\" srcset=\"http:\/\/hoycordobaweb.com\/wp-content\/uploads\/2025\/05\/las-palmas-de-oro-en-el-festival-de-cannes-durante-el-siglo-xxi-ordenadas-de-peor-a-mejor-17.jpg 450w, http:\/\/hoycordobaweb.com\/wp-content\/uploads\/2025\/05\/las-palmas-de-oro-en-el-festival-de-cannes-durante-el-siglo-xxi-ordenadas-de-peor-a-mejor-72.jpg 681w, http:\/\/hoycordobaweb.com\/wp-content\/uploads\/2025\/05\/las-palmas-de-oro-en-el-festival-de-cannes-durante-el-siglo-xxi-ordenadas-de-peor-a-mejor-73.jpg 1024w, http:\/\/hoycordobaweb.com\/wp-content\/uploads\/2025\/05\/las-palmas-de-oro-en-el-festival-de-cannes-durante-el-siglo-xxi-ordenadas-de-peor-a-mejor-74.jpg 1366w\" src=\"http:\/\/hoycordobaweb.com\/wp-content\/uploads\/2025\/05\/las-palmas-de-oro-en-el-festival-de-cannes-durante-el-siglo-xxi-ordenadas-de-peor-a-mejor-17.jpg\" alt=\"Bailar En La Oscuridad 2000 Lars Von Trier\"> <noscript><img alt=\"Bailar En La Oscuridad 2000 Lars Von Trier\" class=\"centro_sinmarco\" src=\"http:\/\/hoycordobaweb.com\/wp-content\/uploads\/2025\/05\/las-palmas-de-oro-en-el-festival-de-cannes-durante-el-siglo-xxi-ordenadas-de-peor-a-mejor-17.jpg\"><\/noscript> <\/div>\n<\/div>\n<p><strong>Direcci\u00f3n<\/strong>: Lars Von Triet. <strong>Reparto<\/strong>: Bj\u00f6rk, Catherine Deneuve, David Morse, Peter Stormare.<\/p>\n<p>Lleg\u00f3 a ser persona non grata por querer ser controvertido en torno al nazismo, pero terminaron revocando la prohibici\u00f3n de la entrada porque al final tienen dif\u00edcil resistirse a <a class=\"text-outboundlink\" href=\"https:\/\/www.espinof.com\/listas\/todas-peliculas-lars-von-trier-ordenadas-peor-a-mejor\" data-vars-post-title=\"Todas las pel\u00edculas de Lars von Trier ordenadas de peor a mejor\" data-vars-post-url=\"https:\/\/www.espinof.com\/listas\/todas-peliculas-lars-von-trier-ordenadas-peor-a-mejor\">Lars Von Trier<\/a>. Se puede llegar a entender cuando saca una obra tan kamikaze pero asombrosa como este musical antiglamouroso adem\u00e1s de <strong>provocador de las mejores maneras posibles<\/strong>.<\/p>\n<p><!-- BREAK 17 --><\/p>\n<p><a class=\"text-outboundlink\" href=\"https:\/\/www.espinof.com\/criticas\/bailar-en-la-oscuridad-la-vida-y-la-miseria-y-la-muerte-son-musica\" data-vars-post-title=\"'Bailar en la oscuridad', la vida y la miseria y la muerte son m\u00fasica\" data-vars-post-url=\"https:\/\/www.espinof.com\/criticas\/bailar-en-la-oscuridad-la-vida-y-la-miseria-y-la-muerte-son-musica\">La cr\u00edtica en Espinof<\/a> | <a rel=\"nofollow, sponsored, noopener, noreferrer noopener\" target=\"_blank\" class=\"js-ecommerce\" id=\"link-ecommerce-19\" href=\"https:\/\/www.webedia-afilia.com\/redirect?url=https%3A%2F%2Fwww.filmin.es%2Fpelicula%2Fbailar-en-la-oscuridad&amp;category=festival-cannes&amp;site=espinof&amp;ecomPostExpiration=everlasting&amp;postId=245759\" data-vars-affiliate-url=\"https:\/\/www.filmin.es\/pelicula\/bailar-en-la-oscuridad\">En streaming a trav\u00e9s de Filmin<\/a><\/p>\n<h2>9. \u2018El ni\u00f1o\u2019 (\u2019L&#8217;Enfant\u2019, 2005)<\/h2>\n<div class=\"article-asset-image article-asset-normal article-asset-center\">\n<div class=\"asset-content\"> <img class=\"centro_sinmarco\" height=\"675\" width=\"1200\" loading=\"lazy\" decoding=\"async\" sizes=\"100vw\" fetchpriority=\"high\" srcset=\"http:\/\/hoycordobaweb.com\/wp-content\/uploads\/2025\/05\/las-palmas-de-oro-en-el-festival-de-cannes-durante-el-siglo-xxi-ordenadas-de-peor-a-mejor-18.jpg 450w, http:\/\/hoycordobaweb.com\/wp-content\/uploads\/2025\/05\/las-palmas-de-oro-en-el-festival-de-cannes-durante-el-siglo-xxi-ordenadas-de-peor-a-mejor-75.jpg 681w, http:\/\/hoycordobaweb.com\/wp-content\/uploads\/2025\/05\/las-palmas-de-oro-en-el-festival-de-cannes-durante-el-siglo-xxi-ordenadas-de-peor-a-mejor-76.jpg 1024w, http:\/\/hoycordobaweb.com\/wp-content\/uploads\/2025\/05\/las-palmas-de-oro-en-el-festival-de-cannes-durante-el-siglo-xxi-ordenadas-de-peor-a-mejor-77.jpg 1366w\" src=\"http:\/\/hoycordobaweb.com\/wp-content\/uploads\/2025\/05\/las-palmas-de-oro-en-el-festival-de-cannes-durante-el-siglo-xxi-ordenadas-de-peor-a-mejor-18.jpg\" alt=\"El Nino 2005 Dardenne\"> <noscript><img alt=\"El Nino 2005 Dardenne\" class=\"centro_sinmarco\" src=\"http:\/\/hoycordobaweb.com\/wp-content\/uploads\/2025\/05\/las-palmas-de-oro-en-el-festival-de-cannes-durante-el-siglo-xxi-ordenadas-de-peor-a-mejor-18.jpg\"><\/noscript> <\/div>\n<\/div>\n<p><strong>Direcci\u00f3n<\/strong>: Jean-Pierre Dardenne, Luc Dardenne. <strong>Reparto<\/strong>: D\u00e9borah Fran\u00e7ois, J\u00e9r\u00e9mie R\u00e9nier, J\u00e9r\u00e9mie Segard, Fabrizio Rongione.<\/p>\n<p>Hay cineastas por los que los organizadores del festival tienen un claro fetiche, tray\u00e9ndoles por defecto traigan la obra que traigan y, a menudo, entrando casi por lo mismo en las quinielas a ganar. Los <a href=\"https:\/\/www.espinof.com\/tag\/jean-pierre-y-luc-dardenne\">Dardenne<\/a> entran en esa categor\u00eda, si bien es cierto es que sus dos Palmas son merecid\u00edsimas. Esta en concreto muestra una fant\u00e1stica versi\u00f3n de su manera de observar las vidas en los m\u00e1rgenes <strong>sin suavizar ni edulcorar los aspectos espinosos de sus personajes<\/strong>.<\/p>\n<p><!-- BREAK 18 --><\/p>\n<p><a class=\"text-outboundlink\" href=\"https:\/\/www.espinof.com\/otros-festivales-de-cine\/lenfant-palma-de-oro-en-cannes-2005\" data-vars-post-title=\"'L'enfant', Palma de Oro en Cannes 2005\" data-vars-post-url=\"https:\/\/www.espinof.com\/otros-festivales-de-cine\/lenfant-palma-de-oro-en-cannes-2005\">La cr\u00edtica en Espinof<\/a><\/p>\n<h2>8. \u2018La cinta blanca\u2019 (\u2019Das weisse Band\u2019, 2009)<\/h2>\n<div class=\"article-asset-image article-asset-normal article-asset-center\">\n<div class=\"asset-content\"> <img class=\"centro_sinmarco\" height=\"675\" width=\"1200\" loading=\"lazy\" decoding=\"async\" sizes=\"100vw\" fetchpriority=\"high\" srcset=\"http:\/\/hoycordobaweb.com\/wp-content\/uploads\/2025\/05\/las-palmas-de-oro-en-el-festival-de-cannes-durante-el-siglo-xxi-ordenadas-de-peor-a-mejor-19.jpg 450w, http:\/\/hoycordobaweb.com\/wp-content\/uploads\/2025\/05\/las-palmas-de-oro-en-el-festival-de-cannes-durante-el-siglo-xxi-ordenadas-de-peor-a-mejor-78.jpg 681w, http:\/\/hoycordobaweb.com\/wp-content\/uploads\/2025\/05\/las-palmas-de-oro-en-el-festival-de-cannes-durante-el-siglo-xxi-ordenadas-de-peor-a-mejor-79.jpg 1024w, http:\/\/hoycordobaweb.com\/wp-content\/uploads\/2025\/05\/las-palmas-de-oro-en-el-festival-de-cannes-durante-el-siglo-xxi-ordenadas-de-peor-a-mejor-80.jpg 1366w\" src=\"http:\/\/hoycordobaweb.com\/wp-content\/uploads\/2025\/05\/las-palmas-de-oro-en-el-festival-de-cannes-durante-el-siglo-xxi-ordenadas-de-peor-a-mejor-19.jpg\" alt=\"La Cinta Blanca 2009\"> <noscript><img alt=\"La Cinta Blanca 2009\" class=\"centro_sinmarco\" src=\"http:\/\/hoycordobaweb.com\/wp-content\/uploads\/2025\/05\/las-palmas-de-oro-en-el-festival-de-cannes-durante-el-siglo-xxi-ordenadas-de-peor-a-mejor-19.jpg\"><\/noscript> <\/div>\n<\/div>\n<p><strong>Direcci\u00f3n<\/strong>: Michael Haneke. <strong>Reparto<\/strong>: Susanne Lothar, Ulrich Tukur, Leonard Proxauf, Burghart Klau\u00dfner.<\/p>\n<p>Otro gran favorito del festival es <a href=\"https:\/\/www.espinof.com\/tag\/michael-haneke\">Michael Haneke<\/a>, que tambi\u00e9n se llev\u00f3 dos Palmas de las que adem\u00e1s vamos a hablar aqu\u00ed. Tambi\u00e9n son merecidas, porque el austriaco es un cineasta fundamental de las \u00faltimas tres d\u00e9cadas. Sus miradas al horror alcanzaban incre\u00edbles cotas, como en esta exploraci\u00f3n de los or\u00edgenes del fascismo que <strong>todav\u00eda hiela la sangre<\/strong>.<\/p>\n<p><!-- BREAK 19 --><\/p>\n<p><a class=\"text-outboundlink\" href=\"https:\/\/www.espinof.com\/criticas\/la-cinta-blanca-la-perversidad-del-alma\" data-vars-post-title=\"'La cinta blanca', la perversidad del alma\" data-vars-post-url=\"https:\/\/www.espinof.com\/criticas\/la-cinta-blanca-la-perversidad-del-alma\">La cr\u00edtica en Espinof<\/a> | <a rel=\"noopener, noreferrer\" href=\"https:\/\/ver.acontraplus.com\/watch\/c651df60-1de7-4a05-84a2-f319d74ada2a\">En streaming a trav\u00e9s de acontra+<\/a>, <a rel=\"nofollow, sponsored, noopener, noreferrer noopener\" target=\"_blank\" class=\"js-ecommerce\" id=\"link-ecommerce-20\" href=\"https:\/\/www.webedia-afilia.com\/redirect?url=https%3A%2F%2Fwww.filmin.es%2Fpelicula%2Fla-cinta-blanca&amp;category=festival-cannes&amp;site=espinof&amp;ecomPostExpiration=everlasting&amp;postId=245759\" data-vars-affiliate-url=\"https:\/\/www.filmin.es\/pelicula\/la-cinta-blanca\">de Filmin<\/a> y <a rel=\"nofollow, sponsored, noopener, noreferrer noopener\" target=\"_blank\" class=\"js-ecommerce\" id=\"link-ecommerce-21\" href=\"https:\/\/www.webedia-afilia.com\/redirect?url=https%3A%2F%2Fwww.movistarplus.es%2Fcine%2Fla-cinta-blanca%2Fficha%3Ftipo%3DE%26id%3D832442&amp;category=festival-cannes&amp;site=espinof&amp;ecomPostExpiration=everlasting&amp;postId=245759\" data-vars-affiliate-url=\"https:\/\/www.movistarplus.es\/cine\/la-cinta-blanca\/ficha?tipo=E&amp;id=832442\">de Movistar+<\/a><\/p>\n<h2>7. \u2018Elephant\u2019 (2003)<\/h2>\n<div class=\"article-asset-image article-asset-normal article-asset-center\">\n<div class=\"asset-content\"> <img class=\"centro_sinmarco\" height=\"675\" width=\"1200\" loading=\"lazy\" decoding=\"async\" sizes=\"100vw\" fetchpriority=\"high\" srcset=\"http:\/\/hoycordobaweb.com\/wp-content\/uploads\/2025\/05\/las-palmas-de-oro-en-el-festival-de-cannes-durante-el-siglo-xxi-ordenadas-de-peor-a-mejor-20.jpg 450w, http:\/\/hoycordobaweb.com\/wp-content\/uploads\/2025\/05\/las-palmas-de-oro-en-el-festival-de-cannes-durante-el-siglo-xxi-ordenadas-de-peor-a-mejor-81.jpg 681w, http:\/\/hoycordobaweb.com\/wp-content\/uploads\/2025\/05\/las-palmas-de-oro-en-el-festival-de-cannes-durante-el-siglo-xxi-ordenadas-de-peor-a-mejor-82.jpg 1024w, http:\/\/hoycordobaweb.com\/wp-content\/uploads\/2025\/05\/las-palmas-de-oro-en-el-festival-de-cannes-durante-el-siglo-xxi-ordenadas-de-peor-a-mejor-83.jpg 1366w\" src=\"http:\/\/hoycordobaweb.com\/wp-content\/uploads\/2025\/05\/las-palmas-de-oro-en-el-festival-de-cannes-durante-el-siglo-xxi-ordenadas-de-peor-a-mejor-20.jpg\" alt=\"Elephant 2003 Gus Van Sant\"> <noscript><img alt=\"Elephant 2003 Gus Van Sant\" class=\"centro_sinmarco\" src=\"http:\/\/hoycordobaweb.com\/wp-content\/uploads\/2025\/05\/las-palmas-de-oro-en-el-festival-de-cannes-durante-el-siglo-xxi-ordenadas-de-peor-a-mejor-20.jpg\"><\/noscript> <\/div>\n<\/div>\n<p><strong>Direcci\u00f3n<\/strong>: Gus Van Sant. <strong>Reparto<\/strong>: Alex Frost, Eric Deulen, John Robinson, Elias McConnell.<\/p>\n<p>Uno de los ejercicios de estilo avant-garde m\u00e1s pronunciados que se han podido ver o incluso destacar en lugares como este festival. <a href=\"https:\/\/www.espinof.com\/tag\/gus-van-sant\">Gus Van Sant<\/a> aborda de manera poco convencional y radical el problema de los tiroteos en los institutos de Estados Unidos con <strong>unas formas que inquietan al espectador<\/strong>, de una manera u de otra, siendo influyente de maneras completamente inesperadas.<\/p>\n<p><!-- BREAK 20 --><\/p>\n<p><a class=\"text-outboundlink\" href=\"https:\/\/www.espinof.com\/criticas\/elephant-conquistando-el-futuro-del-cine\" data-vars-post-title=\"'Elephant', conquistando el futuro del cine\" data-vars-post-url=\"https:\/\/www.espinof.com\/criticas\/elephant-conquistando-el-futuro-del-cine\">La cr\u00edtica en Espinof<\/a> | <a rel=\"nofollow, sponsored, noopener, noreferrer noopener\" target=\"_blank\" class=\"js-ecommerce\" id=\"link-ecommerce-22\" href=\"https:\/\/www.webedia-afilia.com\/redirect?url=https%3A%2F%2Fwww.max.com%2Fes%2Fes%2Fmovies%2Felephant%2Fb3dcd495-6c4f-402e-be87-7b8a1add3d01%3Futm_source%3Duniversal_search&amp;category=festival-cannes&amp;site=espinof&amp;ecomPostExpiration=everlasting&amp;postId=245759\" data-vars-affiliate-url=\"https:\/\/www.max.com\/es\/es\/movies\/elephant\/b3dcd495-6c4f-402e-be87-7b8a1add3d01?utm_source=universal_search\">En streaming a trav\u00e9s de Max<\/a><\/p>\n<h2>6. \u2018Un asunto de familia\u2019 (\u2019Manbiki kazoku\u2019, 2016)<\/h2>\n<div class=\"article-asset-image article-asset-normal article-asset-center\">\n<div class=\"asset-content\"> <img class=\"centro_sinmarco\" height=\"675\" width=\"1200\" loading=\"lazy\" decoding=\"async\" sizes=\"100vw\" fetchpriority=\"high\" srcset=\"http:\/\/hoycordobaweb.com\/wp-content\/uploads\/2025\/05\/las-palmas-de-oro-en-el-festival-de-cannes-durante-el-siglo-xxi-ordenadas-de-peor-a-mejor-21.jpg 450w, http:\/\/hoycordobaweb.com\/wp-content\/uploads\/2025\/05\/las-palmas-de-oro-en-el-festival-de-cannes-durante-el-siglo-xxi-ordenadas-de-peor-a-mejor-84.jpg 681w, http:\/\/hoycordobaweb.com\/wp-content\/uploads\/2025\/05\/las-palmas-de-oro-en-el-festival-de-cannes-durante-el-siglo-xxi-ordenadas-de-peor-a-mejor-85.jpg 1024w, http:\/\/hoycordobaweb.com\/wp-content\/uploads\/2025\/05\/las-palmas-de-oro-en-el-festival-de-cannes-durante-el-siglo-xxi-ordenadas-de-peor-a-mejor-86.jpg 1366w\" src=\"http:\/\/hoycordobaweb.com\/wp-content\/uploads\/2025\/05\/las-palmas-de-oro-en-el-festival-de-cannes-durante-el-siglo-xxi-ordenadas-de-peor-a-mejor-21.jpg\" alt=\"Un Asunto De Familia 2018 Hirokazu Koreeda\"> <noscript><img alt=\"Un Asunto De Familia 2018 Hirokazu Koreeda\" class=\"centro_sinmarco\" src=\"http:\/\/hoycordobaweb.com\/wp-content\/uploads\/2025\/05\/las-palmas-de-oro-en-el-festival-de-cannes-durante-el-siglo-xxi-ordenadas-de-peor-a-mejor-21.jpg\"><\/noscript> <\/div>\n<\/div>\n<p><strong>Direcci\u00f3n<\/strong>: Hirokazu Koreeda. <strong>Reparto<\/strong>: Kirin Kiki, S\u00f4suke Ikematsu, Lily Franky, Moemi Katayama, Sakura Ando.<\/p>\n<p><a href=\"https:\/\/www.espinof.com\/tag\/hirokazu-koreeda\">Hirokazu Koreeda<\/a> es tambi\u00e9n uno de esos cineastas que tarde o temprano iba a acabar siendo aupado por el festival franc\u00e9s. Ha llegado relativamente tarde, pero s\u00ed que lo hizo de una manera importante al premiarse <strong>uno de sus grandes trabajos sobre las familias<\/strong>, especialmente las familias encontradas, explorando con absoluta ternura y amplitud de matices las situaciones que viven estos personajes.<\/p>\n<p><!-- BREAK 21 --> <\/p>\n<div class=\"article-asset article-asset-normal article-asset-center\">\n<div class=\"desvio-container\">\n<div class=\"desvio\">\n<div class=\"desvio-figure js-desvio-figure\"> <a href=\"https:\/\/www.espinof.com\/hbo\/director-broker-nos-conquisto-otra-gran-historia-familias-encontradas-que-puedes-ver-hbo-max\" class=\"pivot-outboundlink\" data-vars-post-title=\"Qu\u00e9 ver en HBO Max: el director de 'Broker' nos conquista con otra gran historia de familias encontradas que gan\u00f3 la Palma de Oro en Cannes\"> <img loading=\"lazy\" alt=\"Qu\u00e9 ver en HBO Max: el director de 'Broker' nos conquista con otra gran historia de familias encontradas que gan\u00f3 la Palma de Oro en Cannes\" width=\"375\" height=\"142\" src=\"http:\/\/hoycordobaweb.com\/wp-content\/uploads\/2025\/05\/las-palmas-de-oro-en-el-festival-de-cannes-durante-el-siglo-xxi-ordenadas-de-peor-a-mejor-22.jpg\"> <\/a> <\/div><\/div><\/div>\n<\/div>\n<p><a class=\"text-outboundlink\" href=\"https:\/\/www.espinof.com\/criticas\/asunto-familia-precioso-cuento-ladrones-que-consolida-a-koreeda-como-uno-grandes-cineastas-actuales\" data-vars-post-title=\"'Un asunto de familia': un precioso cuento de ladrones que consolida a Koreeda como uno de los m\u00e1s grandes cineastas actuales\" data-vars-post-url=\"https:\/\/www.espinof.com\/criticas\/asunto-familia-precioso-cuento-ladrones-que-consolida-a-koreeda-como-uno-grandes-cineastas-actuales\">La cr\u00edtica en Espinof<\/a> | <a rel=\"nofollow, sponsored, noopener, noreferrer noopener\" target=\"_blank\" class=\"js-ecommerce\" id=\"link-ecommerce-23\" href=\"https:\/\/www.webedia-afilia.com\/redirect?url=https%3A%2F%2Fwww.filmin.es%2Fpelicula%2Fun-asunto-de-familia&amp;category=festival-cannes&amp;site=espinof&amp;ecomPostExpiration=everlasting&amp;postId=245759\" data-vars-affiliate-url=\"https:\/\/www.filmin.es\/pelicula\/un-asunto-de-familia\">En streaming a trav\u00e9s de Filmin<\/a><\/p>\n<h2>5. \u20184 meses, 3 semanas, 2 d\u00edas\u2019 (\u20194 luni, 3 saptamini si 2 zile\u2019, 2007)<\/h2>\n<div class=\"article-asset-image article-asset-normal article-asset-center\">\n<div class=\"asset-content\"> <img class=\"centro_sinmarco\" height=\"675\" width=\"1200\" loading=\"lazy\" decoding=\"async\" sizes=\"100vw\" fetchpriority=\"high\" srcset=\"http:\/\/hoycordobaweb.com\/wp-content\/uploads\/2025\/05\/las-palmas-de-oro-en-el-festival-de-cannes-durante-el-siglo-xxi-ordenadas-de-peor-a-mejor-23.jpg 450w, http:\/\/hoycordobaweb.com\/wp-content\/uploads\/2025\/05\/las-palmas-de-oro-en-el-festival-de-cannes-durante-el-siglo-xxi-ordenadas-de-peor-a-mejor-87.jpg 681w, http:\/\/hoycordobaweb.com\/wp-content\/uploads\/2025\/05\/las-palmas-de-oro-en-el-festival-de-cannes-durante-el-siglo-xxi-ordenadas-de-peor-a-mejor-88.jpg 1024w, http:\/\/hoycordobaweb.com\/wp-content\/uploads\/2025\/05\/las-palmas-de-oro-en-el-festival-de-cannes-durante-el-siglo-xxi-ordenadas-de-peor-a-mejor-89.jpg 1366w\" src=\"http:\/\/hoycordobaweb.com\/wp-content\/uploads\/2025\/05\/las-palmas-de-oro-en-el-festival-de-cannes-durante-el-siglo-xxi-ordenadas-de-peor-a-mejor-23.jpg\" alt=\"4 meses 3 semanas 2 d\u00edas 2007\"> <noscript><img alt=\"4 meses 3 semanas 2 d\u00edas 2007\" class=\"centro_sinmarco\" src=\"http:\/\/hoycordobaweb.com\/wp-content\/uploads\/2025\/05\/las-palmas-de-oro-en-el-festival-de-cannes-durante-el-siglo-xxi-ordenadas-de-peor-a-mejor-23.jpg\"><\/noscript> <\/div>\n<\/div>\n<p><strong>Direcci\u00f3n<\/strong>: Cristian Mungiu. <strong>Reparto<\/strong>: Anamaria Marinca, Laura Vasiliu, Vlad Ivanov, Alexandru Potocean.<\/p>\n<p>C\u00f3mo les gusta a estos jurados una buena historia que levante el \u00e1nimo. El rumano <a href=\"https:\/\/www.espinof.com\/tag\/cristian-mungiu\">Cristian Mungiu<\/a> fue condecorado con la que sigue siendo su obra m\u00e1s grande, llevando a extremos aterradores el drama abortista que acaba teniendo presencia en estos circuitos. La observaci\u00f3n cl\u00ednica de esta pel\u00edcula consigue <strong>mantener una sensaci\u00f3n de urgencia e incomodidad que revuelve todav\u00eda las entra\u00f1as<\/strong>.<\/p>\n<p><!-- BREAK 22 --><\/p>\n<p><a class=\"text-outboundlink\" href=\"https:\/\/www.espinof.com\/criticas\/4-meses-3-semanas-y-2-dias-la-pelicula-dura-algo-menos\" data-vars-post-title=\"'4 Meses, 3 Semanas y 2 D\u00edas', la pel\u00edcula dura algo menos\" data-vars-post-url=\"https:\/\/www.espinof.com\/criticas\/4-meses-3-semanas-y-2-dias-la-pelicula-dura-algo-menos\">La cr\u00edtica en Espinof<\/a><\/p>\n<h2>4. \u2018Titane\u2019 (2021)<\/h2>\n<div class=\"article-asset-image article-asset-normal article-asset-center\">\n<div class=\"asset-content\"> <img class=\"centro_sinmarco\" height=\"675\" width=\"1200\" loading=\"lazy\" decoding=\"async\" sizes=\"100vw\" fetchpriority=\"high\" srcset=\"http:\/\/hoycordobaweb.com\/wp-content\/uploads\/2025\/05\/las-palmas-de-oro-en-el-festival-de-cannes-durante-el-siglo-xxi-ordenadas-de-peor-a-mejor-24.jpg 450w, http:\/\/hoycordobaweb.com\/wp-content\/uploads\/2025\/05\/las-palmas-de-oro-en-el-festival-de-cannes-durante-el-siglo-xxi-ordenadas-de-peor-a-mejor-90.jpg 681w, http:\/\/hoycordobaweb.com\/wp-content\/uploads\/2025\/05\/las-palmas-de-oro-en-el-festival-de-cannes-durante-el-siglo-xxi-ordenadas-de-peor-a-mejor-91.jpg 1024w, http:\/\/hoycordobaweb.com\/wp-content\/uploads\/2025\/05\/las-palmas-de-oro-en-el-festival-de-cannes-durante-el-siglo-xxi-ordenadas-de-peor-a-mejor-92.jpg 1366w\" src=\"http:\/\/hoycordobaweb.com\/wp-content\/uploads\/2025\/05\/las-palmas-de-oro-en-el-festival-de-cannes-durante-el-siglo-xxi-ordenadas-de-peor-a-mejor-24.jpg\" alt=\"Titane 2021 Julia Ducournau\"> <noscript><img alt=\"Titane 2021 Julia Ducournau\" class=\"centro_sinmarco\" src=\"http:\/\/hoycordobaweb.com\/wp-content\/uploads\/2025\/05\/las-palmas-de-oro-en-el-festival-de-cannes-durante-el-siglo-xxi-ordenadas-de-peor-a-mejor-24.jpg\"><\/noscript> <\/div>\n<\/div>\n<p><strong>Direcci\u00f3n<\/strong>: Julia Ducournau. <strong>Reparto<\/strong>: Agathe Rousselle, Vincent Lindon, Garance Marillier, Myriem Akeddiou.<\/p>\n<p>La pel\u00edcula m\u00e1s extra\u00f1a de toda esta lista por no tener muchas similitudes en cuanto a g\u00e9nero o estilo, pero tambi\u00e9n una de las m\u00e1s sensacionales. <a href=\"https:\/\/www.espinof.com\/tag\/julia-ducournau\">Julia Ducournau<\/a> se confirm\u00f3 como <strong>una artista de terror y aleda\u00f1os extraordinaria<\/strong> con esta revisi\u00f3n bastante inusual del body horror, el psychothriller y el drama maduro (!). Plagada de ideas, de im\u00e1genes y de recovecos que son puro fuego.<\/p>\n<p><!-- BREAK 23 --><\/p>\n<p><a class=\"text-outboundlink\" href=\"https:\/\/www.espinof.com\/estrenos\/titane-inclasificable-drama-macedonia-generos-al-que-no-le-sientan-bien-comparaciones-cronenberg\" data-vars-post-title=\"'Titane': un inclasificable drama con macedonia de g\u00e9neros al que no le sientan bien las comparaciones con Cronenberg\" data-vars-post-url=\"https:\/\/www.espinof.com\/estrenos\/titane-inclasificable-drama-macedonia-generos-al-que-no-le-sientan-bien-comparaciones-cronenberg\">La cr\u00edtica en Espinof<\/a> | <a rel=\"nofollow, sponsored, noopener, noreferrer noopener\" target=\"_blank\" class=\"js-ecommerce\" id=\"link-ecommerce-24\" href=\"https:\/\/www.webedia-afilia.com\/redirect?url=https%3A%2F%2Fwww.filmin.es%2Fpelicula%2Ftitane&amp;category=festival-cannes&amp;site=espinof&amp;ecomPostExpiration=everlasting&amp;postId=245759\" data-vars-affiliate-url=\"https:\/\/www.filmin.es\/pelicula\/titane\">En streaming a trav\u00e9s de Filmin<\/a><\/p>\n<h2>3. \u2018Anora\u2019 (2024)<\/h2>\n<div class=\"article-asset-image article-asset-normal article-asset-center\">\n<div class=\"asset-content\"> <img class=\"centro_sinmarco\" height=\"675\" width=\"1200\" loading=\"lazy\" decoding=\"async\" sizes=\"100vw\" fetchpriority=\"high\" srcset=\"http:\/\/hoycordobaweb.com\/wp-content\/uploads\/2025\/05\/las-palmas-de-oro-en-el-festival-de-cannes-durante-el-siglo-xxi-ordenadas-de-peor-a-mejor-25.jpg 450w, http:\/\/hoycordobaweb.com\/wp-content\/uploads\/2025\/05\/las-palmas-de-oro-en-el-festival-de-cannes-durante-el-siglo-xxi-ordenadas-de-peor-a-mejor-93.jpg 681w, http:\/\/hoycordobaweb.com\/wp-content\/uploads\/2025\/05\/las-palmas-de-oro-en-el-festival-de-cannes-durante-el-siglo-xxi-ordenadas-de-peor-a-mejor-94.jpg 1024w, http:\/\/hoycordobaweb.com\/wp-content\/uploads\/2025\/05\/las-palmas-de-oro-en-el-festival-de-cannes-durante-el-siglo-xxi-ordenadas-de-peor-a-mejor-95.jpg 1366w\" src=\"http:\/\/hoycordobaweb.com\/wp-content\/uploads\/2025\/05\/las-palmas-de-oro-en-el-festival-de-cannes-durante-el-siglo-xxi-ordenadas-de-peor-a-mejor-25.jpg\" alt=\"Anora 2024 Sean Baker\"> <noscript><img alt=\"Anora 2024 Sean Baker\" class=\"centro_sinmarco\" src=\"http:\/\/hoycordobaweb.com\/wp-content\/uploads\/2025\/05\/las-palmas-de-oro-en-el-festival-de-cannes-durante-el-siglo-xxi-ordenadas-de-peor-a-mejor-25.jpg\"><\/noscript> <\/div>\n<\/div>\n<p><strong>Direcci\u00f3n<\/strong>: Sean Baker. <strong>Reparto<\/strong>: Mikey Madison, Mark Eydelshteyn, Yuriy Borisov, Karren Karagulian.<\/p>\n<p>El flechazo embriagador con esta reformulaci\u00f3n de los c\u00f3digos de la comedia rom\u00e1ntica todav\u00eda no se ha apagado, y \u2018Anora\u2019 sigue siendo un incre\u00edble trabajo debidamente reconocido tanto en este festival como luego <a class=\"text-outboundlink\" href=\"https:\/\/www.espinof.com\/premios-oscar\/oscars-2025-anora-mejor-pelicula-ano-sean-baker-hace-historia-como-uno-mayores-ganadores-todos-tiempos\" data-vars-post-title=\"'Anora' es la mejor pel\u00edcula del a\u00f1o. Y su director acaba de hacer historia como uno de los mayores ganadores en los Oscars\" data-vars-post-url=\"https:\/\/www.espinof.com\/premios-oscar\/oscars-2025-anora-mejor-pelicula-ano-sean-baker-hace-historia-como-uno-mayores-ganadores-todos-tiempos\">en los Oscars<\/a>. <strong>La versi\u00f3n m\u00e1s grande y completa<\/strong> de una pel\u00edcula de <a href=\"https:\/\/www.espinof.com\/tag\/sean-baker\">Sean Baker<\/a>, capaz de mirar con dignidad y respeto a sus protagonistas azotados por la precariedad y la mentira del sue\u00f1o americano.<\/p>\n<p><!-- BREAK 24 --><\/p>\n<p><a class=\"text-outboundlink\" href=\"https:\/\/www.espinof.com\/criticas\/anora-afianza-a-sean-baker-como-voces-impactantes-cine-corre-peligro-ser-devorada-hype\" data-vars-post-title=\"'Anora' afianza a Sean Baker como una de las voces m\u00e1s impactantes del cine, pero corre el peligro de ser devorada por el hype\" data-vars-post-url=\"https:\/\/www.espinof.com\/criticas\/anora-afianza-a-sean-baker-como-voces-impactantes-cine-corre-peligro-ser-devorada-hype\">La cr\u00edtica en Espinof<\/a> | En streaming en SkyShowtime a partir del 19 de junio<\/p>\n<h2>2. \u2018Amor\u2019 (\u2019Amour\u2019, 2012)<\/h2>\n<div class=\"article-asset-image article-asset-normal article-asset-center\">\n<div class=\"asset-content\"> <img class=\"centro_sinmarco\" height=\"675\" width=\"1200\" loading=\"lazy\" decoding=\"async\" sizes=\"100vw\" fetchpriority=\"high\" srcset=\"http:\/\/hoycordobaweb.com\/wp-content\/uploads\/2025\/05\/las-palmas-de-oro-en-el-festival-de-cannes-durante-el-siglo-xxi-ordenadas-de-peor-a-mejor-26.jpg 450w, http:\/\/hoycordobaweb.com\/wp-content\/uploads\/2025\/05\/las-palmas-de-oro-en-el-festival-de-cannes-durante-el-siglo-xxi-ordenadas-de-peor-a-mejor-96.jpg 681w, http:\/\/hoycordobaweb.com\/wp-content\/uploads\/2025\/05\/las-palmas-de-oro-en-el-festival-de-cannes-durante-el-siglo-xxi-ordenadas-de-peor-a-mejor-97.jpg 1024w, http:\/\/hoycordobaweb.com\/wp-content\/uploads\/2025\/05\/las-palmas-de-oro-en-el-festival-de-cannes-durante-el-siglo-xxi-ordenadas-de-peor-a-mejor-98.jpg 1366w\" src=\"http:\/\/hoycordobaweb.com\/wp-content\/uploads\/2025\/05\/las-palmas-de-oro-en-el-festival-de-cannes-durante-el-siglo-xxi-ordenadas-de-peor-a-mejor-26.jpg\" alt=\"Amor 2012 Michael Haneke\"> <noscript><img alt=\"Amor 2012 Michael Haneke\" class=\"centro_sinmarco\" src=\"http:\/\/hoycordobaweb.com\/wp-content\/uploads\/2025\/05\/las-palmas-de-oro-en-el-festival-de-cannes-durante-el-siglo-xxi-ordenadas-de-peor-a-mejor-26.jpg\"><\/noscript> <\/div>\n<\/div>\n<p><strong>Direcci\u00f3n<\/strong>: Michael Haneke. <strong>Reparto<\/strong>: Jean-Louis Trintignant, Emmanuelle Riva, Isabelle Huppert, Ram\u00f3n Aguirre.<\/p>\n<p>Volvemos a Haneke con uno de los dramas que m\u00e1s ponen la piel de gallina sin llegar a ser una pel\u00edcula de terror, al menos en el sentido estricto del g\u00e9nero. El amor y la fragilidad en el envejecimiento retratados con una crudeza extrema, realzada por la precisi\u00f3n quir\u00fargica de un cineasta que <strong>pone al espectador entre la espada y la pared como muy pocos<\/strong>.<\/p>\n<p><!-- BREAK 25 --><\/p>\n<p><a class=\"text-outboundlink\" href=\"https:\/\/www.espinof.com\/criticas\/amor-el-ultimo-suspiro\" data-vars-post-title=\"'Amor', el \u00faltimo suspiro\" data-vars-post-url=\"https:\/\/www.espinof.com\/criticas\/amor-el-ultimo-suspiro\">La cr\u00edtica en Espinof<\/a> | <a rel=\"noopener, noreferrer\" href=\"https:\/\/ver.acontraplus.com\/watch\/4c3f04a1-0e39-4d92-9e37-d528e76391eb\">En streaming a trav\u00e9s de acontra+<\/a> y <a rel=\"nofollow, sponsored, noopener, noreferrer noopener\" target=\"_blank\" class=\"js-ecommerce\" id=\"link-ecommerce-25\" href=\"https:\/\/www.webedia-afilia.com\/redirect?url=https%3A%2F%2Fwww.movistarplus.es%2Fcine%2Famor%2Fficha%3Ftipo%3DE%26id%3D1091431&amp;category=festival-cannes&amp;site=espinof&amp;ecomPostExpiration=everlasting&amp;postId=245759\" data-vars-affiliate-url=\"https:\/\/www.movistarplus.es\/cine\/amor\/ficha?tipo=E&amp;id=1091431\">de Movistar+<\/a><\/p>\n<h2>1. \u2018Par\u00e1sitos\u2019 (\u2019Gisaengchung\u2019, 2019)<\/h2>\n<div class=\"article-asset-image article-asset-normal article-asset-center\">\n<div class=\"asset-content\"> <img class=\"centro_sinmarco\" height=\"933\" width=\"1400\" loading=\"lazy\" decoding=\"async\" sizes=\"100vw\" fetchpriority=\"high\" srcset=\"http:\/\/hoycordobaweb.com\/wp-content\/uploads\/2025\/05\/las-palmas-de-oro-en-el-festival-de-cannes-durante-el-siglo-xxi-ordenadas-de-peor-a-mejor-27.jpg 450w, http:\/\/hoycordobaweb.com\/wp-content\/uploads\/2025\/05\/las-palmas-de-oro-en-el-festival-de-cannes-durante-el-siglo-xxi-ordenadas-de-peor-a-mejor-99.jpg 681w, http:\/\/hoycordobaweb.com\/wp-content\/uploads\/2025\/05\/las-palmas-de-oro-en-el-festival-de-cannes-durante-el-siglo-xxi-ordenadas-de-peor-a-mejor-100.jpg 1024w, http:\/\/hoycordobaweb.com\/wp-content\/uploads\/2025\/05\/las-palmas-de-oro-en-el-festival-de-cannes-durante-el-siglo-xxi-ordenadas-de-peor-a-mejor-101.jpg 1366w\" src=\"http:\/\/hoycordobaweb.com\/wp-content\/uploads\/2025\/05\/las-palmas-de-oro-en-el-festival-de-cannes-durante-el-siglo-xxi-ordenadas-de-peor-a-mejor-27.jpg\" alt=\"Parasitos 2019 Bong Joon Ho\"> <noscript><img alt=\"Parasitos 2019 Bong Joon Ho\" class=\"centro_sinmarco\" src=\"http:\/\/hoycordobaweb.com\/wp-content\/uploads\/2025\/05\/las-palmas-de-oro-en-el-festival-de-cannes-durante-el-siglo-xxi-ordenadas-de-peor-a-mejor-27.jpg\"><\/noscript> <\/div>\n<\/div>\n<p><strong>Direcci\u00f3n<\/strong>: Bong Joon-ho. <strong>Reparto<\/strong>: Song Kang-ho, Choi Woo-sik, Lee Sun-Kyun, Jang Hye-jin, Cho Yeo-jeong.<\/p>\n<p><strong>Uno de los pelotazos c\u00f3smicos que tuvo un a\u00f1o perfecto<\/strong>, y casi resulta milagroso que as\u00ed fuera. Muestra de c\u00f3mo la afilada mirada de <a href=\"https:\/\/www.espinof.com\/tag\/bong-joon-ho\">Bong Joon-ho<\/a> hacia los monstruos que crea las desigualdades del capitalismo tiene suficiente para hablar a todo el planeta. Din\u00e1mica, oscura, hilarante, rica en todos los aspectos y dirigida con una maestr\u00eda absoluta.<\/p>\n<p><!-- BREAK 26 --><\/p>\n<div class=\"article-asset article-asset-normal article-asset-center\">\n<div class=\"desvio-container\">\n<div class=\"desvio\">\n<div class=\"desvio-figure js-desvio-figure\"> <a href=\"https:\/\/www.espinof.com\/directores-y-guionistas\/bong-joon-ho-era-maestro-cine-antes-parasitos\" class=\"pivot-outboundlink\" data-vars-post-title=\"Bong Joon-ho ya era un maestro del cine antes de 'Par\u00e1sitos' \"> <img loading=\"lazy\" alt=\"Bong Joon-ho ya era un maestro del cine antes de 'Par\u00e1sitos' \" width=\"375\" height=\"142\" src=\"http:\/\/hoycordobaweb.com\/wp-content\/uploads\/2025\/05\/las-palmas-de-oro-en-el-festival-de-cannes-durante-el-siglo-xxi-ordenadas-de-peor-a-mejor-28.jpg\"> <\/a> <\/div><\/div><\/div>\n<\/div>\n<p><a class=\"text-outboundlink\" href=\"https:\/\/www.espinof.com\/criticas\/parasitos-rotunda-obra-maestra\" data-vars-post-title=\"'Par\u00e1sitos': una rotunda obra maestra\" data-vars-post-url=\"https:\/\/www.espinof.com\/criticas\/parasitos-rotunda-obra-maestra\">La cr\u00edtica en Espinof<\/a> | <a rel=\"nofollow, sponsored, noopener, noreferrer noopener\" target=\"_blank\" class=\"js-ecommerce\" id=\"link-ecommerce-26\" href=\"https:\/\/www.webedia-afilia.com\/redirect?url=https%3A%2F%2Fwww.primevideo.com%2Fdetail%2F0JTEVGGV848JS80Y21WUI00I3X&amp;category=festival-cannes&amp;site=espinof&amp;ecomPostExpiration=everlasting&amp;postId=245759\" data-vars-affiliate-url=\"https:\/\/www.primevideo.com\/detail\/0JTEVGGV848JS80Y21WUI00I3X\">En streaming a trav\u00e9s de Amazon Prime Video<\/a>, <a rel=\"nofollow, sponsored, noopener, noreferrer noopener\" target=\"_blank\" class=\"js-ecommerce\" id=\"link-ecommerce-27\" href=\"https:\/\/www.webedia-afilia.com\/redirect?url=https%3A%2F%2Fwww.filmin.es%2Fpelicula%2Fparasitos&amp;category=festival-cannes&amp;site=espinof&amp;ecomPostExpiration=everlasting&amp;postId=245759\" data-vars-affiliate-url=\"https:\/\/www.filmin.es\/pelicula\/parasitos\">de Filmin<\/a>, <a rel=\"nofollow, sponsored, noopener, noreferrer noopener\" target=\"_blank\" class=\"js-ecommerce\" id=\"link-ecommerce-28\" href=\"https:\/\/www.webedia-afilia.com\/redirect?url=https%3A%2F%2Fwww.max.com%2Fes%2Fes%2Fmovies%2Fparasitos%2Fd5e3be11-eb8b-449f-89cf-db887ddee777%3Futm_source%3Duniversal_search&amp;category=festival-cannes&amp;site=espinof&amp;ecomPostExpiration=everlasting&amp;postId=245759\" data-vars-affiliate-url=\"https:\/\/www.max.com\/es\/es\/movies\/parasitos\/d5e3be11-eb8b-449f-89cf-db887ddee777?utm_source=universal_search\">de Max<\/a> y <a rel=\"nofollow, sponsored, noopener, noreferrer noopener\" target=\"_blank\" class=\"js-ecommerce\" id=\"link-ecommerce-29\" href=\"https:\/\/www.webedia-afilia.com\/redirect?url=https%3A%2F%2Fwww.movistarplus.es%2Fcine%2Fparasitos%2Fficha%3Ftipo%3DE%26id%3D1749784&amp;category=festival-cannes&amp;site=espinof&amp;ecomPostExpiration=everlasting&amp;postId=245759\" data-vars-affiliate-url=\"https:\/\/www.movistarplus.es\/cine\/parasitos\/ficha?tipo=E&amp;id=1749784\">de Movistar+<\/a><\/p>\n<p>En Espinof | <a class=\"text-outboundlink\" href=\"https:\/\/www.espinof.com\/listas\/mejores-peliculas-2025\" data-vars-post-title=\"Las 12 mejores pel\u00edculas de 2025 (por ahora)\" data-vars-post-url=\"https:\/\/www.espinof.com\/listas\/mejores-peliculas-2025\">Las mejores pel\u00edculas de 2025<\/a><\/p>\n<p>En Espinof | <a class=\"text-outboundlink\" href=\"https:\/\/www.espinof.com\/listas\/peliculas-esperadas-2025\" data-vars-post-title=\"Las 47 pel\u00edculas m\u00e1s esperadas de 2025 y los mejores estrenos del a\u00f1o: 'Avatar 3', el regreso de John Wick, 'Misi\u00f3n Imposible 8', 'Jurassic World 4' y muchas m\u00e1s\" data-vars-post-url=\"https:\/\/www.espinof.com\/listas\/peliculas-esperadas-2025\">Las pel\u00edculas m\u00e1s esperadas de 2025<\/a><\/p>\n","protected":false},"excerpt":{"rendered":"<p>Un a\u00f1o m\u00e1s se celebra el Festival de Cannes, y un a\u00f1o m\u00e1s estamos con el ojo pendiente para saber qu\u00e9 pel\u00edculas acaban siendo las m\u00e1s destacadas y cu\u00e1l termina llev\u00e1ndose el premio m\u00e1s deseado: la Palma de Oro. No siempre coincide que los mejores t\u00edtulos acaben siendo los que se llevan el premio grande, [&hellip;]<\/p>\n","protected":false},"author":1,"featured_media":104825,"comment_status":"open","ping_status":"closed","sticky":false,"template":"","format":"standard","meta":[],"categories":[10],"tags":[],"_links":{"self":[{"href":"http:\/\/hoycordobaweb.com\/index.php\/wp-json\/wp\/v2\/posts\/104824"}],"collection":[{"href":"http:\/\/hoycordobaweb.com\/index.php\/wp-json\/wp\/v2\/posts"}],"about":[{"href":"http:\/\/hoycordobaweb.com\/index.php\/wp-json\/wp\/v2\/types\/post"}],"author":[{"embeddable":true,"href":"http:\/\/hoycordobaweb.com\/index.php\/wp-json\/wp\/v2\/users\/1"}],"replies":[{"embeddable":true,"href":"http:\/\/hoycordobaweb.com\/index.php\/wp-json\/wp\/v2\/comments?post=104824"}],"version-history":[{"count":0,"href":"http:\/\/hoycordobaweb.com\/index.php\/wp-json\/wp\/v2\/posts\/104824\/revisions"}],"wp:featuredmedia":[{"embeddable":true,"href":"http:\/\/hoycordobaweb.com\/index.php\/wp-json\/wp\/v2\/media\/104825"}],"wp:attachment":[{"href":"http:\/\/hoycordobaweb.com\/index.php\/wp-json\/wp\/v2\/media?parent=104824"}],"wp:term":[{"taxonomy":"category","embeddable":true,"href":"http:\/\/hoycordobaweb.com\/index.php\/wp-json\/wp\/v2\/categories?post=104824"},{"taxonomy":"post_tag","embeddable":true,"href":"http:\/\/hoycordobaweb.com\/index.php\/wp-json\/wp\/v2\/tags?post=104824"}],"curies":[{"name":"wp","href":"https:\/\/api.w.org\/{rel}","templated":true}]}}