{"id":104704,"date":"2025-05-11T06:56:23","date_gmt":"2025-05-11T06:56:23","guid":{"rendered":"https:\/\/www.mujerhoy.com\/moda\/no-te-pierdas\/joyas-complemento-boda-verano-elegante-eleva-look-20250511124427-nt.html"},"modified":"2025-05-11T06:56:23","modified_gmt":"2025-05-11T06:56:23","slug":"si-tienes-una-boda-en-verano-estas-son-las-joyas-perfectas-para-elevar-tu-look-de-invitada","status":"publish","type":"post","link":"http:\/\/hoycordobaweb.com\/index.php\/2025\/05\/11\/si-tienes-una-boda-en-verano-estas-son-las-joyas-perfectas-para-elevar-tu-look-de-invitada\/","title":{"rendered":"Si tienes una boda en verano, estas son las joyas perfectas para elevar tu look de invitada"},"content":{"rendered":"<p><!-- AUTHOR --> <\/p>\n<div class=\"voc-author-timesocial \"> <!-- AUTHOR --> <\/p>\n<div class=\"voc-author-timesocial__signature \">\n<div class=\"voc-author-timesocial__img-c\"> <!-- IMAGE AUTHOR --> <picture class=\"voc-image-signature\"> <img class=\"voc-image-signature__img\" src=\"http:\/\/hoycordobaweb.com\/wp-content\/uploads\/2025\/05\/si-tienes-una-boda-en-verano-estas-son-las-joyas-perfectas-para-elevar-tu-look-de-invitada.jpg\" alt=\"Elena Romero Vargas\"> <\/picture> <\/div>\n<p> <!-- INFO AUTHOR --> <\/div><\/div>\n<p> <!-- COMPONENTS --> <\/p>\n<p class=\"voc-paragraph\" data-mrf-recirculation=\"Link art\u00edculo\">Las <a data-voc-vtm-id=\"in-text-traffic\" href=\"https:\/\/www.mujerhoy.com\/moda\/no-te-pierdas\/vestidos-invitada-boda-verano-bonitos-diferentes-20250502125047-nt.html\" data-mrf-link=\"https:\/\/www.mujerhoy.com\/moda\/no-te-pierdas\/vestidos-invitada-boda-verano-bonitos-diferentes-20250502125047-nt.html\">bodas de verano <\/a><br \/>\nsiempre son especiales. Un atardecer junto al mar, la brisa suave de las noches estivales y la alegr\u00eda de esta \u00e9poca del a\u00f1o forman el c\u00f3ctel perfecto para que asistir a bodas en estos meses tenga un halo casi m\u00e1gico. Y junto a todos estos detalles no puede faltar <strong>un buen look acorde a las circunstancias<\/strong> con el que ir acertada y estilosa a esta cita con tanto encanto.\n<\/p>\n<p class=\"voc-paragraph\" data-mrf-recirculation=\"Link art\u00edculo\">Pero, una vez tengas elegido el <a data-voc-vtm-id=\"in-text-traffic\" href=\"https:\/\/www.mujerhoy.com\/moda\/no-te-pierdas\/vestidos-invitadas-bonitos-primavera-verano-bodas-20250422075212-nt.html\" data-mrf-link=\"https:\/\/www.mujerhoy.com\/moda\/no-te-pierdas\/vestidos-invitadas-bonitos-primavera-verano-bodas-20250422075212-nt.html\">vestido de invitada para verano <\/a><br \/>\no el conjunto que quieras lucir, <strong>no puedes olvidarte de los complementos<\/strong>. Si en cualquier estilismo los complementos son clave para marcar la diferencia, en uno de invitada su importancia crece a\u00fan m\u00e1s.\n<\/p>\n<p class=\"voc-paragraph\" data-mrf-recirculation=\"Link art\u00edculo\">Entre esos complementos que merece la pena tener en cuenta antes de elegir un look de invitada no podemos olvidarnos de <strong>las joyas<\/strong>. Una buena joya puede hacer que un look sencillo se vea elevado, que un vestido monocolor tenga un toque especial ideal para eventos o que <a data-voc-vtm-id=\"in-text-traffic\" href=\"https:\/\/www.mujerhoy.com\/moda\/no-te-pierdas\/que-pendientes-favorecen-mas-segun-forma-rostro-20240413123950-nt.html\" data-mrf-link=\"https:\/\/www.mujerhoy.com\/moda\/no-te-pierdas\/que-pendientes-favorecen-mas-segun-forma-rostro-20240413123950-nt.html\">tu rostro se vea resaltado<\/a> gracias al brillo de la misma pieza. Si tienes una boda pr\u00f3ximamente, esta selecci\u00f3n de joyas se va a convertir en la guinda del pastel de un look para recordar.\n<\/p>\n<div class=\"voc-detail__cmp\">\n<div class=\"voc-article-container\">\n<article class=\"voc-article voc-article--cmp-photo-text\" readability=\"26\">\n<div class=\"voc-img-container\" readability=\"7\"> <picture>\n<div class=\"voc-horizontal voc-img-icon-link\"> <img loading=\"lazy\" src=\"http:\/\/hoycordobaweb.com\/wp-content\/uploads\/2025\/05\/si-tienes-una-boda-en-verano-estas-son-las-joyas-perfectas-para-elevar-tu-look-de-invitada-1.jpg\" alt=\"Pendientes largos Candy (110\u20ac)\" width=\"624\" height=\"624\"> <\/div>\n<\/picture>\n<p class=\"figure-caption \"> Pendientes largos Candy (110\u20ac) \/ <span class=\"voc-photo-author\"> agatha paris <\/span> <\/p>\n<\/p><\/div>\n<\/article><\/div>\n<\/div>\n<p><h3 class=\"voc-detail__title\"> Agatha Paris<br \/>\n<\/h3>\n<\/p>\n<p class=\"voc-paragraph\" data-mrf-recirculation=\"Link art\u00edculo\">La primera opci\u00f3n son estos <strong>pendientes multicolor <\/strong>de Agatha Paris. Nos encantan porque tienen much\u00edsimas posibilidades y aportan un toque juvenil a cualquier look. Puedes combinarlo con multitud de formas y estampados, aunque nuestra opci\u00f3n favorita es que lo lleves con el pelo recogido y un vestido con cuello halter para que la joya luzca m\u00e1s.\n<\/p>\n<div class=\"voc-detail__cmp\">\n<div class=\"voc-article-container\">\n<article class=\"voc-article voc-article--cmp-photo-text\" readability=\"26\">\n<div class=\"voc-img-container\" readability=\"7\"> <picture>\n<div class=\"voc-horizontal voc-img-icon-link\"> <img loading=\"lazy\" src=\"http:\/\/hoycordobaweb.com\/wp-content\/uploads\/2025\/05\/si-tienes-una-boda-en-verano-estas-son-las-joyas-perfectas-para-elevar-tu-look-de-invitada-2.jpg\" alt=\"Pendiente trepador de oro y rub\u00ed tratado (295\u20ac)\" width=\"624\" height=\"624\"> <\/div>\n<\/picture>\n<p class=\"figure-caption \"> Pendiente trepador de oro y rub\u00ed tratado (295\u20ac) \/ <span class=\"voc-photo-author\"> EL CORTE INGL\u00c9S <\/span> <\/p>\n<\/p><\/div>\n<\/article><\/div>\n<\/div>\n<p><h3 class=\"voc-detail__title\"> El Corte Ingl\u00e9s<br \/>\n<\/h3>\n<\/p>\n<p class=\"voc-paragraph\" data-mrf-recirculation=\"Link art\u00edculo\">Si lo tuyo son los <strong>pendientes mini<\/strong>, aprovecha la ocasi\u00f3n para invertir en unos tan bonitos y femeninos como estos de El Corte Ingl\u00e9s. Se trata de una joya en oro y rub\u00ed rosa ideales para aquellas que busquen la elegancia sin darle demasiado protagonismo a los complementos. Adem\u00e1s, son tan ponibles y f\u00e1ciles de combinar que le dar\u00e1s mucho uso m\u00e1s all\u00e1 de este evento.\n<\/p>\n<div class=\"voc-detail__cmp\">\n<div class=\"voc-article-container\">\n<article class=\"voc-article voc-article--cmp-photo-text\" readability=\"26.5\">\n<div class=\"voc-img-container\" readability=\"8\"> <picture>\n<div class=\"voc-horizontal voc-img-icon-link\"> <img loading=\"lazy\" src=\"http:\/\/hoycordobaweb.com\/wp-content\/uploads\/2025\/05\/si-tienes-una-boda-en-verano-estas-son-las-joyas-perfectas-para-elevar-tu-look-de-invitada-3.jpg\" alt=\"Pendientes de aro de plata ba\u00f1ada en oro amarillo de 18K con malla (159\u20ac en El Corte Ingl\u00e9s)\" width=\"624\" height=\"624\"> <\/div>\n<\/picture>\n<p class=\"figure-caption \"> Pendientes de aro de plata ba\u00f1ada en oro amarillo de 18K con malla (159\u20ac en El Corte Ingl\u00e9s) \/ <span class=\"voc-photo-author\"> Aristocrazy <\/span> <\/p>\n<\/p><\/div>\n<\/article><\/div>\n<\/div>\n<p><h3 class=\"voc-detail__title\"> Aristocrazy<br \/>\n<\/h3>\n<\/p>\n<p class=\"voc-paragraph\" data-mrf-recirculation=\"Link art\u00edculo\">Para las m\u00e1s cl\u00e1sicas <strong>unos aros siempre son una buena opci\u00f3n<\/strong>. Estos de Aristocrazy en dorado son el comod\u00edn perfecto que, gracias a su dise\u00f1o grueso y trenzado, encajan con pr\u00e1cticamente cualquier look. Tanto si llevas la melena suelta como en un recogido, para una boda de d\u00eda o de tarde y, por supuesto, para otros eventos como comuniones, <a data-voc-vtm-id=\"in-text-traffic\" href=\"https:\/\/www.mujerhoy.com\/moda\/no-te-pierdas\/ideas-para-ir-a-un-bautizo-elegantes-looks-vestidos-20250421073749-nt.html\" data-mrf-link=\"https:\/\/www.mujerhoy.com\/moda\/no-te-pierdas\/ideas-para-ir-a-un-bautizo-elegantes-looks-vestidos-20250421073749-nt.html\">bautizos<\/a> o fiestas, este par de aros se va a convertir en tu mejor aliado.\n<\/p>\n<div class=\"voc-detail__cmp\">\n<div class=\"voc-article-container\">\n<article class=\"voc-article voc-article--cmp-photo-text\" readability=\"26\">\n<div class=\"voc-img-container\" readability=\"7\"> <picture>\n<div class=\"voc-horizontal voc-img-icon-link\"> <img loading=\"lazy\" src=\"http:\/\/hoycordobaweb.com\/wp-content\/uploads\/2025\/05\/si-tienes-una-boda-en-verano-estas-son-las-joyas-perfectas-para-elevar-tu-look-de-invitada-4.jpg\" alt=\"Collar Ombra Organic (118\u20ac)\" width=\"624\" height=\"624\"> <\/div>\n<\/picture>\n<p class=\"figure-caption \"> Collar Ombra Organic (118\u20ac) \/ <span class=\"voc-photo-author\"> Vidal &amp; Vidal <\/span> <\/p>\n<\/p><\/div>\n<\/article><\/div>\n<\/div>\n<p><h3 class=\"voc-detail__title\"> Vidal &amp; Vidal<br \/>\n<\/h3>\n<\/p>\n<p class=\"voc-paragraph\" data-mrf-recirculation=\"Link art\u00edculo\">En la misma l\u00ednea de <strong>joyas sencillas pero con personalidad<\/strong> encontramos este collar de Vidal &amp; Vidal. Nos gusta especialmente para combinar con prendas con escote palabra de honor, ya sean vestidos, monos o conjuntos de dos piezas, y pendientes discretos como algunas de las dos opciones anteriores. Ideal para aquellas que busquen un look chic sin caer en el exceso.\n<\/p>\n<div class=\"voc-detail__cmp\">\n<div class=\"voc-article-container\">\n<article class=\"voc-article voc-article--cmp-photo-text\" readability=\"26\">\n<div class=\"voc-img-container\" readability=\"7\"> <picture>\n<div class=\"voc-horizontal voc-img-icon-link\"> <img loading=\"lazy\" src=\"http:\/\/hoycordobaweb.com\/wp-content\/uploads\/2025\/05\/si-tienes-una-boda-en-verano-estas-son-las-joyas-perfectas-para-elevar-tu-look-de-invitada-5.jpg\" alt=\"Collar Tres Vueltas Perlas (765\u20ac)\" width=\"624\" height=\"624\"> <\/div>\n<\/picture>\n<p class=\"figure-caption \"> Collar Tres Vueltas Perlas (765\u20ac) \/ <span class=\"voc-photo-author\"> Majorica <\/span> <\/p>\n<\/p><\/div>\n<\/article><\/div>\n<\/div>\n<p><h3 class=\"voc-detail__title\"> Majorica<br \/>\n<\/h3>\n<\/p>\n<p class=\"voc-paragraph\" data-mrf-recirculation=\"Link art\u00edculo\">\u00bfNo concibes un look especial sin <strong>un buen collar de perlas<\/strong>? Este de Majorica es la joya para toda la vida en la que tienes que invertir este verano si te consideras fan de estas piezas. Adem\u00e1s de ser un b\u00e1sico de joyero que dura de generaci\u00f3n en generaci\u00f3n, le pondr\u00e1 un toque especial a tus looks con traje con escote de pico o, incluso, ser\u00e1 el detalle que marque la diferencia en un <a data-voc-vtm-id=\"in-text-traffic\" href=\"https:\/\/www.mujerhoy.com\/moda\/no-te-pierdas\/como-conseguir-look-madrina-perfecto-segun-consejos-disenador-experto-madre-novio-20250227130801-nt.html\" title=\"www.mujerhoy.com\" data-mrf-link=\"https:\/\/www.mujerhoy.com\/moda\/no-te-pierdas\/como-conseguir-look-madrina-perfecto-segun-consejos-disenador-experto-madre-novio-20250227130801-nt.html\">estilismo de madrina<\/a><br \/>\n. <\/p>\n<div class=\"voc-detail__cmp\">\n<div class=\"voc-article-container\">\n<article class=\"voc-article voc-article--cmp-photo-text\" readability=\"26\">\n<div class=\"voc-img-container\" readability=\"7\"> <picture>\n<div class=\"voc-horizontal voc-img-icon-link\"> <img loading=\"lazy\" src=\"http:\/\/hoycordobaweb.com\/wp-content\/uploads\/2025\/05\/si-tienes-una-boda-en-verano-estas-son-las-joyas-perfectas-para-elevar-tu-look-de-invitada-6.jpg\" alt=\"Un desmai necklace (94\u20ac)\" width=\"624\" height=\"624\"> <\/div>\n<\/picture>\n<p class=\"figure-caption \"> Un desmai necklace (94\u20ac) \/ <span class=\"voc-photo-author\"> es fascinante <\/span> <\/p>\n<\/p><\/div>\n<\/article><\/div>\n<\/div>\n<p><h3 class=\"voc-detail__title\"> Es Fascinante<br \/>\n<\/h3>\n<\/p>\n<p class=\"voc-paragraph\" data-mrf-recirculation=\"Link art\u00edculo\">Para aquellas que busquen rejuvenecer su look con <strong>un detalle que verdaderamente marque la diferencia<\/strong>, esta pieza de Es Fascinante es para ellas. A modo de pa\u00f1uelo, este collar encaja con conjuntos m\u00e1s juveniles, con trajes de chaqueta o con vestidos con un toque tendencia distinto. <\/p>\n<p> <!-- TOPICS --> <\/p>\n","protected":false},"excerpt":{"rendered":"<p>Las bodas de verano siempre son especiales. Un atardecer junto al mar, la brisa suave de las noches estivales y la alegr\u00eda de esta \u00e9poca del a\u00f1o forman el c\u00f3ctel perfecto para que asistir a bodas en estos meses tenga un halo casi m\u00e1gico. Y junto a todos estos detalles no puede faltar un buen [&hellip;]<\/p>\n","protected":false},"author":1,"featured_media":104705,"comment_status":"closed","ping_status":"closed","sticky":false,"template":"","format":"standard","meta":[],"categories":[],"tags":[],"_links":{"self":[{"href":"http:\/\/hoycordobaweb.com\/index.php\/wp-json\/wp\/v2\/posts\/104704"}],"collection":[{"href":"http:\/\/hoycordobaweb.com\/index.php\/wp-json\/wp\/v2\/posts"}],"about":[{"href":"http:\/\/hoycordobaweb.com\/index.php\/wp-json\/wp\/v2\/types\/post"}],"author":[{"embeddable":true,"href":"http:\/\/hoycordobaweb.com\/index.php\/wp-json\/wp\/v2\/users\/1"}],"replies":[{"embeddable":true,"href":"http:\/\/hoycordobaweb.com\/index.php\/wp-json\/wp\/v2\/comments?post=104704"}],"version-history":[{"count":0,"href":"http:\/\/hoycordobaweb.com\/index.php\/wp-json\/wp\/v2\/posts\/104704\/revisions"}],"wp:featuredmedia":[{"embeddable":true,"href":"http:\/\/hoycordobaweb.com\/index.php\/wp-json\/wp\/v2\/media\/104705"}],"wp:attachment":[{"href":"http:\/\/hoycordobaweb.com\/index.php\/wp-json\/wp\/v2\/media?parent=104704"}],"wp:term":[{"taxonomy":"category","embeddable":true,"href":"http:\/\/hoycordobaweb.com\/index.php\/wp-json\/wp\/v2\/categories?post=104704"},{"taxonomy":"post_tag","embeddable":true,"href":"http:\/\/hoycordobaweb.com\/index.php\/wp-json\/wp\/v2\/tags?post=104704"}],"curies":[{"name":"wp","href":"https:\/\/api.w.org\/{rel}","templated":true}]}}