{"id":104698,"date":"2025-05-10T17:30:33","date_gmt":"2025-05-10T17:30:33","guid":{"rendered":"https:\/\/www.ole.com.ar\/river-plate\/river-plate-jugador-franco-mastantuono-equipo-semana-copa-libertadores_0_jfTlrBSqxP.html"},"modified":"2025-05-10T17:30:33","modified_gmt":"2025-05-10T17:30:33","slug":"el-jugador-de-river-que-se-metio-en-el-equipo-de-la-semana-de-la-libertadores","status":"publish","type":"post","link":"http:\/\/hoycordobaweb.com\/index.php\/2025\/05\/10\/el-jugador-de-river-que-se-metio-en-el-equipo-de-la-semana-de-la-libertadores\/","title":{"rendered":"El jugador de River que se meti\u00f3 en el equipo de la semana de la Libertadores"},"content":{"rendered":"<p><img src=\"http:\/\/hoycordobaweb.com\/wp-content\/uploads\/2025\/05\/el-jugador-de-river-que-se-metio-en-el-equipo-de-la-semana-de-la-libertadores.jpg\"><\/p>\n<p><time class=\"createDate\" datetime=\"2025-05-10T14:30:33-03:00\">10\/05\/2025 14:30hs.<\/time><\/p>\n<div id=\"storyBody\">\n<div class=\"custom-text \" readability=\"32.290155440415\">\n<p>Como es habitual luego de cada fecha de la fase de grupos de la <strong><a href=\"https:\/\/www.ole.com.ar\/tema\/copa-libertadores.html\" title=\"Copa Libertadores\" alt=\"Copa Libertadores\" class=\"slug\">Copa Libertadores<\/a><\/strong>, la Conmebol arma el equipo de la semana con los jugadores m\u00e1s destacados. Finalizado el cuarto cap\u00edtulo, se dio el conocer el nuevo 11 que incluye a un jugador de <strong><a href=\"https:\/\/www.ole.com.ar\/tema\/river-plate.html\" title=\"River Plate\" alt=\"River Plate\" class=\"slug\">River<\/a><\/strong>. A pesar de que <strong><a href=\"https:\/\/www.ole.com.ar\/tema\/sebastian-driussi.html\" title=\"Sebastian Driussi\" alt=\"Sebastian Driussi\" class=\"slug\">Sebasti\u00e1n Driussi<\/a><\/strong> fue clave en los primeros 45&#8242; iniciales, el elegido fue el chico del momento: <strong><a href=\"https:\/\/www.ole.com.ar\/tema\/franco-mastantuono.html\" title=\"Franco Mastantuono\" alt=\"Franco Mastantuono\" class=\"slug\">Franco Mastantuono<\/a><\/strong>.<\/p>\n<\/div>\n<div class=\"custom-text \" readability=\"39\">\n<p>Con <strong>Andr\u00e9 Silva<\/strong> (San Pablo), <strong>Maxi Silvera<\/strong> (Pe\u00f1arol) y <strong>Kevin Viveros<\/strong> (Atl\u00e9tico Nacional) como autores de dobletes en sus partidos, el Gordo no se pudo ganar un lugar en la ofensiva, pero el chico de Azul complet\u00f3 el medio tras un encuentro en el que <strong>convirti\u00f3 debajo del arco gracias al notable esfuerzo de Miguel Borja<\/strong> y cuya actuaci\u00f3n fue menos creativa desde lo propio, pero m\u00e1s que productiva.<\/p>\n<\/div>\n<div class=\"custom-text \" readability=\"39\">\n<p>Tal es as\u00ed que adem\u00e1s de su oportunismo para definir en soledad y de recibir varias infracciones en ataque, siendo la m\u00e1s dura una en el primer tiempo que fue revoleado por Chal\u00e1, <strong>no dud\u00f3 en retroceder unos metros por la derecha para recuperar y morder: <\/strong>en total,<strong> sum\u00f3 10 recuperaciones de pelota<\/strong>, la cifra m\u00e1s alta en ese rumbo que registr\u00f3 un jugador del CARP en los primeros cuatro partidos de la actual CL.<\/p>\n<\/div>\n<div class=\"sc-e7b891c4-0 ifHnQL image-embed\"><img alt=\"Mastantuono y un partido muy f\u00edsico. Prensa River \/ ESPN\" loading=\"lazy\" width=\"720\" height=\"100\" decoding=\"async\" data-nimg=\"1\" src=\"http:\/\/hoycordobaweb.com\/wp-content\/uploads\/2025\/05\/el-jugador-de-river-que-se-metio-en-el-equipo-de-la-semana-de-la-libertadores-2.jpg\"><span class=\"epigraphe\">Mastantuono y un partido muy f\u00edsico. Prensa River \/ ESPN<\/span><\/div>\n<div class=\"custom-text \" readability=\"36\">\n<p>As\u00ed, junto a <strong>Santiago Ascacibar (Estudiantes) y Santiago Sosa (Racing)<\/strong>, Mastan form\u00f3 parte de la lista de futbolistas argentinos que se destacaron en la \u00faltima semana en el continente y sigue sumando elogios y reconocimientos que ratifican su presente superlativo.<\/p>\n<\/div>\n<div class=\"sc-734b4696-1 kFfZtB\">\n<div class=\"sc-d00d9e74-0 hnHYbk\" type=\"embed\">\n<div class=\"sc-d00d9e74-1 iKVbz videoText\" id=\"contentTitleembedqiiOpYFp\" type=\"embed\"><svg fill=\"#ffffff\"><symbol id=\"play\" viewBox=\"0 0 512 512\"><path d=\"M512 256C512 397.4 397.4 512 256 512C114.6 512 0 397.4 0 256C0 114.6 114.6 0 256 0C397.4 0 512 114.6 512 256zM176 168V344C176 352.7 180.7 360.7 188.3 364.9C195.8 369.2 205.1 369 212.5 364.5L356.5 276.5C363.6 272.1 368 264.4 368 256C368 247.6 363.6 239.9 356.5 235.5L212.5 147.5C205.1 142.1 195.8 142.8 188.3 147.1C180.7 151.3 176 159.3 176 168V168z\" \/><\/symbol><use xlink:href=\"#play\" \/><\/svg><\/p>\n<div class=\"right\">\n<p>River Plate<!-- --> &#8211; <span>&nbsp;<\/span><\/p>\n<h2 class=\"title-vid\">Mastantuono aument\u00f3 la diferencia ante Barcelona<\/h2>\n<\/div>\n<\/div>\n<p><span class=\"back\" id=\"spanBackembedqiiOpYFp\"><\/span><\/div>\n<\/div>\n<div class=\"custom-text \" readability=\"42\">\n<p>Pensando en Barracas Central, el #30 le sum\u00f3 otra buena noticia a Gallardo: este s\u00e1bado, en la vuelta a los entrenamientos, hizo los trabajos regenerativos con total normalidad. Por eso, <strong>a pesar de haberse retirado del campo de juego en Guayaquil con hielo en ambos tobillos producto de los golpes que recibi\u00f3<\/strong>, llegar\u00e1 sin inconvenientes al duelo de este lunes por la noche, en el Monumental, por los octavos del Apertura 2025.<\/p>\n<\/div>\n<p><h2><strong>El equipo de la fecha 4 de la Libertadores, con Mastantuono<\/strong><\/h2>\n<\/p>\n<div class=\"sc-e7b891c4-0 ifHnQL image-embed\"><img alt=\"El equipo de la semana de la cuarta fecha de la fase de grupos de la Libertadores. \" loading=\"lazy\" width=\"720\" height=\"100\" decoding=\"async\" data-nimg=\"1\" src=\"http:\/\/hoycordobaweb.com\/wp-content\/uploads\/2025\/05\/el-jugador-de-river-que-se-metio-en-el-equipo-de-la-semana-de-la-libertadores-3.jpg\"><span class=\"epigraphe\">El equipo de la semana de la cuarta fecha de la fase de grupos de la Libertadores. <\/span><\/div>\n<p><h2><strong>\u00bfQu\u00e9 dijo Jorge Brito sobre el futuro de Mastantuono?<\/strong><\/h2>\n<\/p>\n<div class=\"sc-734b4696-1 kFfZtB\">\n<div class=\"sc-d00d9e74-0 hnHYbk\" type=\"embed\">\n<div class=\"sc-d00d9e74-1 iKVbz videoText\" id=\"contentTitleembedNs9lVik4\" type=\"embed\"><svg fill=\"#ffffff\"><symbol id=\"play\" viewBox=\"0 0 512 512\"><path d=\"M512 256C512 397.4 397.4 512 256 512C114.6 512 0 397.4 0 256C0 114.6 114.6 0 256 0C397.4 0 512 114.6 512 256zM176 168V344C176 352.7 180.7 360.7 188.3 364.9C195.8 369.2 205.1 369 212.5 364.5L356.5 276.5C363.6 272.1 368 264.4 368 256C368 247.6 363.6 239.9 356.5 235.5L212.5 147.5C205.1 142.1 195.8 142.8 188.3 147.1C180.7 151.3 176 159.3 176 168V168z\" \/><\/symbol><use xlink:href=\"#play\" \/><\/svg><\/p>\n<div class=\"right\">\n<p>River Plate<!-- --> &#8211; <span>&nbsp;<\/span><\/p>\n<h2 class=\"title-vid\">Jorge Brito habl\u00f3 sobre el futuro de Franco Mastantuono<\/h2>\n<\/div>\n<\/div>\n<p><span class=\"back\" id=\"spanBackembedNs9lVik4\"><\/span><\/div>\n<div class=\"JWvideoNota_title\">\n<p>Video: ESPN<\/p>\n<\/div>\n<\/div>\n<\/div>\n","protected":false},"excerpt":{"rendered":"<p>10\/05\/2025 14:30hs. Como es habitual luego de cada fecha de la fase de grupos de la Copa Libertadores, la Conmebol arma el equipo de la semana con los jugadores m\u00e1s destacados. Finalizado el cuarto cap\u00edtulo, se dio el conocer el nuevo 11 que incluye a un jugador de River. A pesar de que Sebasti\u00e1n Driussi [&hellip;]<\/p>\n","protected":false},"author":1,"featured_media":104699,"comment_status":"open","ping_status":"closed","sticky":false,"template":"","format":"standard","meta":[],"categories":[16],"tags":[],"_links":{"self":[{"href":"http:\/\/hoycordobaweb.com\/index.php\/wp-json\/wp\/v2\/posts\/104698"}],"collection":[{"href":"http:\/\/hoycordobaweb.com\/index.php\/wp-json\/wp\/v2\/posts"}],"about":[{"href":"http:\/\/hoycordobaweb.com\/index.php\/wp-json\/wp\/v2\/types\/post"}],"author":[{"embeddable":true,"href":"http:\/\/hoycordobaweb.com\/index.php\/wp-json\/wp\/v2\/users\/1"}],"replies":[{"embeddable":true,"href":"http:\/\/hoycordobaweb.com\/index.php\/wp-json\/wp\/v2\/comments?post=104698"}],"version-history":[{"count":0,"href":"http:\/\/hoycordobaweb.com\/index.php\/wp-json\/wp\/v2\/posts\/104698\/revisions"}],"wp:featuredmedia":[{"embeddable":true,"href":"http:\/\/hoycordobaweb.com\/index.php\/wp-json\/wp\/v2\/media\/104699"}],"wp:attachment":[{"href":"http:\/\/hoycordobaweb.com\/index.php\/wp-json\/wp\/v2\/media?parent=104698"}],"wp:term":[{"taxonomy":"category","embeddable":true,"href":"http:\/\/hoycordobaweb.com\/index.php\/wp-json\/wp\/v2\/categories?post=104698"},{"taxonomy":"post_tag","embeddable":true,"href":"http:\/\/hoycordobaweb.com\/index.php\/wp-json\/wp\/v2\/tags?post=104698"}],"curies":[{"name":"wp","href":"https:\/\/api.w.org\/{rel}","templated":true}]}}