{"id":104619,"date":"2025-05-10T10:09:59","date_gmt":"2025-05-10T10:09:59","guid":{"rendered":"http:\/\/hoycordobaweb.com\/index.php\/2025\/05\/10\/el-que-quiere-peronismo-en-serio-nos-va-a-elegir-dice-abal-medina\/"},"modified":"2025-05-10T10:09:59","modified_gmt":"2025-05-10T10:09:59","slug":"el-que-quiere-peronismo-en-serio-nos-va-a-elegir-dice-abal-medina","status":"publish","type":"post","link":"http:\/\/hoycordobaweb.com\/index.php\/2025\/05\/10\/el-que-quiere-peronismo-en-serio-nos-va-a-elegir-dice-abal-medina\/","title":{"rendered":"\u201cEl que quiere peronismo en serio, nos va a elegir\u201d, dice Abal Medina"},"content":{"rendered":"<div class=\"media_block\"><\/div>\n<div><img src=\"http:\/\/hoycordobaweb.com\/wp-content\/uploads\/2025\/05\/el-que-quiere-peronismo-en-serio-nos-va-a-elegir-dice-abal-medina.jpg\" class=\"ff-og-image-inserted\"><\/div>\n<p>El primer candidato a legislador porte\u00f1o de la lista \u201cJusta, Libre y Soberana\u201d, Juan Manuel Abal Medina, ofreci\u00f3 su visi\u00f3n de la campa\u00f1a. No faltaron las cr\u00edticas a la fecha de la elecci\u00f3n de los comicios, habl\u00f3 de sus principales propuestas y cuestion\u00f3 a la lista que lleva a Leandro Santoro a la cabeza. \u201cEs un disfraz\u201d, lanz\u00f3.<\/p>\n<p>\u2014\u00bfQu\u00e9 ve de la campa\u00f1a?<\/p>\n<p>\u2014Es una campa\u00f1a extra\u00f1a. Con el adelantamiento que realiz\u00f3 Jorge Macri, los porte\u00f1os reci\u00e9n ahora se est\u00e1n dando cuenta de que hay elecciones. Los candidatos hablan como si fuese una elecci\u00f3n a jefe de Gobierno. Pero se votan treinta legisladores.<\/p>\n<div class=\"subscription\" readability=\"6.683257918552\">\n<p> Esto no les gusta a los autoritarios <\/p>\n<div class=\"subscription__container\" readability=\"6.1467391304348\">\n<div class=\"subscription__text-wrapper\" readability=\"31.20652173913\">\n<p> El ejercicio del periodismo profesional y cr\u00edtico es un pilar fundamental de la democracia. Por eso molesta a quienes creen ser los due\u00f1os de la verdad. <\/p>\n<\/p><\/div><\/div><\/div>\n<p>\u2014\u00bfC\u00f3mo se par\u00f3 frente a esta coyuntura?<\/p>\n<p>\u2014Nos falt\u00f3 tiempo. Recorrimos aulas, barrios, f\u00e1bricas y nos fue muy bien. Pero empezamos tarde y sufrimos un bloqueo muy marcado de los medios de comunicaci\u00f3n que miran los compa\u00f1eros. Jugamos en una cancha inclinada, pero son las reglas de juego. Pero decimos lo que pensamos, que hay que mantener firmes las convicciones en un momento en el que nos gobierna un proyecto radicalizado como el de Javier Milei. El que quiere peronismo en serio, nos va a elegir.<\/p>\n<p>\u2014\u00bfQu\u00e9 sucedi\u00f3 con la opci\u00f3n electoral de Leandro Santoro, que se\u00f1ala que es encabezada por el peronismo?<\/p>\n<p>\u2014Que encar\u00f3 una estrategia errada, cambio de colores inclusive. Es pensar que como el distrito no es peronista, lo que hay que hacer es disfrazarse. Y que no se muestren todos los candidatos, solo el que encabeza la lista, jugando al enga\u00f1o. Ni siquiera muestra a la segunda de la lista. Entendemos que en una elecci\u00f3n legislativa esto no es sensato.<\/p>\n<p>\u2014En cuanto a propuestas, \u00bfQu\u00e9 ofrece?<\/p>\n<p>\u2014Buscamos transmitir valores y trasladarlos a posiciones concretas del \u00e1mbito de la legislatura, que puedan cambiar y mejorar la vida de la gente, basado en la Justicia, el trabajo y la seguridad. La Ciudad tiene que sacar una ley de pymes ante el aumento del desempleo, como pasa en C\u00f3rdoba y Santa Fe. Con una Agencia de producci\u00f3n y desarrollo que vincule a las pymes con el sistema cient\u00edfico y tecnol\u00f3gico de la Ciudad que es muy fuerte. Nos falta una ley de urbanizaci\u00f3n de los barrios populares, que mejore la ciudad de todos los habitantes. Y darle derechos a los trabajadores de plataforma, a los que se desempe\u00f1an en Uber o rappi. Hoy si alguno tiene un accidente, no pueden darle de comer a su familia. Hay que darle un seguro m\u00e9dico.<\/p>\n<p>\u2014\u00bfEs necesaria la Ficha Limpia en la Ciudad?<\/p>\n<p>\u2014No lo cree nadie, ni el PRO, es humo electoral. En la Legislatura, tuvieron mayor\u00edas y nunca lo trataron. No cambia nada. La corrupci\u00f3n se combate con mecanismos s\u00f3lidos de informaci\u00f3n p\u00fablica.<\/p>\n<p>\u2014\u00bfQu\u00e9 le pas\u00f3 al PRO en los \u00faltimos a\u00f1os?<\/p>\n<p>\u2014Porque la elecci\u00f3n que apur\u00f3 Jorge Macri, marca qui\u00e9n maneja el proyecto de la ultraderecha a nivel nacional. Si Milei o Macri. Esa es la discusi\u00f3n que quieren dar. Parece la elecci\u00f3n a senadores nacionales de 2005 en la que se enfrentaron Cristina y Chiche Duhalde por la conducci\u00f3n del peronismo. Ac\u00e1 pasa lo mismo.<\/p>\n","protected":false},"excerpt":{"rendered":"<p>El primer candidato a legislador porte\u00f1o de la lista \u201cJusta, Libre y Soberana\u201d, Juan Manuel Abal Medina, ofreci\u00f3 su visi\u00f3n de la campa\u00f1a. No faltaron las cr\u00edticas a la fecha de la elecci\u00f3n de los comicios, habl\u00f3 de sus principales propuestas y cuestion\u00f3 a la lista que lleva a Leandro Santoro a la cabeza. \u201cEs [&hellip;]<\/p>\n","protected":false},"author":1,"featured_media":104620,"comment_status":"closed","ping_status":"closed","sticky":false,"template":"","format":"standard","meta":[],"categories":[19],"tags":[],"_links":{"self":[{"href":"http:\/\/hoycordobaweb.com\/index.php\/wp-json\/wp\/v2\/posts\/104619"}],"collection":[{"href":"http:\/\/hoycordobaweb.com\/index.php\/wp-json\/wp\/v2\/posts"}],"about":[{"href":"http:\/\/hoycordobaweb.com\/index.php\/wp-json\/wp\/v2\/types\/post"}],"author":[{"embeddable":true,"href":"http:\/\/hoycordobaweb.com\/index.php\/wp-json\/wp\/v2\/users\/1"}],"replies":[{"embeddable":true,"href":"http:\/\/hoycordobaweb.com\/index.php\/wp-json\/wp\/v2\/comments?post=104619"}],"version-history":[{"count":0,"href":"http:\/\/hoycordobaweb.com\/index.php\/wp-json\/wp\/v2\/posts\/104619\/revisions"}],"wp:featuredmedia":[{"embeddable":true,"href":"http:\/\/hoycordobaweb.com\/index.php\/wp-json\/wp\/v2\/media\/104620"}],"wp:attachment":[{"href":"http:\/\/hoycordobaweb.com\/index.php\/wp-json\/wp\/v2\/media?parent=104619"}],"wp:term":[{"taxonomy":"category","embeddable":true,"href":"http:\/\/hoycordobaweb.com\/index.php\/wp-json\/wp\/v2\/categories?post=104619"},{"taxonomy":"post_tag","embeddable":true,"href":"http:\/\/hoycordobaweb.com\/index.php\/wp-json\/wp\/v2\/tags?post=104619"}],"curies":[{"name":"wp","href":"https:\/\/api.w.org\/{rel}","templated":true}]}}