{"id":10461,"date":"2021-01-18T20:36:17","date_gmt":"2021-01-18T20:36:17","guid":{"rendered":"http:\/\/ladecimaweb.com\/?p=7942"},"modified":"2021-01-18T20:36:17","modified_gmt":"2021-01-18T20:36:17","slug":"schiaretti-confirmo-que-en-cordoba-habra-clases-presenciales-desde-marzo","status":"publish","type":"post","link":"http:\/\/hoycordobaweb.com\/index.php\/2021\/01\/18\/schiaretti-confirmo-que-en-cordoba-habra-clases-presenciales-desde-marzo\/","title":{"rendered":"Schiaretti confirm\u00f3 que en C\u00f3rdoba habr\u00e1 clases presenciales desde marzo"},"content":{"rendered":"<p><em>(Agencia T\u00e9lam)<\/em> El gobernador Juan Schiaretti confirm\u00f3 este lunes que desde el 1 de marzo comenzar\u00e1n en C\u00f3rdoba las clases presenciales, a las que calific\u00f3 como una &#8220;necesidad&#8221;, y asegur\u00f3 que estas estar\u00e1n combinadas con la modalidad virtual para reducir el n\u00famero de alumnos en las aulas.<\/p>\n<p>Adem\u00e1s, el gobernador adelant\u00f3 que\u00a0<strong>ser\u00e1 prioritaria la vacunaci\u00f3n contra el coronavirus en docentes.<\/strong><\/p>\n<p>&#8220;Hemos definido como prioritario la vacunaci\u00f3n de los docentes, junto con el sector de salud, las fuerzas armadas y los adultos mayores&#8221;, afirm\u00f3 el mandatario en el marco de la presentaci\u00f3n del Programa Provincial de Entrega de Computadoras a Escuelas Estatales en contextos vulnerables, realizada en el auditorio de la Casa de Gobierno.<\/p>\n<p>Por otra parte, se anunci\u00f3 tambi\u00e9n que\u00a0<strong>el 19 de febrero regresar\u00e1n a las aulas aquellos alumnos de sexto grado del primario y sexto a\u00f1o del secundario que tengan que finalizar sus ciclos del a\u00f1o pasado.<\/strong><\/p>\n<p><img loading=\"lazy\" class=\"alignnone size-full wp-image-7943\" src=\"http:\/\/hoycordobaweb.com\/wp-content\/uploads\/2021\/01\/schiaretti-confirmo-que-en-cordoba-habra-clases-presenciales-desde-marzo.jpg\" alt=\"\" width=\"1072\" height=\"589\" srcset=\"http:\/\/hoycordobaweb.com\/wp-content\/uploads\/2021\/01\/schiaretti-confirmo-que-en-cordoba-habra-clases-presenciales-desde-marzo.jpg 1072w, http:\/\/hoycordobaweb.com\/wp-content\/uploads\/2021\/01\/schiaretti-confirmo-que-en-cordoba-habra-clases-presenciales-desde-marzo-1.jpg 800w, http:\/\/hoycordobaweb.com\/wp-content\/uploads\/2021\/01\/schiaretti-confirmo-que-en-cordoba-habra-clases-presenciales-desde-marzo-2.jpg 768w\" sizes=\"(max-width: 1072px) 100vw, 1072px\" \/><\/p>\n<p>En la presentaci\u00f3n estuvo tambi\u00e9n el ministro de Educaci\u00f3n, Walter Grahovac, quien ya hab\u00eda anunciado la vuelta a clases con el sistema bimodal, quien hoy dijo: &#8220;La idea es que se puedan ocupar aulas<strong>\u00a0con un distanciamiento m\u00ednimo de un metro<\/strong>, que es lo que recomiendan a nivel nacional e internacional&#8221;.<\/p>\n<p>Schiaretti, en su discurso, agreg\u00f3: &#8220;Hay necesidad de la vuelta a las escuelas y est\u00e1 la pandemia por otro lado. De acuerdo a c\u00f3mo evoluciona la pandemia es la cantidad de aulas presenciales que podamos dar, pero la decisi\u00f3n de la Provincia es que va a haber clases presenciales en el 2021&#8221;.<\/p>\n<p>&#8220;Para eso el ministro Grahovac y su equipo trabaja por un lado con el COE para determinar las condiciones de seguridad, todas las cosas que son necesarias para poder dar clases, y por otro lado trabaja junto al sector de la salud, de las fuerzas de seguridad y fuerzas armadas y adultos mayores que son los prioritarios para vacunarse&#8221; complet\u00f3 el gobernador.<\/p>\n<div class=\"ubm_banner\"><a href=\"https:\/\/www.cba.gov.ar\/\" target=\"_blank\" rel=\"dofollow noopener noreferrer\"><img src=\"http:\/\/hoycordobaweb.com\/wp-content\/uploads\/2021\/01\/schiaretti-confirmo-que-en-cordoba-habra-clases-presenciales-desde-marzo.gif\" alt=\"\"><\/a><\/div>\n<p>La entrada <a rel=\"nofollow\" href=\"https:\/\/ladecimaweb.com\/schiaretti-confirmo-que-en-cordoba-habra-clases-presenciales-desde-marzo\/\">Schiaretti confirm\u00f3 que en C\u00f3rdoba habr\u00e1 clases presenciales desde marzo<\/a> se public\u00f3 primero en <a rel=\"nofollow\" href=\"https:\/\/ladecimaweb.com\">LaDecima<\/a>.<\/p>\n","protected":false},"excerpt":{"rendered":"<p>(Agencia T\u00e9lam) El gobernador Juan Schiaretti confirm\u00f3 este lunes que desde el 1 de marzo comenzar\u00e1n en C\u00f3rdoba las clases presenciales, a las que calific\u00f3 como una &#8220;necesidad&#8221;, y asegur\u00f3 que estas estar\u00e1n combinadas con la modalidad virtual para reducir el n\u00famero de alumnos en las aulas. Adem\u00e1s, el gobernador adelant\u00f3 que\u00a0ser\u00e1 prioritaria la vacunaci\u00f3n [&hellip;]<\/p>\n","protected":false},"author":1,"featured_media":10462,"comment_status":"closed","ping_status":"closed","sticky":false,"template":"","format":"standard","meta":[],"categories":[19],"tags":[],"_links":{"self":[{"href":"http:\/\/hoycordobaweb.com\/index.php\/wp-json\/wp\/v2\/posts\/10461"}],"collection":[{"href":"http:\/\/hoycordobaweb.com\/index.php\/wp-json\/wp\/v2\/posts"}],"about":[{"href":"http:\/\/hoycordobaweb.com\/index.php\/wp-json\/wp\/v2\/types\/post"}],"author":[{"embeddable":true,"href":"http:\/\/hoycordobaweb.com\/index.php\/wp-json\/wp\/v2\/users\/1"}],"replies":[{"embeddable":true,"href":"http:\/\/hoycordobaweb.com\/index.php\/wp-json\/wp\/v2\/comments?post=10461"}],"version-history":[{"count":0,"href":"http:\/\/hoycordobaweb.com\/index.php\/wp-json\/wp\/v2\/posts\/10461\/revisions"}],"wp:featuredmedia":[{"embeddable":true,"href":"http:\/\/hoycordobaweb.com\/index.php\/wp-json\/wp\/v2\/media\/10462"}],"wp:attachment":[{"href":"http:\/\/hoycordobaweb.com\/index.php\/wp-json\/wp\/v2\/media?parent=10461"}],"wp:term":[{"taxonomy":"category","embeddable":true,"href":"http:\/\/hoycordobaweb.com\/index.php\/wp-json\/wp\/v2\/categories?post=10461"},{"taxonomy":"post_tag","embeddable":true,"href":"http:\/\/hoycordobaweb.com\/index.php\/wp-json\/wp\/v2\/tags?post=10461"}],"curies":[{"name":"wp","href":"https:\/\/api.w.org\/{rel}","templated":true}]}}