{"id":104599,"date":"2025-05-09T19:12:20","date_gmt":"2025-05-09T19:12:20","guid":{"rendered":"https:\/\/www.ole.com.ar\/river-plate\/river-plate-franco-mastantuono-marcelo-gallardo-foto-recuerdos-alonso_0_0YVnutCj6T.html"},"modified":"2025-05-09T19:12:20","modified_gmt":"2025-05-09T19:12:20","slug":"la-foto-viral-de-gallardo-con-mastantuono-que-disparo-recuerdos-en-river","status":"publish","type":"post","link":"http:\/\/hoycordobaweb.com\/index.php\/2025\/05\/09\/la-foto-viral-de-gallardo-con-mastantuono-que-disparo-recuerdos-en-river\/","title":{"rendered":"La foto viral de Gallardo con Mastantuono que dispar\u00f3 recuerdos en River"},"content":{"rendered":"<p><img src=\"http:\/\/hoycordobaweb.com\/wp-content\/uploads\/2025\/05\/la-foto-viral-de-gallardo-con-mastantuono-que-disparo-recuerdos-en-river.jpg\"><\/p>\n<p><span class=\"createDate\">09\/05\/2025 16:12hs.<\/span><time class=\"modificatedDate\" datetime=\"2025-05-09T16:18:02-03:00\"> Actualizado al 09\/05\/2025 16:18hs.<\/time><\/p>\n<div id=\"storyBody\">\n<div class=\"custom-text \" readability=\"36.220125786164\">\n<p>\u00abDecile al profe que me apruebe geograf\u00eda\u00bb. \u00abVoy a necesitar otro certificado para postergar el pr\u00f3ximo examen\u00bb. Bajo la consiga de la Conmebol<strong> \u00abs\u00f3lo respuestas incorrectas\u00bb<\/strong>, en las redes explotaron los comentarios sobre lo que le dijo <strong><a href=\"https:\/\/www.ole.com.ar\/tema\/marcelo-gallardo.html\" title=\"Marcelo Gallardo\" alt=\"Marcelo Gallardo\" class=\"slug\">Marcelo Gallardo<\/a><\/strong> a <strong><a href=\"https:\/\/www.ole.com.ar\/tema\/franco-mastantuono.html\" title=\"Franco Mastantuono\" alt=\"Franco Mastantuono\" class=\"slug\">Franco Mastantuono<\/a><\/strong> a cinco minutos del final, cuando la joyita dej\u00f3 la cancha ante Barcelona. Sin embargo, en medio de las diferentes reacciones, la imagen en Guayaquil dispar\u00f3 recuerdos cercanos y otros m\u00e1s lejanos.<\/p>\n<\/div>\n<div class=\"custom-text \" readability=\"35.548872180451\">\n<p>A los 17 a\u00f1os, la perla de Azul es la bandera futbol\u00edstica de <strong><a href=\"https:\/\/www.ole.com.ar\/tema\/river-plate.html\" title=\"River Plate\" alt=\"River Plate\" class=\"slug\">River<\/a><\/strong>. Es el joven de la cl\u00e1usula de 45 millones de euros (asciende a 50 en los \u00faltimos 10 d\u00edas del mercado) <strong>que ya fue sondeado por m\u00e1s de una docena de clubes del f\u00fatbol europeo.<\/strong> Es el nuevo fruto del semillero que desde N\u00fa\u00f1ez insisten que van a retener al menos hasta fin de a\u00f1o para que contin\u00fae con su formaci\u00f3n en casa.<\/p>\n<\/div>\n<div class=\"custom-text \" readability=\"39.206349206349\">\n<p>Hoy, Mastan llena de alegr\u00edas a los hinchas y al propio Gallardo dentro del campo de juego. Es una aparici\u00f3n que ilusiona pensando en ganar la Libertadores, el Apertura 2025 y por qu\u00e9 no pelear hasta el final el Mundial de Clubes. Pero sin necesidad de retroceder demasiado en el almanaque, <strong>hace tres a\u00f1os estaba del lado de afuera de la l\u00ednea de cal, como alcanzapelotas<\/strong>, admirando la imagen del Mu\u00f1eco y la de sus \u00eddolos con una pechera cerca del banco de suplentes local del estadio <strong><a href=\"https:\/\/www.ole.com.ar\/tema\/estadio-monumental.html\" title=\"Estadio Monumental\" alt=\"Estadio Monumental\" class=\"slug\">Monumental<\/a><\/strong>.<\/p>\n<\/div>\n<div class=\"sc-e7b891c4-0 ifHnQL image-embed\"><img alt=\"En 2022, en una noche copera, Gallardo DT y Mastantuono como alcanzapelotas.\" loading=\"lazy\" width=\"720\" height=\"100\" decoding=\"async\" data-nimg=\"1\" src=\"http:\/\/hoycordobaweb.com\/wp-content\/uploads\/2025\/05\/la-foto-viral-de-gallardo-con-mastantuono-que-disparo-recuerdos-en-river-2.jpg\"><span class=\"epigraphe\">En 2022, en una noche copera, Gallardo DT y Mastantuono como alcanzapelotas.<\/span><\/div>\n<div class=\"custom-text \" readability=\"38\">\n<p>El contraste entre la postal de Guayaquil y aquella de Mastantuono a\u00fan en Inferiores <strong>simboliza al Gallardo conductor<\/strong>, que a lo largo de los a\u00f1os como DT del CARP sigue potenciando j\u00f3venes de la escuela riverplatense, como lo fueron Juli\u00e1n \u00c1lvarez, Enzo P\u00e9rez y otros alumnos que hoy mismo dirige como Gonzalo Montiel y Lucas Mart\u00ednez Quarta. <\/p>\n<\/div>\n<div class=\"custom-text \" readability=\"36\">\n<p>Y los que peinan canas, al ver las sonrisas de MG y su pupilo, rescataron del \u00e1lbum retro una foto en la que <strong>Angelito Labruna agarra a un joven Beto Alonso de una forma similar<\/strong>. Con la ilusi\u00f3n de que el #30 tambi\u00e9n se convierta en un hist\u00f3rico que llene de alegr\u00edas a todo N\u00fa\u00f1ez.<\/p>\n<\/div>\n<div class=\"sc-e7b891c4-0 ifHnQL image-embed\"><img alt=\"Labruna junto al Beto Alonso.\" loading=\"lazy\" width=\"720\" height=\"100\" decoding=\"async\" data-nimg=\"1\" src=\"http:\/\/hoycordobaweb.com\/wp-content\/uploads\/2025\/05\/la-foto-viral-de-gallardo-con-mastantuono-que-disparo-recuerdos-en-river-3.jpg\"><span class=\"epigraphe\">Labruna junto al Beto Alonso.<\/span><\/div>\n<p><h2><strong>Las im\u00e1genes de Gallardo y Mastantuono que subi\u00f3 la Conmebol<\/strong><\/h2>\n<\/p>\n<\/div>\n","protected":false},"excerpt":{"rendered":"<p>09\/05\/2025 16:12hs. Actualizado al 09\/05\/2025 16:18hs. \u00abDecile al profe que me apruebe geograf\u00eda\u00bb. \u00abVoy a necesitar otro certificado para postergar el pr\u00f3ximo examen\u00bb. Bajo la consiga de la Conmebol \u00abs\u00f3lo respuestas incorrectas\u00bb, en las redes explotaron los comentarios sobre lo que le dijo Marcelo Gallardo a Franco Mastantuono a cinco minutos del final, cuando la [&hellip;]<\/p>\n","protected":false},"author":1,"featured_media":104600,"comment_status":"open","ping_status":"closed","sticky":false,"template":"","format":"standard","meta":[],"categories":[16],"tags":[],"_links":{"self":[{"href":"http:\/\/hoycordobaweb.com\/index.php\/wp-json\/wp\/v2\/posts\/104599"}],"collection":[{"href":"http:\/\/hoycordobaweb.com\/index.php\/wp-json\/wp\/v2\/posts"}],"about":[{"href":"http:\/\/hoycordobaweb.com\/index.php\/wp-json\/wp\/v2\/types\/post"}],"author":[{"embeddable":true,"href":"http:\/\/hoycordobaweb.com\/index.php\/wp-json\/wp\/v2\/users\/1"}],"replies":[{"embeddable":true,"href":"http:\/\/hoycordobaweb.com\/index.php\/wp-json\/wp\/v2\/comments?post=104599"}],"version-history":[{"count":0,"href":"http:\/\/hoycordobaweb.com\/index.php\/wp-json\/wp\/v2\/posts\/104599\/revisions"}],"wp:featuredmedia":[{"embeddable":true,"href":"http:\/\/hoycordobaweb.com\/index.php\/wp-json\/wp\/v2\/media\/104600"}],"wp:attachment":[{"href":"http:\/\/hoycordobaweb.com\/index.php\/wp-json\/wp\/v2\/media?parent=104599"}],"wp:term":[{"taxonomy":"category","embeddable":true,"href":"http:\/\/hoycordobaweb.com\/index.php\/wp-json\/wp\/v2\/categories?post=104599"},{"taxonomy":"post_tag","embeddable":true,"href":"http:\/\/hoycordobaweb.com\/index.php\/wp-json\/wp\/v2\/tags?post=104599"}],"curies":[{"name":"wp","href":"https:\/\/api.w.org\/{rel}","templated":true}]}}