{"id":104506,"date":"2025-05-09T06:03:53","date_gmt":"2025-05-09T06:03:53","guid":{"rendered":"https:\/\/www.mujerhoy.com\/moda\/no-te-pierdas\/novedades-parfois-verano-20250509062402-nt.html"},"modified":"2025-05-09T06:03:53","modified_gmt":"2025-05-09T06:03:53","slug":"las-novedades-de-parfois-de-la-semana-camisas-blancas-vestidos-estampados-faldas-midi-y-sandalias-comodas","status":"publish","type":"post","link":"http:\/\/hoycordobaweb.com\/index.php\/2025\/05\/09\/las-novedades-de-parfois-de-la-semana-camisas-blancas-vestidos-estampados-faldas-midi-y-sandalias-comodas\/","title":{"rendered":"Las novedades de Parfois de la semana: camisas blancas, vestidos estampados, faldas midi y sandalias c\u00f3modas"},"content":{"rendered":"<p><!-- AUTHOR --> <\/p>\n<div class=\"voc-author-timesocial \"> <!-- AUTHOR --> <\/p>\n<div class=\"voc-author-timesocial__signature \">\n<div class=\"voc-author-timesocial__img-c\"> <!-- IMAGE AUTHOR --> <picture class=\"voc-image-signature\"> <img class=\"voc-image-signature__img\" src=\"http:\/\/hoycordobaweb.com\/wp-content\/uploads\/2025\/05\/las-novedades-de-parfois-de-la-semana-camisas-blancas-vestidos-estampados-faldas-midi-y-sandalias-comodas.jpg\" alt=\"Luc\u00eda Garrido V\u00e1zquez\"> <\/picture> <\/div>\n<p> <!-- INFO AUTHOR --> <\/div><\/div>\n<p> <!-- COMPONENTS --> <\/p>\n<p class=\"voc-paragraph\" data-mrf-recirculation=\"Link art\u00edculo\">A punto de empezar el fin de semana, <strong>Parfois<\/strong> renueva su colecci\u00f3n de primavera\/ verano ampli\u00e1ndola con prendas que no sab\u00edas que necesitabas. No, no se trata del <a data-voc-vtm-id=\"in-text-traffic\" href=\"https:\/\/www.mujerhoy.com\/moda\/no-te-pierdas\/nuevo-vestidos-invitada-comodos-bodas-primavera-20250504153106-nt.html\" target=\"_self\" data-mrf-link=\"https:\/\/www.mujerhoy.com\/moda\/no-te-pierdas\/nuevo-vestidos-invitada-comodos-bodas-primavera-20250504153106-nt.html\" rel=\"noopener noreferrer\">look de invitada<\/a> perfecto para tu pr\u00f3ximo evento, ni tan siquiera de estilismos sofisticados para ir arreglada 24\/7, sino de poner la comodidad y la practicidad por encima de todo. \u00bfEl resultado? Una nueva tanda de novedades en la que encontrar\u00e1s desde vestidos b\u00e1sicos a tops o polos que te visten siempre.\n<\/p>\n<p class=\"voc-paragraph\" data-mrf-recirculation=\"Link art\u00edculo\">Eso s\u00ed, no pienses que porque la <a data-voc-vtm-id=\"in-text-traffic\" href=\"https:\/\/www.mujerhoy.com\/moda\/no-te-pierdas\/cuatro-marcas-portuguesas-verano-vestidos-bano-cesteria-20240721124500-nt.html\" target=\"_self\" data-mrf-link=\"https:\/\/www.mujerhoy.com\/moda\/no-te-pierdas\/cuatro-marcas-portuguesas-verano-vestidos-bano-cesteria-20240721124500-nt.html\" rel=\"noopener noreferrer\">firma portuguesa<\/a> haya lanzado sus nuevas propuestas en clave<br \/>\n<strong> casual<\/strong> no van a ser tan bonitas, porque si hay algo que define a Parfois es su gran capacidad para reflejar el particular estilo de las chicas portuguesas con prendas de tendencia llenas de color que gustan a todo el mundo.\n<\/p>\n<div class=\"voc-detail-photo-zoom\"> <picture data-toggle=\"modal\" data-target=\"#photoZoomModal-550\" target=\"modal\">\n<div class=\"voc-img-icon-link\"> <img loading=\"lazy\" src=\"http:\/\/hoycordobaweb.com\/wp-content\/uploads\/2025\/05\/las-novedades-de-parfois-de-la-semana-camisas-blancas-vestidos-estampados-faldas-midi-y-sandalias-comodas-1.jpg\" width=\"650\" height=\"900\" alt=\"Vestido corto tiras cruzadas de Parfois.\"> <noscript> <img src=\"http:\/\/hoycordobaweb.com\/wp-content\/uploads\/2025\/05\/las-novedades-de-parfois-de-la-semana-camisas-blancas-vestidos-estampados-faldas-midi-y-sandalias-comodas-1.jpg\" alt=\"Vestido corto tiras cruzadas de Parfois.\"> <\/noscript> <i class=\"voc-icons zoom voc-multimedia-box voc-ico-l\"><\/i> <\/div><figcaption class=\"figure-caption\">Vestido corto tiras cruzadas de Parfois.<\/figcaption><\/picture>\n<\/div>\n<div id=\"photoZoomModal-550\" class=\"voc-lightbox modal fade voc-lightbox--photo-zoom\" role=\"dialog\" data-voc-photozoom-lightbox>\n<div class=\"voc-lightbox__dialog\" role=\"document\">\n<div class=\"voc-lightbox__content\"> <!-- Modal header --> <!-- Modal content --> <\/p>\n<div class=\"voc-lightbox__photo-container\"> <picture class> <img loading=\"lazy\" src=\"http:\/\/hoycordobaweb.com\/wp-content\/uploads\/2025\/05\/las-novedades-de-parfois-de-la-semana-camisas-blancas-vestidos-estampados-faldas-midi-y-sandalias-comodas-1.jpg\" alt=\"Vestido corto tiras cruzadas de Parfois.\"> <noscript> <img src=\"http:\/\/hoycordobaweb.com\/wp-content\/uploads\/2025\/05\/las-novedades-de-parfois-de-la-semana-camisas-blancas-vestidos-estampados-faldas-midi-y-sandalias-comodas-1.jpg\" alt=\"Vestido corto tiras cruzadas de Parfois.\"> <\/noscript> <\/picture> <\/div><\/div><\/div>\n<\/div>\n<p><h3 class=\"voc-detail__title\"> Vestido corto con trenzado en las mangas de Parfois (39,99 euros)<br \/>\n<\/h3>\n<\/p>\n<p class=\"voc-paragraph\" data-mrf-recirculation=\"Link art\u00edculo\">Un <strong>vestido corto<\/strong> blanco es imprescindible en cualquier armario de verano y, dentro de la sencillez de esta prenda, podemos encontrar versiones algo m\u00e1s originales como por ejemplo, este modelo de Parfois que tiene el detalle de tiras cruzadas desde los hombros hasta el final de la manga.\n<\/p>\n<div class=\"voc-detail-photo-zoom\"> <picture data-toggle=\"modal\" data-target=\"#photoZoomModal-328\" target=\"modal\">\n<div class=\"voc-img-icon-link\"> <img loading=\"lazy\" src=\"http:\/\/hoycordobaweb.com\/wp-content\/uploads\/2025\/05\/las-novedades-de-parfois-de-la-semana-camisas-blancas-vestidos-estampados-faldas-midi-y-sandalias-comodas-2.jpg\" width=\"650\" height=\"900\" alt=\"Falda midi estampado de Parfois.\"> <noscript> <img src=\"http:\/\/hoycordobaweb.com\/wp-content\/uploads\/2025\/05\/las-novedades-de-parfois-de-la-semana-camisas-blancas-vestidos-estampados-faldas-midi-y-sandalias-comodas-2.jpg\" alt=\"Falda midi estampado de Parfois.\"> <\/noscript> <i class=\"voc-icons zoom voc-multimedia-box voc-ico-l\"><\/i> <\/div><figcaption class=\"figure-caption\">Falda midi estampado de Parfois.<\/figcaption><\/picture>\n<\/div>\n<div id=\"photoZoomModal-328\" class=\"voc-lightbox modal fade voc-lightbox--photo-zoom\" role=\"dialog\" data-voc-photozoom-lightbox>\n<div class=\"voc-lightbox__dialog\" role=\"document\">\n<div class=\"voc-lightbox__content\"> <!-- Modal header --> <!-- Modal content --> <\/p>\n<div class=\"voc-lightbox__photo-container\"> <picture class> <img loading=\"lazy\" src=\"http:\/\/hoycordobaweb.com\/wp-content\/uploads\/2025\/05\/las-novedades-de-parfois-de-la-semana-camisas-blancas-vestidos-estampados-faldas-midi-y-sandalias-comodas-2.jpg\" alt=\"Falda midi estampado de Parfois.\"> <noscript> <img src=\"http:\/\/hoycordobaweb.com\/wp-content\/uploads\/2025\/05\/las-novedades-de-parfois-de-la-semana-camisas-blancas-vestidos-estampados-faldas-midi-y-sandalias-comodas-2.jpg\" alt=\"Falda midi estampado de Parfois.\"> <\/noscript> <\/picture> <\/div><\/div><\/div>\n<\/div>\n<p><h3 class=\"voc-detail__title\"> Falda midi con vuelo y estampado de Parfois (32,99 euros)<br \/>\n<\/h3>\n<\/p>\n<p class=\"voc-paragraph\" data-mrf-recirculation=\"Link art\u00edculo\">Para la firma portuguesa, hacer prendas que puedan utilizar (y gusten) tanto las madres como sus hijas, es fundamental. Y lo afirmamos con tal rotundidad porque entre sus propuestas nunca faltan dise\u00f1os con un toque especial que sientan bien a todos los cuerpos y se adaptan al estilo de cada edad seg\u00fan con qu\u00e9 se combine. La \u00faltima prueba es esta <strong>falda blanca<\/strong> con vuelo y estampado que, si eres madre, podr\u00e1s llevar con una blusa y si no, con un crop top.\n<\/p>\n<div class=\"voc-detail-photo-zoom\"> <picture data-toggle=\"modal\" data-target=\"#photoZoomModal-56\" target=\"modal\">\n<div class=\"voc-img-icon-link\"> <img loading=\"lazy\" src=\"http:\/\/hoycordobaweb.com\/wp-content\/uploads\/2025\/05\/las-novedades-de-parfois-de-la-semana-camisas-blancas-vestidos-estampados-faldas-midi-y-sandalias-comodas-3.jpg\" width=\"650\" height=\"900\" alt=\"Vestido midi sin mangas de Parfois.\"> <noscript> <img src=\"http:\/\/hoycordobaweb.com\/wp-content\/uploads\/2025\/05\/las-novedades-de-parfois-de-la-semana-camisas-blancas-vestidos-estampados-faldas-midi-y-sandalias-comodas-3.jpg\" alt=\"Vestido midi sin mangas de Parfois.\"> <\/noscript> <i class=\"voc-icons zoom voc-multimedia-box voc-ico-l\"><\/i> <\/div><figcaption class=\"figure-caption\">Vestido midi sin mangas de Parfois.<\/figcaption><\/picture>\n<\/div>\n<div id=\"photoZoomModal-56\" class=\"voc-lightbox modal fade voc-lightbox--photo-zoom\" role=\"dialog\" data-voc-photozoom-lightbox>\n<div class=\"voc-lightbox__dialog\" role=\"document\">\n<div class=\"voc-lightbox__content\"> <!-- Modal header --> <!-- Modal content --> <\/p>\n<div class=\"voc-lightbox__photo-container\"> <picture class> <img loading=\"lazy\" src=\"http:\/\/hoycordobaweb.com\/wp-content\/uploads\/2025\/05\/las-novedades-de-parfois-de-la-semana-camisas-blancas-vestidos-estampados-faldas-midi-y-sandalias-comodas-3.jpg\" alt=\"Vestido midi sin mangas de Parfois.\"> <noscript> <img src=\"http:\/\/hoycordobaweb.com\/wp-content\/uploads\/2025\/05\/las-novedades-de-parfois-de-la-semana-camisas-blancas-vestidos-estampados-faldas-midi-y-sandalias-comodas-3.jpg\" alt=\"Vestido midi sin mangas de Parfois.\"> <\/noscript> <\/picture> <\/div><\/div><\/div>\n<\/div>\n<p><h3 class=\"voc-detail__title\"> Vestido midi entallado de Parfois (42,99 euros)<br \/>\n<\/h3>\n<\/p>\n<p class=\"voc-paragraph\" data-mrf-recirculation=\"Link art\u00edculo\">Aqu\u00ed tenemos otra de los dise\u00f1os que corroboran nuestra afirmaci\u00f3n anterior: un bonito y sencillo <strong>vestido midi<\/strong> sin mangas que define la silueta (sea cual sea) sentando bien. Un look formal y c\u00f3modo que gana mucho con los accesorios. Comb\u00ednalo con un bolso de rafia (o a todo color como propone la marca) y unas cu\u00f1as altas y tendr\u00e1s un estilismo ideal para ir a cenar o para ir a la oficina.\n<\/p>\n<div class=\"voc-detail-photo-zoom\"> <picture data-toggle=\"modal\" data-target=\"#photoZoomModal-627\" target=\"modal\">\n<div class=\"voc-img-icon-link\"> <img loading=\"lazy\" src=\"http:\/\/hoycordobaweb.com\/wp-content\/uploads\/2025\/05\/las-novedades-de-parfois-de-la-semana-camisas-blancas-vestidos-estampados-faldas-midi-y-sandalias-comodas-4.jpg\" width=\"650\" height=\"900\" alt=\"C\u00e1rdigan de punto de Parfois.\"> <noscript> <img src=\"http:\/\/hoycordobaweb.com\/wp-content\/uploads\/2025\/05\/las-novedades-de-parfois-de-la-semana-camisas-blancas-vestidos-estampados-faldas-midi-y-sandalias-comodas-4.jpg\" alt=\"C\u00e1rdigan de punto de Parfois.\"> <\/noscript> <i class=\"voc-icons zoom voc-multimedia-box voc-ico-l\"><\/i> <\/div><figcaption class=\"figure-caption\">C\u00e1rdigan de punto de Parfois.<\/figcaption><\/picture>\n<\/div>\n<div id=\"photoZoomModal-627\" class=\"voc-lightbox modal fade voc-lightbox--photo-zoom\" role=\"dialog\" data-voc-photozoom-lightbox>\n<div class=\"voc-lightbox__dialog\" role=\"document\">\n<div class=\"voc-lightbox__content\"> <!-- Modal header --> <!-- Modal content --> <\/p>\n<div class=\"voc-lightbox__photo-container\"> <picture class> <img loading=\"lazy\" src=\"http:\/\/hoycordobaweb.com\/wp-content\/uploads\/2025\/05\/las-novedades-de-parfois-de-la-semana-camisas-blancas-vestidos-estampados-faldas-midi-y-sandalias-comodas-4.jpg\" alt=\"C\u00e1rdigan de punto de Parfois.\"> <noscript> <img src=\"http:\/\/hoycordobaweb.com\/wp-content\/uploads\/2025\/05\/las-novedades-de-parfois-de-la-semana-camisas-blancas-vestidos-estampados-faldas-midi-y-sandalias-comodas-4.jpg\" alt=\"C\u00e1rdigan de punto de Parfois.\"> <\/noscript> <\/picture> <\/div><\/div><\/div>\n<\/div>\n<p><h3 class=\"voc-detail__title\"> C\u00e1rdigan de rayas de punto de Parfois (32,99 euros)<br \/>\n<\/h3>\n<\/p>\n<p class=\"voc-paragraph\" data-mrf-recirculation=\"Link art\u00edculo\">Ahora que el tiempo est\u00e1 algo extra\u00f1o y no hace tanto ni tanto calor como para ir en tirantes ni tanto fr\u00edo como para llevar abrigo, las prendas de punto de manga larga son la soluci\u00f3n. As\u00ed, aqu\u00ed tienes una <strong>chaquetita<\/strong> b\u00e1sica con estampado de rayas que te apa\u00f1ar\u00e1 mucho los d\u00edas de entretiempo. Adem\u00e1s, tiene el short a conjunto, por si quieres crear un total look de contrastes.\n<\/p>\n<div class=\"voc-detail-photo-zoom\"> <picture data-toggle=\"modal\" data-target=\"#photoZoomModal-668\" target=\"modal\">\n<div class=\"voc-img-icon-link\"> <img loading=\"lazy\" src=\"http:\/\/hoycordobaweb.com\/wp-content\/uploads\/2025\/05\/las-novedades-de-parfois-de-la-semana-camisas-blancas-vestidos-estampados-faldas-midi-y-sandalias-comodas-5.jpg\" width=\"650\" height=\"900\" alt=\"Top de tirantes algod\u00f3n de Parfois.\"> <noscript> <img src=\"http:\/\/hoycordobaweb.com\/wp-content\/uploads\/2025\/05\/las-novedades-de-parfois-de-la-semana-camisas-blancas-vestidos-estampados-faldas-midi-y-sandalias-comodas-5.jpg\" alt=\"Top de tirantes algod\u00f3n de Parfois.\"> <\/noscript> <i class=\"voc-icons zoom voc-multimedia-box voc-ico-l\"><\/i> <\/div><figcaption class=\"figure-caption\">Top de tirantes algod\u00f3n de Parfois.<\/figcaption><\/picture>\n<\/div>\n<div id=\"photoZoomModal-668\" class=\"voc-lightbox modal fade voc-lightbox--photo-zoom\" role=\"dialog\" data-voc-photozoom-lightbox>\n<div class=\"voc-lightbox__dialog\" role=\"document\">\n<div class=\"voc-lightbox__content\"> <!-- Modal header --> <!-- Modal content --> <\/p>\n<div class=\"voc-lightbox__photo-container\"> <picture class> <img loading=\"lazy\" src=\"http:\/\/hoycordobaweb.com\/wp-content\/uploads\/2025\/05\/las-novedades-de-parfois-de-la-semana-camisas-blancas-vestidos-estampados-faldas-midi-y-sandalias-comodas-5.jpg\" alt=\"Top de tirantes algod\u00f3n de Parfois.\"> <noscript> <img src=\"http:\/\/hoycordobaweb.com\/wp-content\/uploads\/2025\/05\/las-novedades-de-parfois-de-la-semana-camisas-blancas-vestidos-estampados-faldas-midi-y-sandalias-comodas-5.jpg\" alt=\"Top de tirantes algod\u00f3n de Parfois.\"> <\/noscript> <\/picture> <\/div><\/div><\/div>\n<\/div>\n<p><h3 class=\"voc-detail__title\"> Top tipo camisa con tirantes de Parfois (27,99 euros)<br \/>\n<\/h3>\n<\/p>\n<p class=\"voc-paragraph\" data-mrf-recirculation=\"Link art\u00edculo\">Puede parecer un top tipo camisero sencillo, pero el detalle que lo hace m\u00e1s especial es la lazada de la espalda. Una prenda s\u00faperveraniega que te salvar\u00e1 en los d\u00edas de mucho calor y que, al igual que cualquier<br \/>\n<strong> camisa<\/strong>, podr\u00e1s combinarlo con vaqueros, con pantalones de lino o incluso con faldas midi de vuelo.\n<\/p>\n<div class=\"voc-detail-photo-zoom\"> <picture data-toggle=\"modal\" data-target=\"#photoZoomModal-871\" target=\"modal\">\n<div class=\"voc-img-icon-link\"> <img loading=\"lazy\" src=\"http:\/\/hoycordobaweb.com\/wp-content\/uploads\/2025\/05\/las-novedades-de-parfois-de-la-semana-camisas-blancas-vestidos-estampados-faldas-midi-y-sandalias-comodas-6.jpg\" width=\"650\" height=\"900\" alt=\"Vestido largo de rayas de Parfois.\"> <noscript> <img src=\"http:\/\/hoycordobaweb.com\/wp-content\/uploads\/2025\/05\/las-novedades-de-parfois-de-la-semana-camisas-blancas-vestidos-estampados-faldas-midi-y-sandalias-comodas-6.jpg\" alt=\"Vestido largo de rayas de Parfois.\"> <\/noscript> <i class=\"voc-icons zoom voc-multimedia-box voc-ico-l\"><\/i> <\/div><figcaption class=\"figure-caption\">Vestido largo de rayas de Parfois.<\/figcaption><\/picture>\n<\/div>\n<div id=\"photoZoomModal-871\" class=\"voc-lightbox modal fade voc-lightbox--photo-zoom\" role=\"dialog\" data-voc-photozoom-lightbox>\n<div class=\"voc-lightbox__dialog\" role=\"document\">\n<div class=\"voc-lightbox__content\"> <!-- Modal header --> <!-- Modal content --> <\/p>\n<div class=\"voc-lightbox__photo-container\"> <picture class> <img loading=\"lazy\" src=\"http:\/\/hoycordobaweb.com\/wp-content\/uploads\/2025\/05\/las-novedades-de-parfois-de-la-semana-camisas-blancas-vestidos-estampados-faldas-midi-y-sandalias-comodas-6.jpg\" alt=\"Vestido largo de rayas de Parfois.\"> <noscript> <img src=\"http:\/\/hoycordobaweb.com\/wp-content\/uploads\/2025\/05\/las-novedades-de-parfois-de-la-semana-camisas-blancas-vestidos-estampados-faldas-midi-y-sandalias-comodas-6.jpg\" alt=\"Vestido largo de rayas de Parfois.\"> <\/noscript> <\/picture> <\/div><\/div><\/div>\n<\/div>\n<p><h3 class=\"voc-detail__title\"> Vestido largo de tirantes y estampado de rayas de Parfois (35,99 euros)<br \/>\n<\/h3>\n<\/p>\n<p class=\"voc-paragraph\" data-mrf-recirculation=\"Link art\u00edculo\">Seguro que en los d\u00edas de verano en los que el calor es muy intenso dudas sobre qu\u00e9 ponerte. Buscas comodidad y sobre todo, algo ligero que siente bien y que te permita estar fresquita toda la jornada. Pues bien, para ese momento se ha creado este <strong>vestido<\/strong> de tirantes que, aunque es largo, es lo suficientemente amplio como para no agobiarte.\n<\/p>\n<div class=\"voc-detail-photo-zoom\"> <picture data-toggle=\"modal\" data-target=\"#photoZoomModal-569\" target=\"modal\">\n<div class=\"voc-img-icon-link\"> <img loading=\"lazy\" src=\"http:\/\/hoycordobaweb.com\/wp-content\/uploads\/2025\/05\/las-novedades-de-parfois-de-la-semana-camisas-blancas-vestidos-estampados-faldas-midi-y-sandalias-comodas-7.jpg\" width=\"650\" height=\"900\" alt=\"Sandalias planas piel de Parfois.\"> <noscript> <img src=\"http:\/\/hoycordobaweb.com\/wp-content\/uploads\/2025\/05\/las-novedades-de-parfois-de-la-semana-camisas-blancas-vestidos-estampados-faldas-midi-y-sandalias-comodas-7.jpg\" alt=\"Sandalias planas piel de Parfois.\"> <\/noscript> <i class=\"voc-icons zoom voc-multimedia-box voc-ico-l\"><\/i> <\/div><figcaption class=\"figure-caption\">Sandalias planas piel de Parfois.<\/figcaption><\/picture>\n<\/div>\n<div id=\"photoZoomModal-569\" class=\"voc-lightbox modal fade voc-lightbox--photo-zoom\" role=\"dialog\" data-voc-photozoom-lightbox>\n<div class=\"voc-lightbox__dialog\" role=\"document\">\n<div class=\"voc-lightbox__content\"> <!-- Modal header --> <!-- Modal content --> <\/p>\n<div class=\"voc-lightbox__photo-container\"> <picture class> <img loading=\"lazy\" src=\"http:\/\/hoycordobaweb.com\/wp-content\/uploads\/2025\/05\/las-novedades-de-parfois-de-la-semana-camisas-blancas-vestidos-estampados-faldas-midi-y-sandalias-comodas-7.jpg\" alt=\"Sandalias planas piel de Parfois.\"> <noscript> <img src=\"http:\/\/hoycordobaweb.com\/wp-content\/uploads\/2025\/05\/las-novedades-de-parfois-de-la-semana-camisas-blancas-vestidos-estampados-faldas-midi-y-sandalias-comodas-7.jpg\" alt=\"Sandalias planas piel de Parfois.\"> <\/noscript> <\/picture> <\/div><\/div><\/div>\n<\/div>\n<p><h3 class=\"voc-detail__title\"> Sandalias planas de tiras de piel de Parfois (39,99 euros)<br \/>\n<\/h3>\n<\/p>\n<p class=\"voc-paragraph\" data-mrf-recirculation=\"Link art\u00edculo\">Dar con el calzado adecuado en verano no es tan f\u00e1cil como parece, porque las rozaduras debido al calor nos destrozan los pies. Por eso, la mejor manera para ir c\u00f3modas es apostar por unas <strong>sandalias planas<\/strong> tan bonitas como estas. Est\u00e1n elaboradas en piel y tienen un bonito detalle met\u00e1lico en la parte de delante. Las podr\u00e1s llevar con absolutamente todo y, si eres m\u00e1s de negro, tambi\u00e9n las tienes disponibles.\n<\/p>\n<div class=\"voc-detail-photo-zoom\"> <picture data-toggle=\"modal\" data-target=\"#photoZoomModal-943\" target=\"modal\">\n<div class=\"voc-img-icon-link\"> <img loading=\"lazy\" src=\"http:\/\/hoycordobaweb.com\/wp-content\/uploads\/2025\/05\/las-novedades-de-parfois-de-la-semana-camisas-blancas-vestidos-estampados-faldas-midi-y-sandalias-comodas-8.jpg\" width=\"650\" height=\"900\" alt=\"Chaleco de rayas Parfois.\"> <noscript> <img src=\"http:\/\/hoycordobaweb.com\/wp-content\/uploads\/2025\/05\/las-novedades-de-parfois-de-la-semana-camisas-blancas-vestidos-estampados-faldas-midi-y-sandalias-comodas-8.jpg\" alt=\"Chaleco de rayas Parfois.\"> <\/noscript> <i class=\"voc-icons zoom voc-multimedia-box voc-ico-l\"><\/i> <\/div><figcaption class=\"figure-caption\">Chaleco de rayas Parfois.<\/figcaption><\/picture>\n<\/div>\n<div id=\"photoZoomModal-943\" class=\"voc-lightbox modal fade voc-lightbox--photo-zoom\" role=\"dialog\" data-voc-photozoom-lightbox>\n<div class=\"voc-lightbox__dialog\" role=\"document\">\n<div class=\"voc-lightbox__content\"> <!-- Modal header --> <!-- Modal content --> <\/p>\n<div class=\"voc-lightbox__photo-container\"> <picture class> <img loading=\"lazy\" src=\"http:\/\/hoycordobaweb.com\/wp-content\/uploads\/2025\/05\/las-novedades-de-parfois-de-la-semana-camisas-blancas-vestidos-estampados-faldas-midi-y-sandalias-comodas-8.jpg\" alt=\"Chaleco de rayas Parfois.\"> <noscript> <img src=\"http:\/\/hoycordobaweb.com\/wp-content\/uploads\/2025\/05\/las-novedades-de-parfois-de-la-semana-camisas-blancas-vestidos-estampados-faldas-midi-y-sandalias-comodas-8.jpg\" alt=\"Chaleco de rayas Parfois.\"> <\/noscript> <\/picture> <\/div><\/div><\/div>\n<\/div>\n<p><h3 class=\"voc-detail__title\"> Chaleco de rayas tipo sastre de Parfois (42,99 euros)<br \/>\n<\/h3>\n<\/p>\n<p class=\"voc-paragraph\" data-mrf-recirculation=\"Link art\u00edculo\">Es una de las prendas de m\u00e1s tendencia y este verano volver\u00e1s a llevarlos en clave boho, de punto, a modo de top y por supuesto, en su versi\u00f3n sastre. As\u00ed lo dictan las firmas, entre ellas Parfois, que ha incluido en sus novedades este <strong>chaleco<\/strong> largo con estampado de rayas para que lo lleves con su conjunto de bermudas y tambi\u00e9n con todo tipo de pantalones.\n<\/p>\n<div class=\"voc-detail-photo-zoom\"> <picture data-toggle=\"modal\" data-target=\"#photoZoomModal-180\" target=\"modal\">\n<div class=\"voc-img-icon-link\"> <img loading=\"lazy\" src=\"http:\/\/hoycordobaweb.com\/wp-content\/uploads\/2025\/05\/las-novedades-de-parfois-de-la-semana-camisas-blancas-vestidos-estampados-faldas-midi-y-sandalias-comodas-9.jpg\" width=\"650\" height=\"900\" alt=\"Sandalias doradas de tiras de Parfois.\"> <noscript> <img src=\"http:\/\/hoycordobaweb.com\/wp-content\/uploads\/2025\/05\/las-novedades-de-parfois-de-la-semana-camisas-blancas-vestidos-estampados-faldas-midi-y-sandalias-comodas-9.jpg\" alt=\"Sandalias doradas de tiras de Parfois.\"> <\/noscript> <i class=\"voc-icons zoom voc-multimedia-box voc-ico-l\"><\/i> <\/div><figcaption class=\"figure-caption\">Sandalias doradas de tiras de Parfois.<\/figcaption><\/picture>\n<\/div>\n<div id=\"photoZoomModal-180\" class=\"voc-lightbox modal fade voc-lightbox--photo-zoom\" role=\"dialog\" data-voc-photozoom-lightbox>\n<div class=\"voc-lightbox__dialog\" role=\"document\">\n<div class=\"voc-lightbox__content\"> <!-- Modal header --> <!-- Modal content --> <\/p>\n<div class=\"voc-lightbox__photo-container\"> <picture class> <img loading=\"lazy\" src=\"http:\/\/hoycordobaweb.com\/wp-content\/uploads\/2025\/05\/las-novedades-de-parfois-de-la-semana-camisas-blancas-vestidos-estampados-faldas-midi-y-sandalias-comodas-9.jpg\" alt=\"Sandalias doradas de tiras de Parfois.\"> <noscript> <img src=\"http:\/\/hoycordobaweb.com\/wp-content\/uploads\/2025\/05\/las-novedades-de-parfois-de-la-semana-camisas-blancas-vestidos-estampados-faldas-midi-y-sandalias-comodas-9.jpg\" alt=\"Sandalias doradas de tiras de Parfois.\"> <\/noscript> <\/picture> <\/div><\/div><\/div>\n<\/div>\n<p><h3 class=\"voc-detail__title\"> Sandalias doradas de tiras y tac\u00f3n bajo de Parfois (29,99 euros)<br \/>\n<\/h3>\n<\/p>\n<p class=\"voc-paragraph\" data-mrf-recirculation=\"Link art\u00edculo\">Si buscas un calzado que te vista un poco m\u00e1s que las m\u00edticas sandalias planas de tiras, la opci\u00f3n con la que acertar siempre son unas doradas que tengan el <strong>tac\u00f3n justo<\/strong> para darte unos cent\u00edmetros de altura y seguir yendo c\u00f3moda. Apuesta por estas que podr\u00e1s lucir en looks arreglados y tambi\u00e9n en el d\u00eda a d\u00eda para elevar tu estilismo.\n<\/p>\n<p> <!-- TOPICS --> <\/p>\n","protected":false},"excerpt":{"rendered":"<p>A punto de empezar el fin de semana, Parfois renueva su colecci\u00f3n de primavera\/ verano ampli\u00e1ndola con prendas que no sab\u00edas que necesitabas. No, no se trata del look de invitada perfecto para tu pr\u00f3ximo evento, ni tan siquiera de estilismos sofisticados para ir arreglada 24\/7, sino de poner la comodidad y la practicidad por [&hellip;]<\/p>\n","protected":false},"author":1,"featured_media":104507,"comment_status":"closed","ping_status":"closed","sticky":false,"template":"","format":"standard","meta":[],"categories":[],"tags":[],"_links":{"self":[{"href":"http:\/\/hoycordobaweb.com\/index.php\/wp-json\/wp\/v2\/posts\/104506"}],"collection":[{"href":"http:\/\/hoycordobaweb.com\/index.php\/wp-json\/wp\/v2\/posts"}],"about":[{"href":"http:\/\/hoycordobaweb.com\/index.php\/wp-json\/wp\/v2\/types\/post"}],"author":[{"embeddable":true,"href":"http:\/\/hoycordobaweb.com\/index.php\/wp-json\/wp\/v2\/users\/1"}],"replies":[{"embeddable":true,"href":"http:\/\/hoycordobaweb.com\/index.php\/wp-json\/wp\/v2\/comments?post=104506"}],"version-history":[{"count":0,"href":"http:\/\/hoycordobaweb.com\/index.php\/wp-json\/wp\/v2\/posts\/104506\/revisions"}],"wp:featuredmedia":[{"embeddable":true,"href":"http:\/\/hoycordobaweb.com\/index.php\/wp-json\/wp\/v2\/media\/104507"}],"wp:attachment":[{"href":"http:\/\/hoycordobaweb.com\/index.php\/wp-json\/wp\/v2\/media?parent=104506"}],"wp:term":[{"taxonomy":"category","embeddable":true,"href":"http:\/\/hoycordobaweb.com\/index.php\/wp-json\/wp\/v2\/categories?post=104506"},{"taxonomy":"post_tag","embeddable":true,"href":"http:\/\/hoycordobaweb.com\/index.php\/wp-json\/wp\/v2\/tags?post=104506"}],"curies":[{"name":"wp","href":"https:\/\/api.w.org\/{rel}","templated":true}]}}