{"id":104498,"date":"2025-05-08T19:03:16","date_gmt":"2025-05-08T19:03:16","guid":{"rendered":"https:\/\/www.ole.com.ar\/futbol-primera\/racing-platense-torneo-apertura-octavos-rojas-sosa-costas_0_41SbSBRg40.html"},"modified":"2025-05-08T19:03:16","modified_gmt":"2025-05-08T19:03:16","slug":"racing-sumo-otra-baja-para-el-cruce-con-platense","status":"publish","type":"post","link":"http:\/\/hoycordobaweb.com\/index.php\/2025\/05\/08\/racing-sumo-otra-baja-para-el-cruce-con-platense\/","title":{"rendered":"Racing sum\u00f3 otra baja para el cruce con Platense"},"content":{"rendered":"<p><img src=\"http:\/\/hoycordobaweb.com\/wp-content\/uploads\/2025\/05\/racing-sumo-otra-baja-para-el-cruce-con-platense.jpg\"><\/p>\n<p><time class=\"createDate\" datetime=\"2025-05-08T16:03:16-03:00\">08\/05\/2025 16:03hs.<\/time><\/p>\n<div id=\"storyBody\">\n<div class=\"custom-text \" readability=\"37.29886914378\">\n<p>Sin mucho tiempo descanso, porque reci\u00e9n volvi\u00f3 el mi\u00e9rcoles de Colombia, <strong><a href=\"https:\/\/www.ole.com.ar\/tema\/racing.html\" title=\"Racing\" alt=\"Racing\" class=\"slug\">Racing<\/a> ya prepara el partido del s\u00e1bado contra <a href=\"https:\/\/www.ole.com.ar\/tema\/platense.html\" title=\"Platense\" alt=\"Platense\" class=\"slug\">Platense<\/a><\/strong>. Por los octavos de final del Torneo Apertura, la Academia jugar\u00e1 otra final (tal como la describi\u00f3 Costas) y <strong>en la previa recibi\u00f3 otra mala noticia<\/strong>. Tal como sucedi\u00f3 ante Bucaramanga, el t\u00e9cnico deber\u00e1 meter mano porque no tiene a su 11 ideal<strong>. Ya sab\u00eda que para el inicio de los Playoffs no iba a contar con el suspendido <a href=\"https:\/\/www.ole.com.ar\/tema\/santiago-sosa.html\" title=\"Santiago Sosa\" alt=\"Santiago Sosa\" class=\"slug\">Santiago Sosa<\/a> (expulsado por doble amarilla ante Newell&#8217;s) y en las \u00faltimas horas se enter\u00f3 de que tampoco podr\u00e1 contar con el regreso de Gabriel Rojas.<\/strong><\/p>\n<\/div>\n<p><h2>Gabriel Rojas sigue siendo baja en Racing por una dolencia de rodilla<\/h2>\n<\/p>\n<div class=\"custom-text \" readability=\"39\">\n<p><strong>El lateral izquierdo, quien no hab\u00eda viajado por Copa Libertadores para seguir rehabilit\u00e1ndose en Avellaneda, complet\u00f3 este mi\u00e9rcoles otra jornada sin trabajos de campo. <\/strong>Seg\u00fan informan desde Racing, <strong>el ex San Lorenzo padece una inflamaci\u00f3n en la zona de los meniscos de la pierna izquierda.<\/strong> La dolencia se est\u00e1 dilatando m\u00e1s de lo previsto y Rojas se perder\u00e1 su tercer juego al hilo. No hab\u00eda estado ante Newell&#8217;s, fue probado durante el fin de semana para saber si llegaba a Bucaramanga y por ahora sigue con trabajos de kinesiolog\u00eda.<\/p>\n<\/div>\n<p><h2>El esquema de la Academia ante Platense<\/h2>\n<\/p>\n<div class=\"custom-text \" readability=\"38\">\n<p>Sin Sosa ni Rojas,<strong> es pr\u00e1cticamente un hecho que Racing mantendr\u00e1 el 3-4-3 contra Platense. Por izquierda volver\u00e1 a jugar Ignacio Rodr\u00edguez, volante devenido en carrilero.<\/strong> Esto hace pr\u00e1cticamente imposible que Costas pueda pensar en una l\u00ednea de cuatro y sumar un tercer volante a la mitad de cancha. Colombo por Sosa en la posici\u00f3n de l\u00edbero (ingresa Di Cesare respecto al 11 de la Libertadores) y Rodr\u00edguez titular por Rojas ser\u00edan las novedades m\u00e1s importantes de la Academia, que apuesta por todo. <\/p>\n<\/div>\n<div class=\"custom-text \" readability=\"42\">\n<p>A falta de confirmaci\u00f3n oficial, y con tiempo para hacer pr\u00e1ctica de f\u00fatbol, <strong>los 11 de la Academia ante el Calamar ser\u00edan Arias; Di Cesare, Colombo, Garc\u00eda Basso; Martirena, Nardoni, Almendra, Rodr\u00edguez; Solari, Maravilla Mart\u00ednez y Salas.<\/strong><\/p>\n<\/div>\n<div class=\"sc-a7166897-0 eoLsBE\" readability=\"6\">\n<section readability=\"2\"><picture><img alt=\"Los \u00e1rbitros para los octavos de final del Apertura y una ins\u00f3lita designaci\u00f3n \" loading=\"lazy\" width=\"290\" height=\"290\" decoding=\"async\" data-nimg=\"1\" src=\"http:\/\/hoycordobaweb.com\/wp-content\/uploads\/2025\/05\/racing-sumo-otra-baja-para-el-cruce-con-platense-2.jpg\"><\/picture>\n<p><span>Mir\u00e1 tambi\u00e9n<\/span><\/p>\n<hr>\n<h3>Los \u00e1rbitros para los octavos de final del Apertura y una ins\u00f3lita designaci\u00f3n <\/h3>\n<\/p>\n<\/section>\n<\/div>\n<div class=\"sc-a7166897-0 eoLsBE\" readability=\"7\">\n<section readability=\"4\"><picture><img alt=\"El mapa de la Libertadores: el primer clasificado a octavos, el riesgo Flamengo y el primer eliminado\" loading=\"lazy\" width=\"290\" height=\"290\" decoding=\"async\" data-nimg=\"1\" src=\"http:\/\/hoycordobaweb.com\/wp-content\/uploads\/2025\/05\/racing-sumo-otra-baja-para-el-cruce-con-platense-3.jpg\"><\/picture>\n<p><span>Mir\u00e1 tambi\u00e9n<\/span><\/p>\n<hr>\n<h3>El mapa de la Libertadores: el primer clasificado a octavos, el riesgo Flamengo y el primer eliminado<\/h3>\n<\/p>\n<\/section>\n<\/div>\n<\/div>\n","protected":false},"excerpt":{"rendered":"<p>08\/05\/2025 16:03hs. Sin mucho tiempo descanso, porque reci\u00e9n volvi\u00f3 el mi\u00e9rcoles de Colombia, Racing ya prepara el partido del s\u00e1bado contra Platense. Por los octavos de final del Torneo Apertura, la Academia jugar\u00e1 otra final (tal como la describi\u00f3 Costas) y en la previa recibi\u00f3 otra mala noticia. Tal como sucedi\u00f3 ante Bucaramanga, el t\u00e9cnico [&hellip;]<\/p>\n","protected":false},"author":1,"featured_media":104499,"comment_status":"open","ping_status":"closed","sticky":false,"template":"","format":"standard","meta":[],"categories":[16],"tags":[],"_links":{"self":[{"href":"http:\/\/hoycordobaweb.com\/index.php\/wp-json\/wp\/v2\/posts\/104498"}],"collection":[{"href":"http:\/\/hoycordobaweb.com\/index.php\/wp-json\/wp\/v2\/posts"}],"about":[{"href":"http:\/\/hoycordobaweb.com\/index.php\/wp-json\/wp\/v2\/types\/post"}],"author":[{"embeddable":true,"href":"http:\/\/hoycordobaweb.com\/index.php\/wp-json\/wp\/v2\/users\/1"}],"replies":[{"embeddable":true,"href":"http:\/\/hoycordobaweb.com\/index.php\/wp-json\/wp\/v2\/comments?post=104498"}],"version-history":[{"count":0,"href":"http:\/\/hoycordobaweb.com\/index.php\/wp-json\/wp\/v2\/posts\/104498\/revisions"}],"wp:featuredmedia":[{"embeddable":true,"href":"http:\/\/hoycordobaweb.com\/index.php\/wp-json\/wp\/v2\/media\/104499"}],"wp:attachment":[{"href":"http:\/\/hoycordobaweb.com\/index.php\/wp-json\/wp\/v2\/media?parent=104498"}],"wp:term":[{"taxonomy":"category","embeddable":true,"href":"http:\/\/hoycordobaweb.com\/index.php\/wp-json\/wp\/v2\/categories?post=104498"},{"taxonomy":"post_tag","embeddable":true,"href":"http:\/\/hoycordobaweb.com\/index.php\/wp-json\/wp\/v2\/tags?post=104498"}],"curies":[{"name":"wp","href":"https:\/\/api.w.org\/{rel}","templated":true}]}}