{"id":104494,"date":"2025-05-08T19:17:54","date_gmt":"2025-05-08T19:17:54","guid":{"rendered":"https:\/\/www.ole.com.ar\/futbol-internacional\/diniz-vascodagama-brasil-cruzeiro_0_nuA7TFYZ3r.html"},"modified":"2025-05-08T19:17:54","modified_gmt":"2025-05-08T19:17:54","slug":"fernando-diniz-ya-tiene-nuevo-equipo-vasco-da-gama","status":"publish","type":"post","link":"http:\/\/hoycordobaweb.com\/index.php\/2025\/05\/08\/fernando-diniz-ya-tiene-nuevo-equipo-vasco-da-gama\/","title":{"rendered":"Fernando Diniz ya tiene nuevo equipo: Vasco da Gama"},"content":{"rendered":"<p><img src=\"http:\/\/hoycordobaweb.com\/wp-content\/uploads\/2025\/05\/fernando-diniz-ya-tiene-nuevo-equipo-vasco-da-gama.jpg\"><\/p>\n<p><time class=\"createDate\" datetime=\"2025-05-08T16:17:54-03:00\">08\/05\/2025 16:17hs.<\/time><\/p>\n<div id=\"storyBody\">\n<div class=\"custom-text \" readability=\"36.309012875536\">\n<p><strong><a href=\"https:\/\/www.ole.com.ar\/tema\/fernando-diniz.html\" title=\"Fernando Diniz\" alt=\"Fernando Diniz\" class=\"slug\">Fernando Diniz<\/a><\/strong> fue campe\u00f3n de la<strong><a href=\"https:\/\/www.ole.com.ar\/tema\/copa-libertadores.html\" title=\"Copa Libertadores\" alt=\"Copa Libertadores\" class=\"slug\"> Copa Libertadores<\/a><\/strong> con Fluminense en 2023 al mismo tiempo que conduc\u00eda a la selecci\u00f3n de Brasil. Lo echaron primero de la Verdeamarela, en enero de 2024, y a mitad de a\u00f1o del Flu, con el equipo en zona de descenso. Lo contrat\u00f3 Cruzeiro en septiembre, lleg\u00f3 a la final de la <a href=\"https:\/\/www.ole.com.ar\/tema\/copa-sudamericana.html\" title=\"Copa Sudamericana\" alt=\"Copa Sudamericana\" class=\"slug\">Sudamericana<\/a>, la perdi\u00f3 con Racing y en enero de 2025 lo echaron del Raposa. <strong>Pero a menos de cuatro meses de ese episodio ya tiene equipo: Vasco da Gama.<\/strong><\/p>\n<\/div>\n<div class=\"custom-text \" readability=\"38.50144092219\">\n<p>El club carioca confirm\u00f3 su contrataci\u00f3n el d\u00eda despu\u00e9s de perder 4 a 1 con Puerto Cabello, en Venezuela, por la Sudamericana. Asume 11 d\u00edas despu\u00e9s del despido de Fabio Carille. Vuelve al equipo en el que estuvo en 2021, y tendr\u00e1 entre sus dirigidos a los argentinos <a href=\"https:\/\/www.ole.com.ar\/tema\/pablo-vegetti.html\" title=\"Pablo Vegetti\" alt=\"Pablo Vegetti\" class=\"slug\">Pablo Vegetti<\/a>, ex delantero de Belgrano, Juan Sforza y Benjam\u00edn Garr\u00e9.<\/p>\n<\/div>\n<div class=\"custom-text \" readability=\"34\">\n<p>Y con 51 a\u00f1os, ya tiene otros diez equipos dirigidos en Brasil, Santos y San Pablo entre ellos.<\/p>\n<\/div>\n<div class=\"sc-e7b891c4-0 ifHnQL image-embed\"><img alt=\"Fernando Diniz tras ganarle la Recopa a Liga de Quito en 2024 (EFE).\" loading=\"lazy\" width=\"720\" height=\"100\" decoding=\"async\" data-nimg=\"1\" src=\"http:\/\/hoycordobaweb.com\/wp-content\/uploads\/2025\/05\/fernando-diniz-ya-tiene-nuevo-equipo-vasco-da-gama-2.jpg\"><span class=\"epigraphe\">Fernando Diniz tras ganarle la Recopa a Liga de Quito en 2024 (EFE).<\/span><\/div>\n<div class=\"sc-e7b891c4-0 ifHnQL image-embed\"><img alt=\"Fernando Diniz en la selecci\u00f3n de Brasil (EFE).\" loading=\"lazy\" width=\"720\" height=\"100\" decoding=\"async\" data-nimg=\"1\" src=\"http:\/\/hoycordobaweb.com\/wp-content\/uploads\/2025\/05\/fernando-diniz-ya-tiene-nuevo-equipo-vasco-da-gama-3.jpg\"><span class=\"epigraphe\">Fernando Diniz en la selecci\u00f3n de Brasil (EFE).<\/span><\/div>\n<p><h2><strong>Situaci\u00f3n compleja<\/strong><\/h2>\n<\/p>\n<div class=\"custom-text \" readability=\"41\">\n<p>Vasco, con siete puntos en siete fechas, marcha en el puesto 14 del <strong>Brasileirao<\/strong>, con riesgo de caer en descenso tras la pr\u00f3xima jornada. En la Sudamericana suma cinco puntos en cuatro fechas, tres unidades menos que el l\u00edder Lan\u00fas, en el segundo puesto, por lo que hoy jugar\u00eda un Repechaje con un tercero de la Copa Libertadores.<\/p>\n<\/div>\n<div class=\"sc-a7166897-0 eoLsBE\" readability=\"6.5\">\n<section readability=\"3\"><picture><img alt=\"La contundente respuesta de Scaloni luego de que un periodista lo propusiera como DT de Brasil\" loading=\"lazy\" width=\"290\" height=\"290\" decoding=\"async\" data-nimg=\"1\" src=\"http:\/\/hoycordobaweb.com\/wp-content\/uploads\/2025\/05\/fernando-diniz-ya-tiene-nuevo-equipo-vasco-da-gama-4.jpg\"><\/picture>\n<p><span>Mir\u00e1 tambi\u00e9n<\/span><\/p>\n<hr>\n<h3>La contundente respuesta de Scaloni luego de que un periodista lo propusiera como DT de Brasil<\/h3>\n<\/p>\n<\/section>\n<\/div>\n<div class=\"sc-a7166897-0 eoLsBE\" readability=\"7\">\n<section readability=\"4\"><picture><img alt=\"Garnacho, titular por la final: el Manchester United ya recibe al Athletic de Bilbao por semis de Europa League\" loading=\"lazy\" width=\"290\" height=\"290\" decoding=\"async\" data-nimg=\"1\" src=\"http:\/\/hoycordobaweb.com\/wp-content\/uploads\/2025\/05\/fernando-diniz-ya-tiene-nuevo-equipo-vasco-da-gama-5.jpg\"><\/picture>\n<p><span>Mir\u00e1 tambi\u00e9n<\/span><\/p>\n<hr>\n<h3>Garnacho, titular por la final: el Manchester United ya recibe al Athletic de Bilbao por semis de Europa League<\/h3>\n<\/p>\n<\/section>\n<\/div>\n<\/div>\n","protected":false},"excerpt":{"rendered":"<p>08\/05\/2025 16:17hs. Fernando Diniz fue campe\u00f3n de la Copa Libertadores con Fluminense en 2023 al mismo tiempo que conduc\u00eda a la selecci\u00f3n de Brasil. Lo echaron primero de la Verdeamarela, en enero de 2024, y a mitad de a\u00f1o del Flu, con el equipo en zona de descenso. Lo contrat\u00f3 Cruzeiro en septiembre, lleg\u00f3 a [&hellip;]<\/p>\n","protected":false},"author":1,"featured_media":104495,"comment_status":"open","ping_status":"closed","sticky":false,"template":"","format":"standard","meta":[],"categories":[16],"tags":[],"_links":{"self":[{"href":"http:\/\/hoycordobaweb.com\/index.php\/wp-json\/wp\/v2\/posts\/104494"}],"collection":[{"href":"http:\/\/hoycordobaweb.com\/index.php\/wp-json\/wp\/v2\/posts"}],"about":[{"href":"http:\/\/hoycordobaweb.com\/index.php\/wp-json\/wp\/v2\/types\/post"}],"author":[{"embeddable":true,"href":"http:\/\/hoycordobaweb.com\/index.php\/wp-json\/wp\/v2\/users\/1"}],"replies":[{"embeddable":true,"href":"http:\/\/hoycordobaweb.com\/index.php\/wp-json\/wp\/v2\/comments?post=104494"}],"version-history":[{"count":0,"href":"http:\/\/hoycordobaweb.com\/index.php\/wp-json\/wp\/v2\/posts\/104494\/revisions"}],"wp:featuredmedia":[{"embeddable":true,"href":"http:\/\/hoycordobaweb.com\/index.php\/wp-json\/wp\/v2\/media\/104495"}],"wp:attachment":[{"href":"http:\/\/hoycordobaweb.com\/index.php\/wp-json\/wp\/v2\/media?parent=104494"}],"wp:term":[{"taxonomy":"category","embeddable":true,"href":"http:\/\/hoycordobaweb.com\/index.php\/wp-json\/wp\/v2\/categories?post=104494"},{"taxonomy":"post_tag","embeddable":true,"href":"http:\/\/hoycordobaweb.com\/index.php\/wp-json\/wp\/v2\/tags?post=104494"}],"curies":[{"name":"wp","href":"https:\/\/api.w.org\/{rel}","templated":true}]}}