{"id":104398,"date":"2025-05-07T18:51:22","date_gmt":"2025-05-07T18:51:22","guid":{"rendered":"https:\/\/www.ole.com.ar\/boca-juniors\/alerta-boca-titular-problemas-rodilla_0_ImRZMd2pWY.html"},"modified":"2025-05-07T18:51:22","modified_gmt":"2025-05-07T18:51:22","slug":"alerta-boca-un-titular-termino-con-problemas-en-una-rodilla-y-le-hicieron-estudios","status":"publish","type":"post","link":"http:\/\/hoycordobaweb.com\/index.php\/2025\/05\/07\/alerta-boca-un-titular-termino-con-problemas-en-una-rodilla-y-le-hicieron-estudios\/","title":{"rendered":"Alerta Boca: un titular termin\u00f3 con problemas en una rodilla y le hicieron estudios"},"content":{"rendered":"<p><img src=\"http:\/\/hoycordobaweb.com\/wp-content\/uploads\/2025\/05\/alerta-boca-un-titular-termino-con-problemas-en-una-rodilla-y-le-hicieron-estudios.jpg\"><\/p>\n<p><time class=\"createDate\" datetime=\"2025-05-07T15:51:22-03:00\">07\/05\/2025 15:51hs.<\/time><\/p>\n<div id=\"storyBody\">\n<div class=\"custom-text \" readability=\"28.038461538462\">\n<p><strong><a href=\"https:\/\/www.ole.com.ar\/tema\/mariano-herron.html\" title=\"Mariano Herr\u00f3n\" alt=\"Mariano Herr\u00f3n\" class=\"slug\">Mariano Herr\u00f3n<\/a><\/strong> ten\u00eda pensando<a href=\"https:\/\/www.ole.com.ar\/boca-juniors\/11-boca-enfrentar-lanus-octavos-final_0_8Vu6rr5qeU.html\" target=\"_self\" title=\" repetir el equipo que estuvo el domingo ante Tigre\" alt=\" repetir el equipo que estuvo el domingo ante Tigre\" rel=\"noopener noreferrer\"> repetir el equipo que estuvo el domingo ante Tigre<\/a>, en el inicio de su cuarto interinato. Eso prob\u00f3 este mi\u00e9rcoles en el entrenamiento en<strong><a href=\"https:\/\/www.ole.com.ar\/tema\/boca-juniors.html\" title=\"Boca Juniors\" alt=\"Boca Juniors\" class=\"slug\"> Boca<\/a><\/strong> Predio. Pero despu\u00e9s se confirm\u00f3 que<strong> uno de sus titulares qued\u00f3 con una molestia en una rodilla y lo mandaron a realizarse estudios.<\/strong><\/p>\n<\/div>\n<div class=\"custom-text \" readability=\"42\">\n<p>En el ensayo que hizo en Ezeiza, Herr\u00f3n par\u00f3 el mismo equipo que empat\u00f3 con Tigre en Victoria. Es decir, <strong>Marchesin; Adv\u00edncula, Battaglia, Rojo, Blanco; Belmonte, Delgado; Zen\u00f3n, Palacios, Velasco; y Merentiel.<\/strong><\/p>\n<\/div>\n<div class=\"sc-e7b891c4-0 ifHnQL image-embed\"><img alt=\"Alerta Boca: un titular termin\u00f3 con problemas en una rodilla y le hicieron estudios\" loading=\"lazy\" width=\"720\" height=\"100\" decoding=\"async\" data-nimg=\"1\" src=\"http:\/\/hoycordobaweb.com\/wp-content\/uploads\/2025\/05\/alerta-boca-un-titular-termino-con-problemas-en-una-rodilla-y-le-hicieron-estudios-2.jpg\"><span class=\"epigraphe\">Alerta Boca: un titular termin\u00f3 con problemas en una rodilla y le hicieron estudios<\/span><\/div>\n<div class=\"custom-text \" readability=\"37\">\n<p>As\u00ed, en alg\u00fan punto, el DT pod\u00eda tomar una decisi\u00f3n sorpresiva, porque <strong>Boca no hab\u00eda tenido un gran rendimiento contra Tigre<\/strong>. En una b\u00fasqueda por mantener la misma formaci\u00f3n y darle confianza a un mismo 11.<\/p>\n<\/div>\n<p><h2><strong>Alerta Boca: un titular termin\u00f3 con problemas en una rodilla y le hicieron estudios<\/strong><\/h2>\n<\/p>\n<div class=\"custom-text \" readability=\"33.488372093023\">\n<p>Pero despu\u00e9s de la pr\u00e1ctica, <strong><a href=\"https:\/\/www.ole.com.ar\/tema\/luis-advincula.html\" title=\"Luis Adv\u00edncula\" alt=\"Luis Adv\u00edncula\" class=\"slug\">Luis Adv\u00edncula<\/a> se fue a hacer estudios m\u00e9dicos por molestias en una rodilla<\/strong> y as\u00ed Herr\u00f3n puede perder a uno de sus titulares, m\u00e1s all\u00e1 de que el Rayo no ven\u00eda en su mejor nivel.<\/p>\n<\/div>\n<div class=\"custom-text \" readability=\"34.06914893617\">\n<p><strong>El peruano recuper\u00f3 la titularidad hace tres partidos que ven\u00eda siendo de Lucas Blondel y estuvo frente Estudiantes, <a href=\"https:\/\/www.ole.com.ar\/tema\/river-plate.html\" title=\"River Plate\" alt=\"River Plate\" class=\"slug\">River<\/a> y Tigre<\/strong>. Ahora, estar\u00e1 entre el mismo Blondel y Juan Barinaga.<\/p>\n<\/div>\n<div class=\"sc-e7b891c4-0 ifHnQL image-embed\"><img alt=\"Alerta Boca: un titular termin\u00f3 con problemas en una rodilla y le hicieron estudios\" loading=\"lazy\" width=\"660\" height=\"100\" decoding=\"async\" data-nimg=\"1\" src=\"http:\/\/hoycordobaweb.com\/wp-content\/uploads\/2025\/05\/alerta-boca-un-titular-termino-con-problemas-en-una-rodilla-y-le-hicieron-estudios-3.jpg\"><span class=\"epigraphe\">Alerta Boca: un titular termin\u00f3 con problemas en una rodilla y le hicieron estudios<\/span><\/div>\n<div class=\"sc-a7166897-0 eoLsBE\" readability=\"6.5\">\n<section readability=\"3\"><picture><img alt=\"Roberto Carlos con Ol\u00e9: el recuerdo de la final con Boca y las bromas con Mart\u00edn Palermo en el grupo de WhatsApp\" loading=\"lazy\" width=\"290\" height=\"290\" decoding=\"async\" data-nimg=\"1\" src=\"http:\/\/hoycordobaweb.com\/wp-content\/uploads\/2025\/05\/alerta-boca-un-titular-termino-con-problemas-en-una-rodilla-y-le-hicieron-estudios-4.jpg\"><\/picture>\n<p><span>Mir\u00e1 tambi\u00e9n<\/span><\/p>\n<hr>\n<h3>Roberto Carlos con Ol\u00e9: el recuerdo de la final con Boca y las bromas con Mart\u00edn Palermo en el grupo de WhatsApp<\/h3>\n<\/p>\n<\/section>\n<\/div>\n<div class=\"sc-a7166897-0 eoLsBE\" readability=\"7\">\n<section readability=\"4\"><picture><img alt=\"Con la visa denegada a Ayrton Costa, \u00bfBoca debe sumar un refuerzo en defensa para el Mundial de Clubes?\" loading=\"lazy\" width=\"290\" height=\"290\" decoding=\"async\" data-nimg=\"1\" src=\"http:\/\/hoycordobaweb.com\/wp-content\/uploads\/2025\/05\/alerta-boca-un-titular-termino-con-problemas-en-una-rodilla-y-le-hicieron-estudios-5.jpg\"><\/picture>\n<p><span>Mir\u00e1 tambi\u00e9n<\/span><\/p>\n<hr>\n<h3>Con la visa denegada a Ayrton Costa, \u00bfBoca debe sumar un refuerzo en defensa para el Mundial de Clubes?<\/h3>\n<\/p>\n<\/section>\n<\/div>\n<div class=\"sc-a7166897-0 eoLsBE\" readability=\"6\">\n<section readability=\"2\"><picture><img alt=\"El 11 de Boca que prob\u00f3 Herr\u00f3n para jugar los octavos de final contra Lan\u00fas\" loading=\"lazy\" width=\"290\" height=\"290\" decoding=\"async\" data-nimg=\"1\" src=\"http:\/\/hoycordobaweb.com\/wp-content\/uploads\/2025\/05\/alerta-boca-un-titular-termino-con-problemas-en-una-rodilla-y-le-hicieron-estudios-6.jpg\"><\/picture>\n<p><span>Mir\u00e1 tambi\u00e9n<\/span><\/p>\n<hr>\n<h3>El 11 de Boca que prob\u00f3 Herr\u00f3n para jugar los octavos de final contra Lan\u00fas<\/h3>\n<\/p>\n<\/section>\n<\/div>\n<div class=\"sc-a7166897-0 eoLsBE\" readability=\"9\">\n<section readability=\"8\"><picture><img alt=\"Marcos Rojo, a pleno: sus disculpas a la gente, la l\u00ednea de tres con River que no le gust\u00f3, la salida de Gago, su contrato, la gorra con la B y m\u00e1s...\" loading=\"lazy\" width=\"290\" height=\"290\" decoding=\"async\" data-nimg=\"1\" src=\"http:\/\/hoycordobaweb.com\/wp-content\/uploads\/2025\/05\/alerta-boca-un-titular-termino-con-problemas-en-una-rodilla-y-le-hicieron-estudios-7.jpg\"><\/picture>\n<p><span>Mir\u00e1 tambi\u00e9n<\/span><\/p>\n<hr>\n<h3>Marcos Rojo, a pleno: sus disculpas a la gente, la l\u00ednea de tres con River que no le gust\u00f3, la salida de Gago, su contrato, la gorra con la B y m\u00e1s&#8230;<\/h3>\n<\/p>\n<\/section>\n<\/div>\n<\/div>\n","protected":false},"excerpt":{"rendered":"<p>07\/05\/2025 15:51hs. Mariano Herr\u00f3n ten\u00eda pensando repetir el equipo que estuvo el domingo ante Tigre, en el inicio de su cuarto interinato. Eso prob\u00f3 este mi\u00e9rcoles en el entrenamiento en Boca Predio. Pero despu\u00e9s se confirm\u00f3 que uno de sus titulares qued\u00f3 con una molestia en una rodilla y lo mandaron a realizarse estudios. En [&hellip;]<\/p>\n","protected":false},"author":1,"featured_media":104399,"comment_status":"open","ping_status":"closed","sticky":false,"template":"","format":"standard","meta":[],"categories":[16],"tags":[],"_links":{"self":[{"href":"http:\/\/hoycordobaweb.com\/index.php\/wp-json\/wp\/v2\/posts\/104398"}],"collection":[{"href":"http:\/\/hoycordobaweb.com\/index.php\/wp-json\/wp\/v2\/posts"}],"about":[{"href":"http:\/\/hoycordobaweb.com\/index.php\/wp-json\/wp\/v2\/types\/post"}],"author":[{"embeddable":true,"href":"http:\/\/hoycordobaweb.com\/index.php\/wp-json\/wp\/v2\/users\/1"}],"replies":[{"embeddable":true,"href":"http:\/\/hoycordobaweb.com\/index.php\/wp-json\/wp\/v2\/comments?post=104398"}],"version-history":[{"count":0,"href":"http:\/\/hoycordobaweb.com\/index.php\/wp-json\/wp\/v2\/posts\/104398\/revisions"}],"wp:featuredmedia":[{"embeddable":true,"href":"http:\/\/hoycordobaweb.com\/index.php\/wp-json\/wp\/v2\/media\/104399"}],"wp:attachment":[{"href":"http:\/\/hoycordobaweb.com\/index.php\/wp-json\/wp\/v2\/media?parent=104398"}],"wp:term":[{"taxonomy":"category","embeddable":true,"href":"http:\/\/hoycordobaweb.com\/index.php\/wp-json\/wp\/v2\/categories?post=104398"},{"taxonomy":"post_tag","embeddable":true,"href":"http:\/\/hoycordobaweb.com\/index.php\/wp-json\/wp\/v2\/tags?post=104398"}],"curies":[{"name":"wp","href":"https:\/\/api.w.org\/{rel}","templated":true}]}}