{"id":104396,"date":"2025-05-07T19:16:58","date_gmt":"2025-05-07T19:16:58","guid":{"rendered":"https:\/\/www.ole.com.ar\/river-plate\/river-plate-barcelona-guayaquil-ecuador-segundo-castillo-marcelo-gallardo-copa-libertadores_0_gQus82lvIn.html"},"modified":"2025-05-07T19:16:58","modified_gmt":"2025-05-07T19:16:58","slug":"gallardo-toma-nota-las-buenas-noticias-que-recibio-segundo-castillo-para-enfrentar-a-river","status":"publish","type":"post","link":"http:\/\/hoycordobaweb.com\/index.php\/2025\/05\/07\/gallardo-toma-nota-las-buenas-noticias-que-recibio-segundo-castillo-para-enfrentar-a-river\/","title":{"rendered":"Gallardo toma nota: las buenas noticias que recibi\u00f3 Segundo Castillo para enfrentar a River"},"content":{"rendered":"<p><img src=\"http:\/\/hoycordobaweb.com\/wp-content\/uploads\/2025\/05\/gallardo-toma-nota-las-buenas-noticias-que-recibio-segundo-castillo-para-enfrentar-a-river.jpg\"><\/p>\n<p><span class=\"createDate\">07\/05\/2025 16:16hs.<\/span><time class=\"modificatedDate\" datetime=\"2025-05-07T16:22:09-03:00\"> Actualizado al 07\/05\/2025 16:22hs.<\/time><\/p>\n<div id=\"storyBody\">\n<div class=\"custom-text \" readability=\"36.628352490421\">\n<p>Con <strong><a href=\"https:\/\/www.ole.com.ar\/tema\/river-plate.html\" title=\"River Plate\" alt=\"River Plate\" class=\"slug\">River<\/a><\/strong> ya viajando rumbo hacia tierras ecuatorianas, donde enfrentar\u00e1 al <strong><a href=\"https:\/\/www.ole.com.ar\/tema\/barcelona-de-guayaquil.html\" title=\"Barcelona de Guayaquil\" alt=\"Barcelona de Guayaquil\" class=\"slug\">Barcelona de Guayaquil<\/a><\/strong> este jueves a partir de las 21:30, en el Estadio Monumental Banco Pichincha, los dirigidos por Segundo Castillo se preparan de cara a un <strong>duelo que ser\u00e1 trascendental en su camino en esta <a href=\"https:\/\/www.ole.com.ar\/tema\/copa-libertadores.html\" title=\"Copa Libertadores\" alt=\"Copa Libertadores\" class=\"slug\">Copa Libertadores<\/a>.<\/strong> Segundo en el grupo, apenas un punto por debajo del Millonario, deber\u00e1 aprovechar al m\u00e1ximo el \u00faltimo partido en condici\u00f3n de local de la fase de grupos y para conseguir el objetivo <strong>tendr\u00e1 varias altas de peso<\/strong>.<\/p>\n<\/div>\n<div class=\"custom-text \" readability=\"36\">\n<p>En los \u00faltimos entrenamientos, el entrenador recibi\u00f3 buenas noticias de cara al duelo frente al equipo de Marcelo Gallardo. La primera fueron las <strong>vueltas de Felipe Caicedo, Xavier Arreaga y Brian Oyola<\/strong> a los entrenamientos a la par del grupo.<\/p>\n<\/div>\n<div class=\"sc-e7b891c4-0 ifHnQL image-embed\"><img alt=\"Castillo recibi\u00f3 varias noticias buenas en la pr\u00e1ctica del martes.\" loading=\"lazy\" width=\"720\" height=\"100\" decoding=\"async\" data-nimg=\"1\" src=\"http:\/\/hoycordobaweb.com\/wp-content\/uploads\/2025\/05\/gallardo-toma-nota-las-buenas-noticias-que-recibio-segundo-castillo-para-enfrentar-a-river-2.jpg\"><span class=\"epigraphe\">Castillo recibi\u00f3 varias noticias buenas en la pr\u00e1ctica del martes.<\/span><\/div>\n<div class=\"custom-text \" readability=\"40\">\n<p>Si bien los regresos de Caicedo y Arreaga, quienes arrastraban molestias en el cu\u00e1driceps izquierdo y el aductor derecho, respectivamente, son muy celebrados por el CT del Barcelona, <strong>la reaparici\u00f3n de Oyola en los entrenamientos es la noticia m\u00e1s importante que dej\u00f3 la pr\u00e1ctica<\/strong>. El volante argentino hab\u00eda sufrido una distensi\u00f3n en su aductor derecho en el partido del pasado domingo frente a Cuniburo, pero evolucion\u00f3 favorablemente de esta lesi\u00f3n y volvi\u00f3 a entrenarse a la par del grupo.<\/p>\n<\/div>\n<div class=\"custom-text \" readability=\"39\">\n<p>A pesar de estas buenas, Castillo <strong>tuvo que descartar al zaguero \u00c1lex Rangel<\/strong>, quien no logr\u00f3 recuperarse de una tendinitis que ya lo hab\u00eda marginado de un partido en la Liga Pro de Ecuador, <strong>y al lateral izquierdo Mario Pineida<\/strong>, defensor que fue reemplazado el domingo en el triunfo por 2-1 ante Cuniburo por una molestia muscular.<\/p>\n<\/div>\n<div class=\"sc-e7b891c4-0 ifHnQL image-embed\"><img alt=\"Barcelona de Ecuador jugar\u00e1 su \u00faltimo partido de local en la Copa (API).\" loading=\"lazy\" width=\"720\" height=\"100\" decoding=\"async\" data-nimg=\"1\" src=\"http:\/\/hoycordobaweb.com\/wp-content\/uploads\/2025\/05\/gallardo-toma-nota-las-buenas-noticias-que-recibio-segundo-castillo-para-enfrentar-a-river-3.jpg\"><span class=\"epigraphe\">Barcelona de Ecuador jugar\u00e1 su \u00faltimo partido de local en la Copa (API).<\/span><\/div>\n<div class=\"custom-text \" readability=\"37\">\n<p>De esta manera, el exc\u00e9ntrico det\u00e9 de los trajes de gala <strong>repetir\u00eda la mayor\u00eda de los titulares<\/strong> que jugaron el pasado fin de semana por la Liga de Ecuador -que lidera con 24 puntos en en diez jornadas- e incluir\u00eda a Oyola como alternativa en el banco suplentes <strong>en un partido que precisa ganar o al menos lograr un empate porque en las dos \u00faltimas fechas del Grupo B jugar\u00e1 como visitante<\/strong>: primero el 14 de mayo contra Universitario en Per\u00fa y luego frete a Independiente del Valle en la altura de Quito, el martes 27.<\/p>\n<\/div>\n<p><h2><strong>El posible 11 de Barcelona para recibir a River<\/strong><\/h2>\n<\/p>\n<div class=\"custom-text \" readability=\"39\">\n<p>Jos\u00e9 Contreras; Bryan Carabal\u00ed, Xavier Arreaga, Gustavo Vallecilla, Mario Pineida o Jhonnier Chala; Jes\u00fas Trindade, Janner Corozo, Byron Castillo, Leonai Souza; Gabriel Cort\u00e9z y Octavio Rivero.<\/p>\n<\/div>\n<div class=\"sc-a7166897-0 eoLsBE\" readability=\"6.5\">\n<section readability=\"3\"><picture><img alt=\"Zanetti: por qu\u00e9 Mastantuono es &quot;caro&quot; para Inter y &quot;no s\u00e9 hasta cu\u00e1ndo lo va a disfrutar River&quot;\" loading=\"lazy\" width=\"290\" height=\"290\" decoding=\"async\" data-nimg=\"1\" src=\"http:\/\/hoycordobaweb.com\/wp-content\/uploads\/2025\/05\/gallardo-toma-nota-las-buenas-noticias-que-recibio-segundo-castillo-para-enfrentar-a-river-4.jpg\"><\/picture>\n<p><span>Mir\u00e1 tambi\u00e9n<\/span><\/p>\n<hr>\n<h3>Zanetti: por qu\u00e9 Mastantuono es \u00abcaro\u00bb para Inter y \u00abno s\u00e9 hasta cu\u00e1ndo lo va a disfrutar River\u00bb<\/h3>\n<\/p>\n<\/section>\n<\/div>\n<div class=\"sc-a7166897-0 eoLsBE\" readability=\"7\">\n<section readability=\"4\"><picture><img alt=\"Leonai Souza, ir\u00f3nico contra las cr\u00edticas: &quot;Ojal\u00e1 sigamos jugando feo y podamos salir campe\u00f3n&quot;\" loading=\"lazy\" width=\"290\" height=\"290\" decoding=\"async\" data-nimg=\"1\" src=\"http:\/\/hoycordobaweb.com\/wp-content\/uploads\/2025\/05\/gallardo-toma-nota-las-buenas-noticias-que-recibio-segundo-castillo-para-enfrentar-a-river-5.jpg\"><\/picture>\n<p><span>Mir\u00e1 tambi\u00e9n<\/span><\/p>\n<hr>\n<h3>Leonai Souza, ir\u00f3nico contra las cr\u00edticas: \u00abOjal\u00e1 sigamos jugando feo y podamos salir campe\u00f3n\u00bb<\/h3>\n<\/p>\n<\/section>\n<\/div>\n<div class=\"sc-a7166897-0 eoLsBE\" readability=\"6.5\">\n<section readability=\"3\"><picture><img alt=\"El anuncio de River para el \u00faltimo partido en el Monumental antes del Mundial de Clubes \" loading=\"lazy\" width=\"290\" height=\"290\" decoding=\"async\" data-nimg=\"1\" src=\"http:\/\/hoycordobaweb.com\/wp-content\/uploads\/2025\/05\/gallardo-toma-nota-las-buenas-noticias-que-recibio-segundo-castillo-para-enfrentar-a-river-6.jpg\"><\/picture>\n<p><span>Mir\u00e1 tambi\u00e9n<\/span><\/p>\n<hr>\n<h3>El anuncio de River para el \u00faltimo partido en el Monumental antes del Mundial de Clubes <\/h3>\n<\/p>\n<\/section>\n<\/div>\n<\/div>\n","protected":false},"excerpt":{"rendered":"<p>07\/05\/2025 16:16hs. Actualizado al 07\/05\/2025 16:22hs. Con River ya viajando rumbo hacia tierras ecuatorianas, donde enfrentar\u00e1 al Barcelona de Guayaquil este jueves a partir de las 21:30, en el Estadio Monumental Banco Pichincha, los dirigidos por Segundo Castillo se preparan de cara a un duelo que ser\u00e1 trascendental en su camino en esta Copa Libertadores. [&hellip;]<\/p>\n","protected":false},"author":1,"featured_media":104397,"comment_status":"open","ping_status":"closed","sticky":false,"template":"","format":"standard","meta":[],"categories":[16],"tags":[],"_links":{"self":[{"href":"http:\/\/hoycordobaweb.com\/index.php\/wp-json\/wp\/v2\/posts\/104396"}],"collection":[{"href":"http:\/\/hoycordobaweb.com\/index.php\/wp-json\/wp\/v2\/posts"}],"about":[{"href":"http:\/\/hoycordobaweb.com\/index.php\/wp-json\/wp\/v2\/types\/post"}],"author":[{"embeddable":true,"href":"http:\/\/hoycordobaweb.com\/index.php\/wp-json\/wp\/v2\/users\/1"}],"replies":[{"embeddable":true,"href":"http:\/\/hoycordobaweb.com\/index.php\/wp-json\/wp\/v2\/comments?post=104396"}],"version-history":[{"count":0,"href":"http:\/\/hoycordobaweb.com\/index.php\/wp-json\/wp\/v2\/posts\/104396\/revisions"}],"wp:featuredmedia":[{"embeddable":true,"href":"http:\/\/hoycordobaweb.com\/index.php\/wp-json\/wp\/v2\/media\/104397"}],"wp:attachment":[{"href":"http:\/\/hoycordobaweb.com\/index.php\/wp-json\/wp\/v2\/media?parent=104396"}],"wp:term":[{"taxonomy":"category","embeddable":true,"href":"http:\/\/hoycordobaweb.com\/index.php\/wp-json\/wp\/v2\/categories?post=104396"},{"taxonomy":"post_tag","embeddable":true,"href":"http:\/\/hoycordobaweb.com\/index.php\/wp-json\/wp\/v2\/tags?post=104396"}],"curies":[{"name":"wp","href":"https:\/\/api.w.org\/{rel}","templated":true}]}}