{"id":104311,"date":"2025-05-07T05:41:37","date_gmt":"2025-05-07T05:41:37","guid":{"rendered":"https:\/\/www.mujerhoy.com\/moda\/no-te-pierdas\/banadores-primark-verano-trajes-bano-hacen-tipazo-baratos-20250507074042-nt.html"},"modified":"2025-05-07T05:41:37","modified_gmt":"2025-05-07T05:41:37","slug":"primark-tiene-la-coleccion-de-ropa-de-bano-que-mas-favorece-para-este-verano","status":"publish","type":"post","link":"http:\/\/hoycordobaweb.com\/index.php\/2025\/05\/07\/primark-tiene-la-coleccion-de-ropa-de-bano-que-mas-favorece-para-este-verano\/","title":{"rendered":"Primark tiene la colecci\u00f3n de ropa de ba\u00f1o que m\u00e1s favorece para este verano"},"content":{"rendered":"<p><!-- AUTHOR --> <\/p>\n<div class=\"voc-author-timesocial \"> <!-- AUTHOR --> <\/p>\n<div class=\"voc-author-timesocial__signature \">\n<div class=\"voc-author-timesocial__img-c\"> <!-- IMAGE AUTHOR --> <picture class=\"voc-image-signature\"> <img class=\"voc-image-signature__img\" src=\"http:\/\/hoycordobaweb.com\/wp-content\/uploads\/2025\/05\/primark-tiene-la-coleccion-de-ropa-de-bano-que-mas-favorece-para-este-verano.jpg\" alt=\"Elena Romero Vargas\"> <\/picture> <\/div>\n<p> <!-- INFO AUTHOR --> <\/div><\/div>\n<p> <!-- COMPONENTS --> <\/p>\n<p class=\"voc-paragraph\" data-mrf-recirculation=\"Link art\u00edculo\">Reconozc\u00e1moslo: estamos deseando que llegue ya <strong>el tiempo de sol y playa <\/strong>para poder disfrutar de unas merecidas vacaciones con un clima agradable y todo el lujo que supone unos d\u00edas de desconexi\u00f3n junto al mar. Mientras que algunas han aprovechado la Semana Santa para <a data-voc-vtm-id=\"in-text-traffic\" href=\"https:\/\/www.mujerhoy.com\/vivir\/ocio\/pueblos-bonitos-costa-andalucia-ver-un-dia-que-hacer-20250403083959-nt.html\" data-mrf-link=\"https:\/\/www.mujerhoy.com\/vivir\/ocio\/pueblos-bonitos-costa-andalucia-ver-un-dia-que-hacer-20250403083959-nt.html\">una escapada express a destinos de costa<\/a><br \/>\n, otras tienen los ojos puestos en el verano y, por supuesto, en <strong>toda la ropa de playa que van a estrenar <\/strong>este a\u00f1o.\n<\/p>\n<p class=\"voc-paragraph\" data-mrf-recirculation=\"Link art\u00edculo\">Entre los <a data-voc-vtm-id=\"in-text-traffic\" href=\"https:\/\/www.mujerhoy.com\/moda\/tendencias\/vestidos-fresquitos-zara-ola-calor-vestir-comoda-guapa-20240726105534-nt.html\" data-mrf-link=\"https:\/\/www.mujerhoy.com\/moda\/tendencias\/vestidos-fresquitos-zara-ola-calor-vestir-comoda-guapa-20240726105534-nt.html\">vestidos fresquitos<\/a><br \/>\n, las <a data-voc-vtm-id=\"in-text-traffic\" href=\"https:\/\/www.mujerhoy.com\/moda\/no-te-pierdas\/sandalias-comodas-bonitas-diario-zapato-comodin-buen-tiempo-20250228105411-nt.html\" data-mrf-link=\"https:\/\/www.mujerhoy.com\/moda\/no-te-pierdas\/sandalias-comodas-bonitas-diario-zapato-comodin-buen-tiempo-20250228105411-nt.html\">sandalias m\u00e1s estilosas<\/a> o los <a data-voc-vtm-id=\"in-text-traffic\" href=\"https:\/\/www.mujerhoy.com\/moda\/no-te-pierdas\/conjuntos-primavera-verano-look-diario-hym-20250410134348-nt.html\" data-mrf-link=\"https:\/\/www.mujerhoy.com\/moda\/no-te-pierdas\/conjuntos-primavera-verano-look-diario-hym-20250410134348-nt.html\">conjuntos m\u00e1s ponibles<\/a><br \/>\n, la ropa de verano es una de las que m\u00e1s nos gusta lucir. Pero si hay una prenda que es completamente imprescindible duranta esta temporada, esos son los <strong>trajes de ba\u00f1o<\/strong>, y en Primark hemos encontrado la colecci\u00f3n de ba\u00f1adores m\u00e1s bonitas que va a hacer que tus ganas de playa crezcan a\u00fan m\u00e1s.\n<\/p>\n<p class=\"voc-paragraph\" data-mrf-recirculation=\"Link art\u00edculo\">Los ba\u00f1adores de la nueva colecci\u00f3n de Primark destacan por favorecer todas las siluetas, ser c\u00f3modos y pr\u00e1cticos para las largas jornadas de sol y por tener un <strong>precio asequible a todos los bolsillos<\/strong>. Por menos de 20\u20ac encontrar\u00e1s modelos aptos para todos los gustos y perfectos para sumar a tu colecci\u00f3n de trajes de ba\u00f1o para este verano. Estos son nuestros favoritos:\n<\/p>\n<div class=\"voc-detail-photo-zoom\"> <picture data-toggle=\"modal\" data-target=\"#photoZoomModal-343\" target=\"modal\">\n<div class=\"voc-img-icon-link\"> <img loading=\"lazy\" src=\"http:\/\/hoycordobaweb.com\/wp-content\/uploads\/2025\/05\/primark-tiene-la-coleccion-de-ropa-de-bano-que-mas-favorece-para-este-verano-1.jpg\" width=\"650\" height=\"900\" alt=\"Traje de ba\u00f1o fruncido de efecto moldeador de Primark (16\u20ac)\"> <noscript> <img src=\"http:\/\/hoycordobaweb.com\/wp-content\/uploads\/2025\/05\/primark-tiene-la-coleccion-de-ropa-de-bano-que-mas-favorece-para-este-verano-1.jpg\" alt=\"Traje de ba\u00f1o fruncido de efecto moldeador de Primark (16\u20ac)\"> <\/noscript> <i class=\"voc-icons zoom voc-multimedia-box voc-ico-l\"><\/i> <\/div><figcaption class=\"figure-caption\">Traje de ba\u00f1o fruncido de efecto moldeador de Primark (16\u20ac)<\/figcaption><\/picture>\n<\/div>\n<div id=\"photoZoomModal-343\" class=\"voc-lightbox modal fade voc-lightbox--photo-zoom\" role=\"dialog\" data-voc-photozoom-lightbox>\n<div class=\"voc-lightbox__dialog\" role=\"document\">\n<div class=\"voc-lightbox__content\"> <!-- Modal header --> <!-- Modal content --> <\/p>\n<div class=\"voc-lightbox__photo-container\"> <picture class> <img loading=\"lazy\" src=\"http:\/\/hoycordobaweb.com\/wp-content\/uploads\/2025\/05\/primark-tiene-la-coleccion-de-ropa-de-bano-que-mas-favorece-para-este-verano-1.jpg\" alt=\"Traje de ba\u00f1o fruncido de efecto moldeador de Primark (16\u20ac)\"> <noscript> <img src=\"http:\/\/hoycordobaweb.com\/wp-content\/uploads\/2025\/05\/primark-tiene-la-coleccion-de-ropa-de-bano-que-mas-favorece-para-este-verano-1.jpg\" alt=\"Traje de ba\u00f1o fruncido de efecto moldeador de Primark (16\u20ac)\"> <\/noscript> <\/picture> <\/div><\/div><\/div>\n<\/div>\n<p><h3 class=\"voc-detail__title\"> Traje de ba\u00f1o fruncido con efecto moldeador<br \/>\n<\/h3>\n<\/p>\n<p class=\"voc-paragraph\" data-mrf-recirculation=\"Link art\u00edculo\">\u00bfBuscas un<br \/>\n<strong> traje de ba\u00f1o con efecto tipazo incorporado<\/strong>? Este ba\u00f1ador en color verde de Primark es justo lo que necesitas. Es perfecto si quieres realzar tus caderas y pecho tanto luciendo solo esta pieza como sum\u00e1ndole un pareo especial que eleve tu look playero.\n<\/p>\n<div class=\"voc-detail-photo-zoom\"> <picture data-toggle=\"modal\" data-target=\"#photoZoomModal-547\" target=\"modal\">\n<div class=\"voc-img-icon-link\"> <img loading=\"lazy\" src=\"http:\/\/hoycordobaweb.com\/wp-content\/uploads\/2025\/05\/primark-tiene-la-coleccion-de-ropa-de-bano-que-mas-favorece-para-este-verano-2.jpg\" width=\"650\" height=\"900\" alt=\"Ba\u00f1ador con aros y fruncido de Primark (14\u20ac)\"> <noscript> <img src=\"http:\/\/hoycordobaweb.com\/wp-content\/uploads\/2025\/05\/primark-tiene-la-coleccion-de-ropa-de-bano-que-mas-favorece-para-este-verano-2.jpg\" alt=\"Ba\u00f1ador con aros y fruncido de Primark (14\u20ac)\"> <\/noscript> <i class=\"voc-icons zoom voc-multimedia-box voc-ico-l\"><\/i> <\/div><figcaption class=\"figure-caption\">Ba\u00f1ador con aros y fruncido de Primark (14\u20ac)<\/figcaption><\/picture>\n<\/div>\n<div id=\"photoZoomModal-547\" class=\"voc-lightbox modal fade voc-lightbox--photo-zoom\" role=\"dialog\" data-voc-photozoom-lightbox>\n<div class=\"voc-lightbox__dialog\" role=\"document\">\n<div class=\"voc-lightbox__content\"> <!-- Modal header --> <!-- Modal content --> <\/p>\n<div class=\"voc-lightbox__photo-container\"> <picture class> <img loading=\"lazy\" src=\"http:\/\/hoycordobaweb.com\/wp-content\/uploads\/2025\/05\/primark-tiene-la-coleccion-de-ropa-de-bano-que-mas-favorece-para-este-verano-2.jpg\" alt=\"Ba\u00f1ador con aros y fruncido de Primark (14\u20ac)\"> <noscript> <img src=\"http:\/\/hoycordobaweb.com\/wp-content\/uploads\/2025\/05\/primark-tiene-la-coleccion-de-ropa-de-bano-que-mas-favorece-para-este-verano-2.jpg\" alt=\"Ba\u00f1ador con aros y fruncido de Primark (14\u20ac)\"> <\/noscript> <\/picture> <\/div><\/div><\/div>\n<\/div>\n<p><h3 class=\"voc-detail__title\"> Ba\u00f1ador con aros y fruncido<br \/>\n<\/h3>\n<\/p>\n<p class=\"voc-paragraph\" data-mrf-recirculation=\"Link art\u00edculo\">Otro ba\u00f1ador que realza la silueta femenina es este en color topo. Es ideal para aquellas que <strong>buscan la elegancia incluso para ir a la playa<\/strong>. Su dise\u00f1o cl\u00e1sico y su color neutro lo convierten en el fondo de armario estival ideal para una jornada al sol o para una tarde de chiringuito.\n<\/p>\n<div class=\"voc-detail-photo-zoom\"> <picture data-toggle=\"modal\" data-target=\"#photoZoomModal-773\" target=\"modal\">\n<div class=\"voc-img-icon-link\"> <img loading=\"lazy\" src=\"http:\/\/hoycordobaweb.com\/wp-content\/uploads\/2025\/05\/primark-tiene-la-coleccion-de-ropa-de-bano-que-mas-favorece-para-este-verano-3.jpg\" width=\"650\" height=\"900\" alt=\"Ba\u00f1ador cruzado moldeador de Primark (16\u20ac)\"> <noscript> <img src=\"http:\/\/hoycordobaweb.com\/wp-content\/uploads\/2025\/05\/primark-tiene-la-coleccion-de-ropa-de-bano-que-mas-favorece-para-este-verano-3.jpg\" alt=\"Ba\u00f1ador cruzado moldeador de Primark (16\u20ac)\"> <\/noscript> <i class=\"voc-icons zoom voc-multimedia-box voc-ico-l\"><\/i> <\/div><figcaption class=\"figure-caption\">Ba\u00f1ador cruzado moldeador de Primark (16\u20ac)<\/figcaption><\/picture>\n<\/div>\n<div id=\"photoZoomModal-773\" class=\"voc-lightbox modal fade voc-lightbox--photo-zoom\" role=\"dialog\" data-voc-photozoom-lightbox>\n<div class=\"voc-lightbox__dialog\" role=\"document\">\n<div class=\"voc-lightbox__content\"> <!-- Modal header --> <!-- Modal content --> <\/p>\n<div class=\"voc-lightbox__photo-container\"> <picture class> <img loading=\"lazy\" src=\"http:\/\/hoycordobaweb.com\/wp-content\/uploads\/2025\/05\/primark-tiene-la-coleccion-de-ropa-de-bano-que-mas-favorece-para-este-verano-3.jpg\" alt=\"Ba\u00f1ador cruzado moldeador de Primark (16\u20ac)\"> <noscript> <img src=\"http:\/\/hoycordobaweb.com\/wp-content\/uploads\/2025\/05\/primark-tiene-la-coleccion-de-ropa-de-bano-que-mas-favorece-para-este-verano-3.jpg\" alt=\"Ba\u00f1ador cruzado moldeador de Primark (16\u20ac)\"> <\/noscript> <\/picture> <\/div><\/div><\/div>\n<\/div>\n<p><h3 class=\"voc-detail__title\"> Ba\u00f1ador cruzado moldeador<br \/>\n<\/h3>\n<\/p>\n<p class=\"voc-paragraph\" data-mrf-recirculation=\"Link art\u00edculo\">Otro modelo apto para las m\u00e1s cl\u00e1sicas es este en color negro que, adem\u00e1s, cuenta con una particularidad de lo m\u00e1s original. El <strong>detalle cruzado que remata en un lazo<\/strong> no solo aporta un toque diferente al dise\u00f1o, tambi\u00e9n consigue estilizar tu figura y ayudarte a ver estupenda.\n<\/p>\n<div class=\"voc-detail-photo-zoom\"> <picture data-toggle=\"modal\" data-target=\"#photoZoomModal-407\" target=\"modal\">\n<div class=\"voc-img-icon-link\"> <img loading=\"lazy\" src=\"http:\/\/hoycordobaweb.com\/wp-content\/uploads\/2025\/05\/primark-tiene-la-coleccion-de-ropa-de-bano-que-mas-favorece-para-este-verano-4.jpg\" width=\"650\" height=\"900\" alt=\"Ba\u00f1ador moldeador con escote de pico de Primark (16\u20ac)\"> <noscript> <img src=\"http:\/\/hoycordobaweb.com\/wp-content\/uploads\/2025\/05\/primark-tiene-la-coleccion-de-ropa-de-bano-que-mas-favorece-para-este-verano-4.jpg\" alt=\"Ba\u00f1ador moldeador con escote de pico de Primark (16\u20ac)\"> <\/noscript> <i class=\"voc-icons zoom voc-multimedia-box voc-ico-l\"><\/i> <\/div><figcaption class=\"figure-caption\">Ba\u00f1ador moldeador con escote de pico de Primark (16\u20ac)<\/figcaption><\/picture>\n<\/div>\n<div id=\"photoZoomModal-407\" class=\"voc-lightbox modal fade voc-lightbox--photo-zoom\" role=\"dialog\" data-voc-photozoom-lightbox>\n<div class=\"voc-lightbox__dialog\" role=\"document\">\n<div class=\"voc-lightbox__content\"> <!-- Modal header --> <!-- Modal content --> <\/p>\n<div class=\"voc-lightbox__photo-container\"> <picture class> <img loading=\"lazy\" src=\"http:\/\/hoycordobaweb.com\/wp-content\/uploads\/2025\/05\/primark-tiene-la-coleccion-de-ropa-de-bano-que-mas-favorece-para-este-verano-4.jpg\" alt=\"Ba\u00f1ador moldeador con escote de pico de Primark (16\u20ac)\"> <noscript> <img src=\"http:\/\/hoycordobaweb.com\/wp-content\/uploads\/2025\/05\/primark-tiene-la-coleccion-de-ropa-de-bano-que-mas-favorece-para-este-verano-4.jpg\" alt=\"Ba\u00f1ador moldeador con escote de pico de Primark (16\u20ac)\"> <\/noscript> <\/picture> <\/div><\/div><\/div>\n<\/div>\n<p><h3 class=\"voc-detail__title\"> Ba\u00f1ador moldeador con escote de pico<br \/>\n<\/h3>\n<\/p>\n<p class=\"voc-paragraph\" data-mrf-recirculation=\"Link art\u00edculo\">Este ba\u00f1ador nos encanta por lo alegre que resulta y lo mucho que <strong>realza tu silueta<\/strong>, especialmente la zona del escote. Si quieres sumar color a tus looks playeros, esta es una opci\u00f3n que merece la pena tener en cuenta.\n<\/p>\n<div class=\"voc-detail-photo-zoom\"> <picture data-toggle=\"modal\" data-target=\"#photoZoomModal-854\" target=\"modal\">\n<div class=\"voc-img-icon-link\"> <img loading=\"lazy\" src=\"http:\/\/hoycordobaweb.com\/wp-content\/uploads\/2025\/05\/primark-tiene-la-coleccion-de-ropa-de-bano-que-mas-favorece-para-este-verano-5.jpg\" width=\"650\" height=\"900\" alt=\"Ba\u00f1ador con laterales fruncidos atados de Primark (12\u20ac)\"> <noscript> <img src=\"http:\/\/hoycordobaweb.com\/wp-content\/uploads\/2025\/05\/primark-tiene-la-coleccion-de-ropa-de-bano-que-mas-favorece-para-este-verano-5.jpg\" alt=\"Ba\u00f1ador con laterales fruncidos atados de Primark (12\u20ac)\"> <\/noscript> <i class=\"voc-icons zoom voc-multimedia-box voc-ico-l\"><\/i> <\/div><figcaption class=\"figure-caption\">Ba\u00f1ador con laterales fruncidos atados de Primark (12\u20ac)<\/figcaption><\/picture>\n<\/div>\n<div id=\"photoZoomModal-854\" class=\"voc-lightbox modal fade voc-lightbox--photo-zoom\" role=\"dialog\" data-voc-photozoom-lightbox>\n<div class=\"voc-lightbox__dialog\" role=\"document\">\n<div class=\"voc-lightbox__content\"> <!-- Modal header --> <!-- Modal content --> <\/p>\n<div class=\"voc-lightbox__photo-container\"> <picture class> <img loading=\"lazy\" src=\"http:\/\/hoycordobaweb.com\/wp-content\/uploads\/2025\/05\/primark-tiene-la-coleccion-de-ropa-de-bano-que-mas-favorece-para-este-verano-5.jpg\" alt=\"Ba\u00f1ador con laterales fruncidos atados de Primark (12\u20ac)\"> <noscript> <img src=\"http:\/\/hoycordobaweb.com\/wp-content\/uploads\/2025\/05\/primark-tiene-la-coleccion-de-ropa-de-bano-que-mas-favorece-para-este-verano-5.jpg\" alt=\"Ba\u00f1ador con laterales fruncidos atados de Primark (12\u20ac)\"> <\/noscript> <\/picture> <\/div><\/div><\/div>\n<\/div>\n<p><h3 class=\"voc-detail__title\"> Ba\u00f1ador con laterales fruncidos atados<br \/>\n<\/h3>\n<\/p>\n<p class=\"voc-paragraph\" data-mrf-recirculation=\"Link art\u00edculo\">Aunque si hablamos de ba\u00f1adores alegres y divertidos, este con motivos veraniegos nos ha robado el coraz\u00f3n. Apuesta por darle un <strong>toque juvenil y desenfadado<\/strong> a este verano con esta pieza que lo tiene todo para convertirse en la estrella de tu maleta de vacaciones.\n<\/p>\n<div class=\"voc-detail-photo-zoom\"> <picture data-toggle=\"modal\" data-target=\"#photoZoomModal-607\" target=\"modal\">\n<div class=\"voc-img-icon-link\"> <img loading=\"lazy\" src=\"http:\/\/hoycordobaweb.com\/wp-content\/uploads\/2025\/05\/primark-tiene-la-coleccion-de-ropa-de-bano-que-mas-favorece-para-este-verano-6.jpg\" width=\"650\" height=\"900\" alt=\"Ba\u00f1ador atado al cuello de Primark (14\u20ac)\"> <noscript> <img src=\"http:\/\/hoycordobaweb.com\/wp-content\/uploads\/2025\/05\/primark-tiene-la-coleccion-de-ropa-de-bano-que-mas-favorece-para-este-verano-6.jpg\" alt=\"Ba\u00f1ador atado al cuello de Primark (14\u20ac)\"> <\/noscript> <i class=\"voc-icons zoom voc-multimedia-box voc-ico-l\"><\/i> <\/div><figcaption class=\"figure-caption\">Ba\u00f1ador atado al cuello de Primark (14\u20ac)<\/figcaption><\/picture>\n<\/div>\n<div id=\"photoZoomModal-607\" class=\"voc-lightbox modal fade voc-lightbox--photo-zoom\" role=\"dialog\" data-voc-photozoom-lightbox>\n<div class=\"voc-lightbox__dialog\" role=\"document\">\n<div class=\"voc-lightbox__content\"> <!-- Modal header --> <!-- Modal content --> <\/p>\n<div class=\"voc-lightbox__photo-container\"> <picture class> <img loading=\"lazy\" src=\"http:\/\/hoycordobaweb.com\/wp-content\/uploads\/2025\/05\/primark-tiene-la-coleccion-de-ropa-de-bano-que-mas-favorece-para-este-verano-6.jpg\" alt=\"Ba\u00f1ador atado al cuello de Primark (14\u20ac)\"> <noscript> <img src=\"http:\/\/hoycordobaweb.com\/wp-content\/uploads\/2025\/05\/primark-tiene-la-coleccion-de-ropa-de-bano-que-mas-favorece-para-este-verano-6.jpg\" alt=\"Ba\u00f1ador atado al cuello de Primark (14\u20ac)\"> <\/noscript> <\/picture> <\/div><\/div><\/div>\n<\/div>\n<p><h3 class=\"voc-detail__title\"> Ba\u00f1ador atado al cuello<br \/>\n<\/h3>\n<\/p>\n<p class=\"voc-paragraph\" data-mrf-recirculation=\"Link art\u00edculo\">Para las amantes de las tendencias tambi\u00e9n hemos encontrado una <strong>opci\u00f3n en el color del verano<\/strong>. Este ba\u00f1ador en rosa empolvado atado al cuello te ayudar\u00e1 a llevar el color de moda a la playa con un look de lo m\u00e1s acertado.\n<\/p>\n<p> <!-- TOPICS --> <\/p>\n","protected":false},"excerpt":{"rendered":"<p>Reconozc\u00e1moslo: estamos deseando que llegue ya el tiempo de sol y playa para poder disfrutar de unas merecidas vacaciones con un clima agradable y todo el lujo que supone unos d\u00edas de desconexi\u00f3n junto al mar. Mientras que algunas han aprovechado la Semana Santa para una escapada express a destinos de costa , otras tienen [&hellip;]<\/p>\n","protected":false},"author":1,"featured_media":104312,"comment_status":"closed","ping_status":"closed","sticky":false,"template":"","format":"standard","meta":[],"categories":[],"tags":[],"_links":{"self":[{"href":"http:\/\/hoycordobaweb.com\/index.php\/wp-json\/wp\/v2\/posts\/104311"}],"collection":[{"href":"http:\/\/hoycordobaweb.com\/index.php\/wp-json\/wp\/v2\/posts"}],"about":[{"href":"http:\/\/hoycordobaweb.com\/index.php\/wp-json\/wp\/v2\/types\/post"}],"author":[{"embeddable":true,"href":"http:\/\/hoycordobaweb.com\/index.php\/wp-json\/wp\/v2\/users\/1"}],"replies":[{"embeddable":true,"href":"http:\/\/hoycordobaweb.com\/index.php\/wp-json\/wp\/v2\/comments?post=104311"}],"version-history":[{"count":0,"href":"http:\/\/hoycordobaweb.com\/index.php\/wp-json\/wp\/v2\/posts\/104311\/revisions"}],"wp:featuredmedia":[{"embeddable":true,"href":"http:\/\/hoycordobaweb.com\/index.php\/wp-json\/wp\/v2\/media\/104312"}],"wp:attachment":[{"href":"http:\/\/hoycordobaweb.com\/index.php\/wp-json\/wp\/v2\/media?parent=104311"}],"wp:term":[{"taxonomy":"category","embeddable":true,"href":"http:\/\/hoycordobaweb.com\/index.php\/wp-json\/wp\/v2\/categories?post=104311"},{"taxonomy":"post_tag","embeddable":true,"href":"http:\/\/hoycordobaweb.com\/index.php\/wp-json\/wp\/v2\/tags?post=104311"}],"curies":[{"name":"wp","href":"https:\/\/api.w.org\/{rel}","templated":true}]}}