{"id":104108,"date":"2025-05-04T17:35:11","date_gmt":"2025-05-04T17:35:11","guid":{"rendered":"https:\/\/www.ole.com.ar\/racing\/racing-bucaramanga-copa-libertadores_0_Bs00KK3xt5.html"},"modified":"2025-05-04T17:35:11","modified_gmt":"2025-05-04T17:35:11","slug":"el-titular-de-racing-que-no-se-subio-al-avion-para-el-viaje-a-colombia-por-la-copa-y-una-duda","status":"publish","type":"post","link":"http:\/\/hoycordobaweb.com\/index.php\/2025\/05\/04\/el-titular-de-racing-que-no-se-subio-al-avion-para-el-viaje-a-colombia-por-la-copa-y-una-duda\/","title":{"rendered":"El titular de Racing que no se subi\u00f3 al avi\u00f3n para el viaje a Colombia, por la Copa, y una duda"},"content":{"rendered":"<p><img src=\"http:\/\/hoycordobaweb.com\/wp-content\/uploads\/2025\/05\/el-titular-de-racing-que-no-se-subio-al-avion-para-el-viaje-a-colombia-por-la-copa-y-una-duda.jpg\"><\/p>\n<p><span class=\"createDate\">04\/05\/2025 14:35hs.<\/span><time class=\"modificatedDate\" datetime=\"2025-05-04T15:43:15-03:00\"> Actualizado al 04\/05\/2025 15:43hs.<\/time><\/p>\n<div id=\"storyBody\">\n<div class=\"custom-text \" readability=\"39.276150627615\">\n<p>A la espera de saber si se enfrentar\u00e1 con <a href=\"https:\/\/www.ole.com.ar\/tema\/deportivo-riestra.html\" title=\"Deportivo Riestra\" alt=\"Deportivo Riestra\" class=\"slug\">Deportivo Riestra<\/a> o<a href=\"https:\/\/www.ole.com.ar\/tema\/platense.html\" title=\"Platense\" alt=\"Platense\" class=\"slug\"> Platense<\/a> en los octavos de final del Torneo Apertura (tiene asegurada la local\u00eda), <a href=\"https:\/\/www.ole.com.ar\/tema\/racing.html\" title=\"Racing\" alt=\"Racing\" class=\"slug\">Racing <\/a>se sube al avi\u00f3n rumbo a Colombia. All\u00ed, este martes desde las 19 (hora de Argentina), visitar\u00e1 a Atl\u00e9tico Bucaramanga por la cuarta fecha del Grupo E de la Libertadores.<strong> Con respecto a la formaci\u00f3n, en las \u00faltimas horas se confirm\u00f3 la continuidad de una baja, pero existe, de m\u00ednimo, una duda en el plano defensivo.<\/strong><\/p>\n<\/div>\n<div class=\"sc-e7b891c4-0 ifHnQL image-embed\"><img alt=\"Gabriel Rojas no viaj\u00f3 a Colombia por una lesi\u00f3n en la rodilla izquierda. REUTERS\/Cesar Olmedo\" loading=\"lazy\" width=\"720\" height=\"100\" decoding=\"async\" data-nimg=\"1\" src=\"http:\/\/hoycordobaweb.com\/wp-content\/uploads\/2025\/05\/el-titular-de-racing-que-no-se-subio-al-avion-para-el-viaje-a-colombia-por-la-copa-y-una-duda-2.jpg\"><span class=\"epigraphe\">Gabriel Rojas no viaj\u00f3 a Colombia por una lesi\u00f3n en la rodilla izquierda. REUTERS\/Cesar Olmedo<\/span><\/div>\n<div class=\"custom-text \" readability=\"32.769230769231\">\n<p>Finalmente, <a href=\"https:\/\/www.ole.com.ar\/tema\/gabriel-rojas.html\" title=\"Gabriel Rojas\" alt=\"Gabriel Rojas\" class=\"slug\">Gabriel Rojas<\/a> no integr\u00f3 la lista de 23 futbolistas que viajaron porque a\u00fan no se recuper\u00f3 de una inflamaci\u00f3n en la zona de los meniscos en la rodilla izquierda,<strong> lesi\u00f3n que ya lo dejo al margen del cruce con <a href=\"https:\/\/www.ole.com.ar\/tema\/newells-old-boys.html\" title=\"Newell's Old Boys\" alt=\"Newell's Old Boys\" class=\"slug\">Newell&#8217;s<\/a>.<\/strong><\/p>\n<\/div>\n<div class=\"custom-text \" readability=\"36\">\n<p><strong>El lateral-volante se quedar\u00e1 haciendo la rehabilitaci\u00f3n en Buenos Aires y apuntar\u00e1 a poder reaparecer en la pr\u00f3xima fase de los Playoffs.<\/strong> Sin Gabi, jugador muy importante para Costas por su aporte ofensivo, todo indica que permanecer\u00e1 de arranque Ignacio Rodr\u00edguez.<\/p>\n<\/div>\n<div class=\"sc-e7b891c4-0 ifHnQL image-embed\"><img alt=\"Los 23 citados por Costas para el duelo ante Bucaramanga. V\u00eda Prensa Racing.\" loading=\"lazy\" width=\"720\" height=\"100\" decoding=\"async\" data-nimg=\"1\" src=\"http:\/\/hoycordobaweb.com\/wp-content\/uploads\/2025\/05\/el-titular-de-racing-que-no-se-subio-al-avion-para-el-viaje-a-colombia-por-la-copa-y-una-duda-3.jpg\"><span class=\"epigraphe\">Los 23 citados por Costas para el duelo ante Bucaramanga. V\u00eda Prensa Racing.<\/span><\/div>\n<p><h2>La duda en la defensa de Racing<\/h2>\n<\/p>\n<div class=\"custom-text \" readability=\"36\">\n<p><strong>En el fondo existe la inc\u00f3gnita Marco Di Cesare o Nazareno Colombo. El primero fue titular en el triunfo por 1-0 sobre Newell&#8217;s y Naza fue al banco de los suplentes sin sumar minutos.<\/strong> Que haya descansado este \u00faltimo podr\u00eda ser interpretarlo como un indicio de que podr\u00eda volver desde el comienzo ante Bucaramanga, como stopper por la derecha.<\/p>\n<\/div>\n<div class=\"sc-e7b891c4-0 ifHnQL image-embed\"><img alt=\"Di Cesare o Colombo es una duda en el equipo. REUTERS\/Pilar Olivares\" loading=\"lazy\" width=\"720\" height=\"100\" decoding=\"async\" data-nimg=\"1\" src=\"http:\/\/hoycordobaweb.com\/wp-content\/uploads\/2025\/05\/el-titular-de-racing-que-no-se-subio-al-avion-para-el-viaje-a-colombia-por-la-copa-y-una-duda-4.jpg\"><span class=\"epigraphe\">Di Cesare o Colombo es una duda en el equipo. REUTERS\/Pilar Olivares<\/span><\/div>\n<div class=\"custom-text \" readability=\"39\">\n<p>Si bien como siempre se conocer\u00e1 la formaci\u00f3n un rato antes del partido, se estima que, de m\u00ednimo, regresar\u00e1n al 11 inicial <strong>Maximiliano Salas, Agust\u00edn Almendra y Luciano Vietto. Saldr\u00edan Santiago Solari, Richard S\u00e1nchez y Adri\u00e1n Fern\u00e1ndez.<\/strong><\/p>\n<\/div>\n<p><h2>Posible formaci\u00f3n de Racing contra Bucaramanga<\/h2>\n<\/p>\n<div class=\"custom-text \" readability=\"40\">\n<p>La Academia podr\u00eda formar con <strong>Gabriel Arias; Marco Di Cesare o Nazareno Colombo, Santiago Sosa, Agust\u00edn Garc\u00eda Basso; Gast\u00f3n Martirena, Juan Nardoni, Agust\u00edn Almendra, Ignacio Rodr\u00edguez: Luciano Vietto, Adri\u00e1n Mart\u00ednez y Maximiliano Salas. <\/strong> <\/p>\n<\/div>\n<div class=\"sc-a7166897-0 eoLsBE\" readability=\"6\">\n<section readability=\"2\"><picture><img alt=\"Costas tras la victoria: &quot;Vamos por todo&quot;\" loading=\"lazy\" width=\"290\" height=\"290\" decoding=\"async\" data-nimg=\"1\" src=\"http:\/\/hoycordobaweb.com\/wp-content\/uploads\/2025\/05\/el-titular-de-racing-que-no-se-subio-al-avion-para-el-viaje-a-colombia-por-la-copa-y-una-duda-5.jpg\"><\/picture>\n<p><span>Mir\u00e1 tambi\u00e9n<\/span><\/p>\n<hr>\n<h3>Costas tras la victoria: \u00abVamos por todo\u00bb<\/h3>\n<\/p>\n<\/section>\n<\/div>\n<div class=\"sc-a7166897-0 eoLsBE\" readability=\"6\">\n<section readability=\"2\"><picture><img alt=\"Racing vs Newell's y un premio grande: jugar en el Cilindro en octavos\" loading=\"lazy\" width=\"290\" height=\"290\" decoding=\"async\" data-nimg=\"1\" src=\"http:\/\/hoycordobaweb.com\/wp-content\/uploads\/2025\/05\/el-titular-de-racing-que-no-se-subio-al-avion-para-el-viaje-a-colombia-por-la-copa-y-una-duda-6.jpg\"><\/picture>\n<p><span>Mir\u00e1 tambi\u00e9n<\/span><\/p>\n<hr>\n<h3>Racing vs Newell&#8217;s y un premio grande: jugar en el Cilindro en octavos<\/h3>\n<\/p>\n<\/section>\n<\/div>\n<div class=\"sc-a7166897-0 eoLsBE\" readability=\"6\">\n<section readability=\"2\"><picture><img alt=\"Racing le gan\u00f3 a Newell's y qued\u00f3 tercero\" loading=\"lazy\" width=\"290\" height=\"290\" decoding=\"async\" data-nimg=\"1\" src=\"http:\/\/hoycordobaweb.com\/wp-content\/uploads\/2025\/05\/el-titular-de-racing-que-no-se-subio-al-avion-para-el-viaje-a-colombia-por-la-copa-y-una-duda-7.jpg\"><\/picture>\n<p><span>Mir\u00e1 tambi\u00e9n<\/span><\/p>\n<hr>\n<h3>Racing le gan\u00f3 a Newell&#8217;s y qued\u00f3 tercero<\/h3>\n<\/p>\n<\/section>\n<\/div>\n<div class=\"sc-a7166897-0 eoLsBE\" readability=\"6\">\n<section readability=\"2\"><picture><img alt=\"La llave tras el final de los cuatro partidos de la Zona A\" loading=\"lazy\" width=\"290\" height=\"290\" decoding=\"async\" data-nimg=\"1\" src=\"http:\/\/hoycordobaweb.com\/wp-content\/uploads\/2025\/05\/el-titular-de-racing-que-no-se-subio-al-avion-para-el-viaje-a-colombia-por-la-copa-y-una-duda-8.jpg\"><\/picture>\n<p><span>Mir\u00e1 tambi\u00e9n<\/span><\/p>\n<hr>\n<h3>La llave tras el final de los cuatro partidos de la Zona A<\/h3>\n<\/p>\n<\/section>\n<\/div>\n<\/div>\n","protected":false},"excerpt":{"rendered":"<p>04\/05\/2025 14:35hs. Actualizado al 04\/05\/2025 15:43hs. A la espera de saber si se enfrentar\u00e1 con Deportivo Riestra o Platense en los octavos de final del Torneo Apertura (tiene asegurada la local\u00eda), Racing se sube al avi\u00f3n rumbo a Colombia. All\u00ed, este martes desde las 19 (hora de Argentina), visitar\u00e1 a Atl\u00e9tico Bucaramanga por la cuarta [&hellip;]<\/p>\n","protected":false},"author":1,"featured_media":104109,"comment_status":"open","ping_status":"closed","sticky":false,"template":"","format":"standard","meta":[],"categories":[16],"tags":[],"_links":{"self":[{"href":"http:\/\/hoycordobaweb.com\/index.php\/wp-json\/wp\/v2\/posts\/104108"}],"collection":[{"href":"http:\/\/hoycordobaweb.com\/index.php\/wp-json\/wp\/v2\/posts"}],"about":[{"href":"http:\/\/hoycordobaweb.com\/index.php\/wp-json\/wp\/v2\/types\/post"}],"author":[{"embeddable":true,"href":"http:\/\/hoycordobaweb.com\/index.php\/wp-json\/wp\/v2\/users\/1"}],"replies":[{"embeddable":true,"href":"http:\/\/hoycordobaweb.com\/index.php\/wp-json\/wp\/v2\/comments?post=104108"}],"version-history":[{"count":0,"href":"http:\/\/hoycordobaweb.com\/index.php\/wp-json\/wp\/v2\/posts\/104108\/revisions"}],"wp:featuredmedia":[{"embeddable":true,"href":"http:\/\/hoycordobaweb.com\/index.php\/wp-json\/wp\/v2\/media\/104109"}],"wp:attachment":[{"href":"http:\/\/hoycordobaweb.com\/index.php\/wp-json\/wp\/v2\/media?parent=104108"}],"wp:term":[{"taxonomy":"category","embeddable":true,"href":"http:\/\/hoycordobaweb.com\/index.php\/wp-json\/wp\/v2\/categories?post=104108"},{"taxonomy":"post_tag","embeddable":true,"href":"http:\/\/hoycordobaweb.com\/index.php\/wp-json\/wp\/v2\/tags?post=104108"}],"curies":[{"name":"wp","href":"https:\/\/api.w.org\/{rel}","templated":true}]}}