{"id":104002,"date":"2025-05-03T18:53:01","date_gmt":"2025-05-03T18:53:01","guid":{"rendered":"https:\/\/www.ole.com.ar\/river-plate\/pelea-canelo-alvarez-william-scull-hincha-fanatico-river-campeon-cubano_0_plco1bWz7u.html"},"modified":"2025-05-03T18:53:01","modified_gmt":"2025-05-03T18:53:01","slug":"con-una-banda-de-apoyo-el-fanatico-de-river-que-peleara-contra-canelo-alvarez","status":"publish","type":"post","link":"http:\/\/hoycordobaweb.com\/index.php\/2025\/05\/03\/con-una-banda-de-apoyo-el-fanatico-de-river-que-peleara-contra-canelo-alvarez\/","title":{"rendered":"Con una Banda de apoyo: el fan\u00e1tico de River que pelear\u00e1 contra Canelo \u00c1lvarez"},"content":{"rendered":"<p><img src=\"http:\/\/hoycordobaweb.com\/wp-content\/uploads\/2025\/05\/con-una-banda-de-apoyo-el-fanatico-de-river-que-peleara-contra-canelo-alvarez.jpg\"><\/p>\n<p><time class=\"createDate\" datetime=\"2025-05-03T15:53:01-03:00\">03\/05\/2025 15:53hs.<\/time><\/p>\n<div id=\"storyBody\">\n<div class=\"custom-text \" readability=\"35.542288557214\">\n<p>En los primeros minutos de este domingo, los fan\u00e1ticos del boxeo disfrutar\u00e1n de una velada hist\u00f3rica. Y para los hinchas de <strong><a href=\"https:\/\/www.ole.com.ar\/tema\/river-plate.html\" title=\"River Plate\" alt=\"River Plate\" class=\"slug\">River<\/a><\/strong>, la pelea principal tambi\u00e9n ser\u00e1 especial. El mexicano <strong><a href=\"https:\/\/www.ole.com.ar\/tema\/saul-canelo-alvarez.html\" title=\"Sa\u00fal Canelo Alvarez\" alt=\"Sa\u00fal Canelo Alvarez\" class=\"slug\">Sa\u00fal Canelo \u00c1lvarez<\/a><\/strong> se disputar\u00e1 el trono indiscutido de los supermedianos frente al cubano <strong>William Scull<\/strong>, quien durante su preparaci\u00f3n para esta trascendental pelea demostr\u00f3 que es fan\u00e1tico del Millonario.<\/p>\n<\/div>\n<div class=\"custom-text \" readability=\"38\">\n<p>Dentro del The Venue Riyadh Season de Riad, Arabia Saudita, Canelo tendr\u00e1 su primer enfrentamiento fuera de Norteam\u00e9rica y all\u00ed <strong>intentar\u00e1 recuperar el cintur\u00f3n de la Federaci\u00f3n Internacional de Boxeo (FIB) <\/strong>para volver a ponerse la corona y ocupar <strong>el trono absoluto del peso supermediano. <\/strong>Sin embargo, enfrente tendr\u00e1 al boxeador que comparte una conexi\u00f3n especial con Argentina.<\/p>\n<\/div>\n<div class=\"custom-text \" readability=\"38\">\n<p>Su carrera como pugilista profesional despeg\u00f3 <strong>tras haberse radicado en Trelew, Chubut<\/strong>, ciudad a la que lleg\u00f3 luego de un intercambio deportivo con la Federaci\u00f3n Mendocina de Boxeo. En sus primeros a\u00f1os en nuestro pa\u00eds tuvo que atravesar dificultades econ\u00f3micas, <strong>incluso desempe\u00f1ando distintos trabajos para poder mantenerse mientras se entrenaba.<\/strong><\/p>\n<\/div>\n<div class=\"custom-text \" readability=\"38\">\n<p>Sin bajar los brazos en los momentos de adversidad, los esfuerzos dieron sus frutos: <strong>en 2016 debut\u00f3 profesionalmente en Mendoza<\/strong> y comenz\u00f3 a construir un invicto que <strong>provoc\u00f3 que lo apodaran el Indomable y logr\u00f3 conquistar el t\u00edtulo de la Federaci\u00f3n Internacional de Boxeo (FIB)<\/strong>, el cual pondr\u00e1 en juego ante Canelo. Y en sus d\u00edas en la Argentina, eligi\u00f3 a <strong>River<\/strong> como club de sus amores.<\/p>\n<\/div>\n<p><h2><strong>La preparaci\u00f3n de Scull, fana de River<\/strong><\/h2>\n<\/p>\n<div class=\"custom-embedhtml\" readability=\"6.7268041237113\">\n<blockquote class=\"twitter-tweet\" readability=\"7.1752577319588\">\n<p lang=\"es\" dir=\"ltr\">Acompa\u00f1emos a nuestro hermano cubano William Scull, #1 de la IBF que se est\u00e1 preparando para enfrentar a Canelo \u00c1lvarez en septiembre.<br \/>Subir\u00e1 al ring con nuestra remera porque el aguante de Los Borrachos del Tabl\u00f3n trasciende fronteras!!! <a href=\"https:\/\/t.co\/VQmaNTFxbO\">pic.twitter.com\/VQmaNTFxbO<\/a><\/p>\n<p>\u2014 \ud835\udd0f\ud835\udd2c\ud835\udd30 \ud835\udd05\ud835\udd2c\ud835\udd2f\ud835\udd2f\ud835\udd1e\ud835\udd20\ud835\udd25\ud835\udd2c\ud835\udd30 \ud835\udd21\ud835\udd22\ud835\udd29 \ud835\udd17\ud835\udd1e\ud835\udd1f\ud835\udd29\u00f3\ud835\udd2b (@River_LBT14) <a href=\"https:\/\/twitter.com\/River_LBT14\/status\/1645895414594379782?ref_src=twsrc%5Etfw\">April 11, 2023<\/a><\/p><\/blockquote><\/div>\n<div class=\"custom-text \" readability=\"37\">\n<p>Su amor por el club de N\u00fa\u00f1ez lleg\u00f3 hasta \u00abLos Borrachos del Tabl\u00f3n\u00bb, la barra oficial del CARP que lo viene apoyando en redes sociales. Adem\u00e1s de hacerle el aguante en diferentes publicaciones, <strong>le obsequiaron camisetas y un gorro que Scull aprovech\u00f3 para lucir en los videos que difundi\u00f3 durante sus intensos entrenamientos.<\/strong><\/p>\n<\/div>\n<div class=\"sc-e7b891c4-0 ifHnQL image-embed\"><img alt=\"William Scull, el boxeador cubano hincha de River.\" loading=\"lazy\" width=\"720\" height=\"100\" decoding=\"async\" data-nimg=\"1\" src=\"http:\/\/hoycordobaweb.com\/wp-content\/uploads\/2025\/05\/con-una-banda-de-apoyo-el-fanatico-de-river-que-peleara-contra-canelo-alvarez-2.jpg\"><span class=\"epigraphe\">William Scull, el boxeador cubano hincha de River.<\/span><\/div>\n<div class=\"custom-text \" readability=\"40\">\n<p>Actualmente <strong>con DNI argentino porque vivi\u00f3 en el Sur hasta 2019 y hoy radicado en Mallorca, Espa\u00f1a<\/strong>, antes de esta pelea, el proceso de 27 meses del boxeador de 32 a\u00f1os (23-0, 9 KO) como contendiente n\u00famero uno de la FIB dio sus frutos: en 2024<strong> gan\u00f3 el t\u00edtulo vacante de peso s\u00faper mediano por decisi\u00f3n un\u00e1nime sobre Vladimir Shishkin en Falkensee, Alemania.<\/strong><\/p>\n<\/div>\n<div class=\"sc-e7b891c4-0 ifHnQL image-embed\"><img alt=\"William Scull, el boxeador cubano hincha de River.\" loading=\"lazy\" width=\"720\" height=\"100\" decoding=\"async\" data-nimg=\"1\" src=\"http:\/\/hoycordobaweb.com\/wp-content\/uploads\/2025\/05\/con-una-banda-de-apoyo-el-fanatico-de-river-que-peleara-contra-canelo-alvarez-3.jpg\"><span class=\"epigraphe\">William Scull, el boxeador cubano hincha de River.<\/span><\/div>\n<div class=\"custom-text \" readability=\"39\">\n<p>Scull, consciente de que muchos lo subestiman, dej\u00f3 en claro que no se siente intimidado y que luego de prepararse con los colores del CARP est\u00e1 listo para dar el batacazo frente al mexicano: \u00abEs feo subestimar, y m\u00e1s en un deporte tan dif\u00edcil. <strong>Estoy seguro de que vamos a hacer historia y que mi gente de Cuba, Argentina y River estar\u00e1 apoy\u00e1ndome\u00bb.<\/strong><\/p>\n<\/div>\n<\/div>\n","protected":false},"excerpt":{"rendered":"<p>03\/05\/2025 15:53hs. En los primeros minutos de este domingo, los fan\u00e1ticos del boxeo disfrutar\u00e1n de una velada hist\u00f3rica. Y para los hinchas de River, la pelea principal tambi\u00e9n ser\u00e1 especial. El mexicano Sa\u00fal Canelo \u00c1lvarez se disputar\u00e1 el trono indiscutido de los supermedianos frente al cubano William Scull, quien durante su preparaci\u00f3n para esta trascendental [&hellip;]<\/p>\n","protected":false},"author":1,"featured_media":104003,"comment_status":"open","ping_status":"closed","sticky":false,"template":"","format":"standard","meta":[],"categories":[16],"tags":[],"_links":{"self":[{"href":"http:\/\/hoycordobaweb.com\/index.php\/wp-json\/wp\/v2\/posts\/104002"}],"collection":[{"href":"http:\/\/hoycordobaweb.com\/index.php\/wp-json\/wp\/v2\/posts"}],"about":[{"href":"http:\/\/hoycordobaweb.com\/index.php\/wp-json\/wp\/v2\/types\/post"}],"author":[{"embeddable":true,"href":"http:\/\/hoycordobaweb.com\/index.php\/wp-json\/wp\/v2\/users\/1"}],"replies":[{"embeddable":true,"href":"http:\/\/hoycordobaweb.com\/index.php\/wp-json\/wp\/v2\/comments?post=104002"}],"version-history":[{"count":0,"href":"http:\/\/hoycordobaweb.com\/index.php\/wp-json\/wp\/v2\/posts\/104002\/revisions"}],"wp:featuredmedia":[{"embeddable":true,"href":"http:\/\/hoycordobaweb.com\/index.php\/wp-json\/wp\/v2\/media\/104003"}],"wp:attachment":[{"href":"http:\/\/hoycordobaweb.com\/index.php\/wp-json\/wp\/v2\/media?parent=104002"}],"wp:term":[{"taxonomy":"category","embeddable":true,"href":"http:\/\/hoycordobaweb.com\/index.php\/wp-json\/wp\/v2\/categories?post=104002"},{"taxonomy":"post_tag","embeddable":true,"href":"http:\/\/hoycordobaweb.com\/index.php\/wp-json\/wp\/v2\/tags?post=104002"}],"curies":[{"name":"wp","href":"https:\/\/api.w.org\/{rel}","templated":true}]}}