{"id":103933,"date":"2025-04-30T18:56:55","date_gmt":"2025-04-30T18:56:55","guid":{"rendered":"https:\/\/fono.fcm.unc.edu.ar\/?p=13503"},"modified":"2025-04-30T18:56:55","modified_gmt":"2025-04-30T18:56:55","slug":"30-de-abril-dia-internacional-de-la-concienciacion-sobre-el-ruido","status":"publish","type":"post","link":"http:\/\/hoycordobaweb.com\/index.php\/2025\/04\/30\/30-de-abril-dia-internacional-de-la-concienciacion-sobre-el-ruido\/","title":{"rendered":"30 de abril: D\u00eda Internacional de la Concienciaci\u00f3n sobre el Ruido"},"content":{"rendered":"<h2 class=\"fusion-post-title\">30 de abril: D\u00eda Internacional de la Concienciaci\u00f3n sobre el Ruido<\/h2>\n<div class=\"post-content\" readability=\"38\">\n<p><img loading=\"lazy\" fetchpriority=\"high\" decoding=\"async\" class=\"alignright wp-image-13504 size-fusion-400\" src=\"https:\/\/fono.fcm.unc.edu.ar\/wp-content\/uploads\/sites\/14\/2025\/04\/15-1-400x584.jpg\" alt width=\"400\" height=\"584\" srcset=\"https:\/\/fono.fcm.unc.edu.ar\/wp-content\/uploads\/sites\/14\/2025\/04\/15-1-200x292.jpg 200w, https:\/\/fono.fcm.unc.edu.ar\/wp-content\/uploads\/sites\/14\/2025\/04\/15-1-206x300.jpg 206w, https:\/\/fono.fcm.unc.edu.ar\/wp-content\/uploads\/sites\/14\/2025\/04\/15-1-400x584.jpg 400w, https:\/\/fono.fcm.unc.edu.ar\/wp-content\/uploads\/sites\/14\/2025\/04\/15-1-600x876.jpg 600w, https:\/\/fono.fcm.unc.edu.ar\/wp-content\/uploads\/sites\/14\/2025\/04\/15-1-702x1024.jpg 702w, https:\/\/fono.fcm.unc.edu.ar\/wp-content\/uploads\/sites\/14\/2025\/04\/15-1-768x1121.jpg 768w, https:\/\/fono.fcm.unc.edu.ar\/wp-content\/uploads\/sites\/14\/2025\/04\/15-1-800x1168.jpg 800w, https:\/\/fono.fcm.unc.edu.ar\/wp-content\/uploads\/sites\/14\/2025\/04\/15-1-1052x1536.jpg 1052w, https:\/\/fono.fcm.unc.edu.ar\/wp-content\/uploads\/sites\/14\/2025\/04\/15-1-1200x1751.jpg 1200w, https:\/\/fono.fcm.unc.edu.ar\/wp-content\/uploads\/sites\/14\/2025\/04\/15-1-1403x2048.jpg 1403w, https:\/\/fono.fcm.unc.edu.ar\/wp-content\/uploads\/sites\/14\/2025\/04\/15-1-scaled.jpg 1754w\" sizes=\"(max-width: 400px) 100vw, 400px\"><\/p>\n<p>En el a\u00f1o 1996, el Centro para la Audici\u00f3n y Comunicaci\u00f3n (CHC) fund\u00f3 el D\u00eda Internacional de la Concienciaci\u00f3n sobre el Ruido, para alertar y crear conciencia en la poblaci\u00f3n sobre los riesgos que tiene el ruido para el trastorno auditivo y su impacto en la salud.<br \/>Este d\u00eda pretende llamar la atenci\u00f3n e incentivar a las instituciones p\u00fablicas y privadas a informar a los ciudadanos de los peligros que genera la exposici\u00f3n al ruido a largo plazo, as\u00ed como a invitar a las personas a realizarse pruebas auditivas.<\/p>\n<\/p><\/div>\n","protected":false},"excerpt":{"rendered":"<p>30 de abril: D\u00eda Internacional de la Concienciaci\u00f3n sobre el Ruido En el a\u00f1o 1996, el Centro para la Audici\u00f3n y Comunicaci\u00f3n (CHC) fund\u00f3 el D\u00eda Internacional de la Concienciaci\u00f3n sobre el Ruido, para alertar y crear conciencia en la poblaci\u00f3n sobre los riesgos que tiene el ruido para el trastorno auditivo y su impacto [&hellip;]<\/p>\n","protected":false},"author":1,"featured_media":0,"comment_status":"closed","ping_status":"closed","sticky":false,"template":"","format":"standard","meta":[],"categories":[1],"tags":[],"_links":{"self":[{"href":"http:\/\/hoycordobaweb.com\/index.php\/wp-json\/wp\/v2\/posts\/103933"}],"collection":[{"href":"http:\/\/hoycordobaweb.com\/index.php\/wp-json\/wp\/v2\/posts"}],"about":[{"href":"http:\/\/hoycordobaweb.com\/index.php\/wp-json\/wp\/v2\/types\/post"}],"author":[{"embeddable":true,"href":"http:\/\/hoycordobaweb.com\/index.php\/wp-json\/wp\/v2\/users\/1"}],"replies":[{"embeddable":true,"href":"http:\/\/hoycordobaweb.com\/index.php\/wp-json\/wp\/v2\/comments?post=103933"}],"version-history":[{"count":0,"href":"http:\/\/hoycordobaweb.com\/index.php\/wp-json\/wp\/v2\/posts\/103933\/revisions"}],"wp:attachment":[{"href":"http:\/\/hoycordobaweb.com\/index.php\/wp-json\/wp\/v2\/media?parent=103933"}],"wp:term":[{"taxonomy":"category","embeddable":true,"href":"http:\/\/hoycordobaweb.com\/index.php\/wp-json\/wp\/v2\/categories?post=103933"},{"taxonomy":"post_tag","embeddable":true,"href":"http:\/\/hoycordobaweb.com\/index.php\/wp-json\/wp\/v2\/tags?post=103933"}],"curies":[{"name":"wp","href":"https:\/\/api.w.org\/{rel}","templated":true}]}}