{"id":103802,"date":"2025-05-01T14:41:38","date_gmt":"2025-05-01T14:41:38","guid":{"rendered":"http:\/\/hoycordobaweb.com\/index.php\/2025\/05\/01\/si-hubiera-sido-un-equipo-argentino-o-brasileno-leyenda-trasandina-de-colo-colo-bolavip\/"},"modified":"2025-05-01T14:41:38","modified_gmt":"2025-05-01T14:41:38","slug":"si-hubiera-sido-un-equipo-argentino-o-brasileno-leyenda-trasandina-de-colo-colo-bolavip","status":"publish","type":"post","link":"http:\/\/hoycordobaweb.com\/index.php\/2025\/05\/01\/si-hubiera-sido-un-equipo-argentino-o-brasileno-leyenda-trasandina-de-colo-colo-bolavip\/","title":{"rendered":"&quot;Si hubiera sido un equipo <b>argentino<\/b> o brasile\u00f1o&#8230;&quot;: Leyenda trasandina de Colo Colo &#8230; &#8211; Bolavip"},"content":{"rendered":"<p>Un reconocido exjugador <b>argentino<\/b> que jug\u00f3 en el Cacique y pele\u00f3 en las Malvinas le cay\u00f3 con todo al ente rector del <b>f\u00fatbol<\/b> sudamericano. <\/p>\n","protected":false},"excerpt":{"rendered":"<p>Un reconocido exjugador argentino que jug\u00f3 en el Cacique y pele\u00f3 en las Malvinas le cay\u00f3 con todo al ente rector del f\u00fatbol sudamericano.<\/p>\n","protected":false},"author":1,"featured_media":0,"comment_status":"closed","ping_status":"closed","sticky":false,"template":"","format":"standard","meta":[],"categories":[22],"tags":[],"_links":{"self":[{"href":"http:\/\/hoycordobaweb.com\/index.php\/wp-json\/wp\/v2\/posts\/103802"}],"collection":[{"href":"http:\/\/hoycordobaweb.com\/index.php\/wp-json\/wp\/v2\/posts"}],"about":[{"href":"http:\/\/hoycordobaweb.com\/index.php\/wp-json\/wp\/v2\/types\/post"}],"author":[{"embeddable":true,"href":"http:\/\/hoycordobaweb.com\/index.php\/wp-json\/wp\/v2\/users\/1"}],"replies":[{"embeddable":true,"href":"http:\/\/hoycordobaweb.com\/index.php\/wp-json\/wp\/v2\/comments?post=103802"}],"version-history":[{"count":0,"href":"http:\/\/hoycordobaweb.com\/index.php\/wp-json\/wp\/v2\/posts\/103802\/revisions"}],"wp:attachment":[{"href":"http:\/\/hoycordobaweb.com\/index.php\/wp-json\/wp\/v2\/media?parent=103802"}],"wp:term":[{"taxonomy":"category","embeddable":true,"href":"http:\/\/hoycordobaweb.com\/index.php\/wp-json\/wp\/v2\/categories?post=103802"},{"taxonomy":"post_tag","embeddable":true,"href":"http:\/\/hoycordobaweb.com\/index.php\/wp-json\/wp\/v2\/tags?post=103802"}],"curies":[{"name":"wp","href":"https:\/\/api.w.org\/{rel}","templated":true}]}}