{"id":103718,"date":"2025-04-30T16:57:09","date_gmt":"2025-04-30T16:57:09","guid":{"rendered":"https:\/\/www.ole.com.ar\/futbol-internacional\/america\/arturo-vidal-miedo-retiro-colo-colo-chile-seleccion-chilena_0_0vgIRpnqcC.html"},"modified":"2025-04-30T16:57:09","modified_gmt":"2025-04-30T16:57:09","slug":"la-confesion-de-arturo-vidal-sobre-el-retiro-me-da-miedo","status":"publish","type":"post","link":"http:\/\/hoycordobaweb.com\/index.php\/2025\/04\/30\/la-confesion-de-arturo-vidal-sobre-el-retiro-me-da-miedo\/","title":{"rendered":"La confesi\u00f3n de Arturo Vidal sobre el retiro: \u00abMe da miedo\u00bb"},"content":{"rendered":"<p><img src=\"http:\/\/hoycordobaweb.com\/wp-content\/uploads\/2025\/04\/la-confesion-de-arturo-vidal-sobre-el-retiro-me-da-miedo.jpg\"><\/p>\n<p><time class=\"createDate\" datetime=\"2025-04-30T13:57:09-03:00\">30\/04\/2025 13:57hs.<\/time><\/p>\n<div id=\"storyBody\">\n<div class=\"custom-text \" readability=\"34.305882352941\">\n<p>El mediocampista chileno <a href=\"https:\/\/www.ole.com.ar\/tema\/arturo-vidal.html\" title=\"arturo vidal\" alt=\"arturo vidal\" class=\"slug\">Arturo Vidal<\/a> emprendi\u00f3 un delivery de hamburguesas llamado Sin Miedo Burgers, \u00bfpensando en el futuro fuera de las canchas? Pese a que su idea es seguir jugando por varios a\u00f1os m\u00e1s, declar\u00f3: <strong>\u00abMe da un poco de miedo el retiro\u00bb.<\/strong><\/p>\n<\/div>\n<div class=\"custom-text \" readability=\"37\">\n<p>Este emprendimiento gastron\u00f3mico fue inaugurado ante una multitudinaria concurrencia en la Plaza del Bolsillo de Morand\u00e9 83, en el centro de Santiago, y ofrecer\u00e1 servicios en Vi\u00f1a del Mar, Villa Alemana y Rancagua.<\/p>\n<\/div>\n<div class=\"custom-text \" readability=\"34\">\n<p>Vidal plante\u00f3 que una vez que le toque dejar el f\u00fatbol tiene que<strong> \u00abseguir con la vida\u00bb <\/strong>y confes\u00f3: <strong>\u00abDe verdad que estas cosas las estoy aprovechando ahora que estoy jugando, no cuando me retire\u00bb.<\/strong><\/p>\n<\/div>\n<div class=\"sc-734b4696-1 kFfZtB\" readability=\"6.5\">\n<div class=\"sc-d00d9e74-0 hnHYbk\" type=\"embed\">\n<div class=\"sc-d00d9e74-1 iKVbz videoText\" id=\"contentTitleembedc4iNHopu\" type=\"embed\"><svg fill=\"#ffffff\"><symbol id=\"play\" viewBox=\"0 0 512 512\"><path d=\"M512 256C512 397.4 397.4 512 256 512C114.6 512 0 397.4 0 256C0 114.6 114.6 0 256 0C397.4 0 512 114.6 512 256zM176 168V344C176 352.7 180.7 360.7 188.3 364.9C195.8 369.2 205.1 369 212.5 364.5L356.5 276.5C363.6 272.1 368 264.4 368 256C368 247.6 363.6 239.9 356.5 235.5L212.5 147.5C205.1 142.1 195.8 142.8 188.3 147.1C180.7 151.3 176 159.3 176 168V168z\" \/><\/symbol><use xlink:href=\"#play\" \/><\/svg><\/p>\n<div class=\"right\">\n<p>arturo vidal<!-- --> &#8211; <span>&nbsp;<\/span><\/p>\n<h2 class=\"title-vid\">Vidal habl\u00f3 de su retiro: \u00abMe da miedo\u00bb<\/h2>\n<\/div>\n<\/div>\n<p><span class=\"back\" id=\"spanBackembedc4iNHopu\"><\/span><\/div>\n<div class=\"JWvideoNota_title\" readability=\"8\">\n<p>El futbolista de la selecci\u00f3n chilena y Colo Colo inaugur\u00f3 un emprendimiento de hamburguesas y declar\u00f3 de cara al futuro.<\/p>\n<\/div>\n<\/div>\n<p><h2>La actualidad de Colo Colo<\/h2>\n<\/p>\n<div class=\"custom-text \" readability=\"32.096\">\n<p><strong>El conjunto chileno viene de ganarle 2-0 a Coquimbo Unido en<\/strong> el Torneo Apertura de Chile. La victoria ubic\u00f3 a los del DT argentino <a href=\"https:\/\/www.ole.com.ar\/tema\/jorge-almiron.html\" title=\"Jorge Almir\u00f3n\" alt=\"Jorge Almir\u00f3n\" class=\"slug\">Jorge Almir\u00f3n <\/a>en la d\u00e9cima posici\u00f3n. En el pr\u00f3ximo partido se enfrentar\u00e1 a Deportes Limache el viernes 2 de mayo.<\/p>\n<\/div>\n<p><h2>El Cacique en la Copa Libertadores<\/h2>\n<\/p>\n<div class=\"custom-text \" readability=\"35.052631578947\">\n<p><strong>El equipo del King viene de empatar con <a href=\"https:\/\/www.ole.com.ar\/tema\/racing.html\" title=\"Racing\" alt=\"Racing\" class=\"slug\">Racing <\/a>1-1 en la tercera jornada de fase de grupos del torneo internacional<\/strong> con el gol de Lucas Cepeda. Mart\u00edn Barrios convirti\u00f3 para el conjunto de<a href=\"https:\/\/www.ole.com.ar\/tema\/gustavo-costas.html\" title=\"Gustavo Costas\" alt=\"Gustavo Costas\" class=\"slug\"> Gustavo Costas<\/a>. Colo Colo se posiciona tercero en el Grupo E de la Copa con 2 puntos. Por encima se ubica la Academia, con cuatro en el segundo lugar, mientras que Bucaramanga lidera con 5.<\/p>\n<\/div>\n<div class=\"sc-e7b891c4-0 ifHnQL image-embed\"><img alt=\" Arturo Vidal en un partido de la fase de grupos de la Copa Libertadores. EFE\/ Elvis Gonz\u00e1lez\" loading=\"lazy\" width=\"720\" height=\"100\" decoding=\"async\" data-nimg=\"1\" src=\"http:\/\/hoycordobaweb.com\/wp-content\/uploads\/2025\/04\/la-confesion-de-arturo-vidal-sobre-el-retiro-me-da-miedo-2.jpg\"><span class=\"epigraphe\"> Arturo Vidal en un partido de la fase de grupos de la Copa Libertadores. EFE\/ Elvis Gonz\u00e1lez<\/span><\/div>\n<div class=\"custom-text \" readability=\"33\">\n<p>En la pr\u00f3xima jornada de Copa Libertadores se enfrentar\u00e1 a Fortaleza el martes 6 de mayo en Brasil.<\/p>\n<\/div>\n<p><h2>El capit\u00e1n habl\u00f3 luego del empate con Racing<\/h2>\n<\/p>\n<div class=\"custom-text \" readability=\"35\">\n<p>El conjunto chileno se enfrent\u00f3 a los de Gustavo Costas y, pese a que no lograron sumar de a tres, se refirieron al empate.<\/p>\n<\/div>\n<div class=\"custom-text \" readability=\"37\">\n<p><strong>\u00ab\u00bfMi gol favorito? Es el que voy a hacer el d\u00eda martes. Ah\u00ed va a ser, ese va a ser mi gol favorito. De cabeza, s\u00ed, ja\u00bb<\/strong>, as\u00ed calentaba la previa Vidal. <\/p>\n<\/div>\n<div class=\"sc-e7b891c4-0 ifHnQL image-embed\"><img alt=\"Futbol, Colo Colo vs Racing.\nFase de grupos, Copa Libertadores.\nJonnathan Oyarzun\/Photosport Football, Colo Colo vs Racing.\nGroup stage, Copa Libertadores 2025.\nColo Colo\u2019s head coach Jorge Almiron is pictured next to Gustavo Costas Racing during the copa libertadores match for group E at the Monumental stadium in Santiago, Chile.\n22\/04\/2024\nJonnathan Oyarzun\/Photosport\" loading=\"lazy\" width=\"720\" height=\"100\" decoding=\"async\" data-nimg=\"1\" src=\"http:\/\/hoycordobaweb.com\/wp-content\/uploads\/2025\/04\/la-confesion-de-arturo-vidal-sobre-el-retiro-me-da-miedo-3.jpg\"><span class=\"epigraphe\">Futbol, Colo Colo vs Racing.<br \/>\nFase de grupos, Copa Libertadores.<br \/>\nJonnathan Oyarzun\/Photosport Football, Colo Colo vs Racing.<br \/>\nGroup stage, Copa Libertadores 2025.<br \/>\nColo Colo\u2019s head coach Jorge Almiron is pictured next to Gustavo Costas Racing during the copa libertadores match for group E at the Monumental stadium in Santiago, Chile.<br \/>\n22\/04\/2024<br \/>\nJonnathan Oyarzun\/Photosport<\/span><\/div>\n<div class=\"custom-text \" readability=\"41\">\n<p>Sin embargo, el chileno no logr\u00f3 convertir en la tercera jornada y luego del partido explic\u00f3 que simplemente le gusta ponerse retos y que espera en los pr\u00f3ximos poder convertir:<strong> \u00abS\u00ed, no tuve ninguna chance. A m\u00ed ahora en los corner, en las pelotas paradas, me marcan mucho, me cuesta m\u00e1s. Pero bueno, quedo con esa deuda. Me gusta ponerme metas y ojal\u00e1 en los pr\u00f3ximos partidos pueda marcar\u00bb.<\/strong><\/p>\n<\/div>\n<\/div>\n","protected":false},"excerpt":{"rendered":"<p>30\/04\/2025 13:57hs. El mediocampista chileno Arturo Vidal emprendi\u00f3 un delivery de hamburguesas llamado Sin Miedo Burgers, \u00bfpensando en el futuro fuera de las canchas? Pese a que su idea es seguir jugando por varios a\u00f1os m\u00e1s, declar\u00f3: \u00abMe da un poco de miedo el retiro\u00bb. Este emprendimiento gastron\u00f3mico fue inaugurado ante una multitudinaria concurrencia en [&hellip;]<\/p>\n","protected":false},"author":1,"featured_media":103719,"comment_status":"open","ping_status":"closed","sticky":false,"template":"","format":"standard","meta":[],"categories":[16],"tags":[],"_links":{"self":[{"href":"http:\/\/hoycordobaweb.com\/index.php\/wp-json\/wp\/v2\/posts\/103718"}],"collection":[{"href":"http:\/\/hoycordobaweb.com\/index.php\/wp-json\/wp\/v2\/posts"}],"about":[{"href":"http:\/\/hoycordobaweb.com\/index.php\/wp-json\/wp\/v2\/types\/post"}],"author":[{"embeddable":true,"href":"http:\/\/hoycordobaweb.com\/index.php\/wp-json\/wp\/v2\/users\/1"}],"replies":[{"embeddable":true,"href":"http:\/\/hoycordobaweb.com\/index.php\/wp-json\/wp\/v2\/comments?post=103718"}],"version-history":[{"count":0,"href":"http:\/\/hoycordobaweb.com\/index.php\/wp-json\/wp\/v2\/posts\/103718\/revisions"}],"wp:featuredmedia":[{"embeddable":true,"href":"http:\/\/hoycordobaweb.com\/index.php\/wp-json\/wp\/v2\/media\/103719"}],"wp:attachment":[{"href":"http:\/\/hoycordobaweb.com\/index.php\/wp-json\/wp\/v2\/media?parent=103718"}],"wp:term":[{"taxonomy":"category","embeddable":true,"href":"http:\/\/hoycordobaweb.com\/index.php\/wp-json\/wp\/v2\/categories?post=103718"},{"taxonomy":"post_tag","embeddable":true,"href":"http:\/\/hoycordobaweb.com\/index.php\/wp-json\/wp\/v2\/tags?post=103718"}],"curies":[{"name":"wp","href":"https:\/\/api.w.org\/{rel}","templated":true}]}}