{"id":103646,"date":"2025-04-30T17:31:52","date_gmt":"2025-04-30T17:31:52","guid":{"rendered":"https:\/\/www.espinof.com\/reality\/revuelta-a-oscuras-otras-veces-que-david-broncano-ha-puesto-patas-arriba-su-programa-para-adaptarse-a-circunstancias"},"modified":"2025-04-30T17:31:52","modified_gmt":"2025-04-30T17:31:52","slug":"ni-luz-ni-publico-como-david-broncano-pone-patas-arriba-su-programa-para-salvarlo-en-las-peores-circunstancias","status":"publish","type":"post","link":"http:\/\/hoycordobaweb.com\/index.php\/2025\/04\/30\/ni-luz-ni-publico-como-david-broncano-pone-patas-arriba-su-programa-para-salvarlo-en-las-peores-circunstancias\/","title":{"rendered":"Ni luz, ni p\u00fablico. C\u00f3mo David Broncano pone patas arriba su programa para salvarlo en las peores circunstancias"},"content":{"rendered":"<p>Aunque en general <a class=\"text-outboundlink\" href=\"https:\/\/www.espinof.com\/criticas\/revuelta-siquiera-intenta-luchar-hormiguero-sigue-teniendo-espiritu-programa-nicho-hecho-cuatro-amigos-garaje\" data-vars-post-title=\"'La revuelta' ni siquiera intenta luchar contra 'El hormiguero' y sigue teniendo el esp\u00edritu de programa de nicho hecho por cuatro amigos en un garaje\" data-vars-post-url=\"https:\/\/www.espinof.com\/criticas\/revuelta-siquiera-intenta-luchar-hormiguero-sigue-teniendo-espiritu-programa-nicho-hecho-cuatro-amigos-garaje\">&#8216;La revuelta&#8217;<\/a>, y en su momento <a class=\"text-outboundlink\" href=\"https:\/\/www.espinof.com\/la-1\/creo-que-resistencia-unico-programa-television-espana-que-se-atreve-a-tener-personalidad-propia-eso-le-va-a-pasar-factura-tve\" data-vars-post-title=\"Creo que 'La resistencia' es el \u00fanico programa de televisi\u00f3n en Espa\u00f1a que se atreve a tener personalidad propia, y eso le va a pasar factura en TVE \" data-vars-post-url=\"https:\/\/www.espinof.com\/la-1\/creo-que-resistencia-unico-programa-television-espana-que-se-atreve-a-tener-personalidad-propia-eso-le-va-a-pasar-factura-tve\">&#8216;La resistencia&#8217;<\/a>, acostumbra a salirse de guion y romper sus propias convenciones, hay ocasiones en las que consigue sorprender incluso m\u00e1s a su p\u00fablico. El programa \u00aben modo avi\u00f3n\u00bb de anoche solo es <strong>una de las muchas ocasiones en las que David Broncano hizo de las suyas para aprovechar las circunstancias<\/strong> y meter giros inesperados.<\/p>\n<p><!-- BREAK 1 --> <\/p>\n<h2>En la oscuridad<\/h2>\n<div class=\"article-asset-image article-asset-large article-asset-center\">\n<div class=\"asset-content\"> <img class height=\"1080\" width=\"1920\" loading=\"lazy\" decoding=\"async\" sizes=\"100vw\" fetchpriority=\"high\" srcset=\"http:\/\/hoycordobaweb.com\/wp-content\/uploads\/2025\/04\/ni-luz-ni-publico-como-david-broncano-pone-patas-arriba-su-programa-para-salvarlo-en-las-peores-circunstancias.jpg 450w, http:\/\/hoycordobaweb.com\/wp-content\/uploads\/2025\/04\/ni-luz-ni-publico-como-david-broncano-pone-patas-arriba-su-programa-para-salvarlo-en-las-peores-circunstancias-8.jpg 681w, http:\/\/hoycordobaweb.com\/wp-content\/uploads\/2025\/04\/ni-luz-ni-publico-como-david-broncano-pone-patas-arriba-su-programa-para-salvarlo-en-las-peores-circunstancias-9.jpg 1024w, http:\/\/hoycordobaweb.com\/wp-content\/uploads\/2025\/04\/ni-luz-ni-publico-como-david-broncano-pone-patas-arriba-su-programa-para-salvarlo-en-las-peores-circunstancias-10.jpg 1366w\" src=\"http:\/\/hoycordobaweb.com\/wp-content\/uploads\/2025\/04\/ni-luz-ni-publico-como-david-broncano-pone-patas-arriba-su-programa-para-salvarlo-en-las-peores-circunstancias.jpg\" alt=\"Revuelta 6\"> <noscript><img alt=\"Revuelta 6\" class src=\"http:\/\/hoycordobaweb.com\/wp-content\/uploads\/2025\/04\/ni-luz-ni-publico-como-david-broncano-pone-patas-arriba-su-programa-para-salvarlo-en-las-peores-circunstancias.jpg\"><\/noscript> <\/div>\n<\/div>\n<p>Tras el apag\u00f3n general el 28 de abril, Broncano apareci\u00f3 al d\u00eda siguiente con un programa \u00abde bajo consumo\u00bb: \u00abHoy hemos decidido hacer el programa en modo simulacro, por si pasa otra vez en el futuro, <strong>hacer el programa en modo avi\u00f3n: con recursos muy bajos, no hay luz y no hay p\u00fablico <\/strong>porque hay que poner el aire\u00bb. As\u00ed pues, la entrevista al futbolista Borja Iglesias se hizo pr\u00e1cticamente a oscuras y sin el comod\u00edn del p\u00fablico.<\/p>\n<p><!-- BREAK 2 --><\/p>\n<div class=\"article-asset article-asset-normal article-asset-center\">\n<div class=\"desvio-container\">\n<div class=\"desvio\">\n<div class=\"desvio-figure js-desvio-figure\"> <a href=\"https:\/\/www.espinof.com\/presentadores\/david-broncano-concurso-telemadrid-18-anos-antes-revuelta-fue-humillado-javier-capitan\" class=\"pivot-outboundlink\" data-vars-post-title=\"Los primeros pasos de David Broncano en televisi\u00f3n. Concurs\u00f3 en Telemadrid 18 a\u00f1os antes de 'La Revuelta' y fue humillado por Javier Capit\u00e1n\"> <img loading=\"lazy\" alt=\"Los primeros pasos de David Broncano en televisi\u00f3n. Concurs\u00f3 en Telemadrid 18 a\u00f1os antes de 'La Revuelta' y fue humillado por Javier Capit\u00e1n\" width=\"375\" height=\"142\" src=\"http:\/\/hoycordobaweb.com\/wp-content\/uploads\/2025\/04\/ni-luz-ni-publico-como-david-broncano-pone-patas-arriba-su-programa-para-salvarlo-en-las-peores-circunstancias-1.jpg\"> <\/a> <\/div><\/div><\/div>\n<\/div>\n<p>La ocurrencia <a rel=\"noopener, noreferrer\" href=\"https:\/\/www.eldiario.es\/vertele\/audiencias-tv\/martes-29-abril-2025-el-hormiguero-lidera-frente-la-revuelta-paseo-supervivientes-tierra-de-nadie_1_12259199.html\">reuni\u00f3<\/a> a 1.408.000 espectadores y 11% de <em>share<\/em>, aunque no logr\u00f3 liderar frente a <a class=\"text-outboundlink\" href=\"https:\/\/www.espinof.com\/tag\/el-hormiguero\" data-vars-post-title=\"El Hormiguero\" data-vars-post-url=\"https:\/\/www.espinof.com\/tag\/el-hormiguero\">&#8216;El hormiguero&#8217;<\/a> y la visita de Mamen Mendiz\u00e1bal (15% y 1.935.000).<\/p>\n<p><!-- BREAK 3 --> <\/p>\n<h2>La berrea del ciervo<\/h2>\n<div class=\"article-asset-image article-asset-large article-asset-center\">\n<div class=\"asset-content\"> <img class height=\"978\" width=\"1200\" loading=\"lazy\" decoding=\"async\" sizes=\"100vw\" fetchpriority=\"high\" srcset=\"http:\/\/hoycordobaweb.com\/wp-content\/uploads\/2025\/04\/ni-luz-ni-publico-como-david-broncano-pone-patas-arriba-su-programa-para-salvarlo-en-las-peores-circunstancias-2.jpg 450w, http:\/\/hoycordobaweb.com\/wp-content\/uploads\/2025\/04\/ni-luz-ni-publico-como-david-broncano-pone-patas-arriba-su-programa-para-salvarlo-en-las-peores-circunstancias-11.jpg 681w, http:\/\/hoycordobaweb.com\/wp-content\/uploads\/2025\/04\/ni-luz-ni-publico-como-david-broncano-pone-patas-arriba-su-programa-para-salvarlo-en-las-peores-circunstancias-12.jpg 1024w, http:\/\/hoycordobaweb.com\/wp-content\/uploads\/2025\/04\/ni-luz-ni-publico-como-david-broncano-pone-patas-arriba-su-programa-para-salvarlo-en-las-peores-circunstancias-13.jpg 1366w\" src=\"http:\/\/hoycordobaweb.com\/wp-content\/uploads\/2025\/04\/ni-luz-ni-publico-como-david-broncano-pone-patas-arriba-su-programa-para-salvarlo-en-las-peores-circunstancias-2.jpg\" alt=\"Revuelta 7\"> <noscript><img alt=\"Revuelta 7\" class src=\"http:\/\/hoycordobaweb.com\/wp-content\/uploads\/2025\/04\/ni-luz-ni-publico-como-david-broncano-pone-patas-arriba-su-programa-para-salvarlo-en-las-peores-circunstancias-2.jpg\"><\/noscript> <\/div>\n<\/div>\n<p>\u00bfC\u00f3mo olvidar una de las cosas que m\u00e1s dieron que hablar en el a\u00f1o televisivo pasado? <a class=\"text-outboundlink\" href=\"https:\/\/www.espinof.com\/la-1\/pablo-motos-cree-que-ha-salido-victorioso-nueva-batalla-david-broncano-no-sabe-que-revuelta-ha-ganado-guerra\" data-vars-post-title=\"Pablo Motos cree que ha salido victorioso de una nueva batalla contra David Broncano. No sabe que 'La revuelta' ya ha ganado la guerra \" data-vars-post-url=\"https:\/\/www.espinof.com\/la-1\/pablo-motos-cree-que-ha-salido-victorioso-nueva-batalla-david-broncano-no-sabe-que-revuelta-ha-ganado-guerra\">Ese momento<\/a> en el que Broncano decidi\u00f3 hablar abiertamente de que, una vez m\u00e1s, un invitado hab\u00eda tenido que cancelar a \u00faltima hora porque &#8216;El hormiguero&#8217; no quer\u00eda que visitara antes &#8216;La revuelta&#8217;. <strong>En vez de buscar otro invitado <\/strong><em><strong>in extremis<\/strong><\/em><strong>, decidieron emitir un documental de la berrea del ciervo <\/strong>durante el resto del tiempo en antena que les quedaba.<\/p>\n<p><!-- BREAK 4 --><\/p>\n<p>Obviamente, fue una noche que lider\u00f3 &#8216;El hormiguero&#8217; con la visita de Hugh Grant (15,5% y 1.973.000), pero fue todo un logro que al final fuera por un margen muy peque\u00f1o, y que<strong> 13,6% y 1.778.000 espectadores estuvieran pendientes del televisor aquella noche para ver 20 minutos de ciervos berreando<\/strong>.<\/p>\n<p><!-- BREAK 5 --><\/p>\n<h2>Chris Pratt in da house<\/h2>\n<div class=\"article-asset-image article-asset-large article-asset-center\">\n<div class=\"asset-content\"> <img class height=\"900\" width=\"1600\" loading=\"lazy\" decoding=\"async\" sizes=\"100vw\" fetchpriority=\"high\" srcset=\"http:\/\/hoycordobaweb.com\/wp-content\/uploads\/2025\/04\/ni-luz-ni-publico-como-david-broncano-pone-patas-arriba-su-programa-para-salvarlo-en-las-peores-circunstancias-3.jpg 450w, http:\/\/hoycordobaweb.com\/wp-content\/uploads\/2025\/04\/ni-luz-ni-publico-como-david-broncano-pone-patas-arriba-su-programa-para-salvarlo-en-las-peores-circunstancias-14.jpg 681w, http:\/\/hoycordobaweb.com\/wp-content\/uploads\/2025\/04\/ni-luz-ni-publico-como-david-broncano-pone-patas-arriba-su-programa-para-salvarlo-en-las-peores-circunstancias-15.jpg 1024w, http:\/\/hoycordobaweb.com\/wp-content\/uploads\/2025\/04\/ni-luz-ni-publico-como-david-broncano-pone-patas-arriba-su-programa-para-salvarlo-en-las-peores-circunstancias-16.jpg 1366w\" src=\"http:\/\/hoycordobaweb.com\/wp-content\/uploads\/2025\/04\/ni-luz-ni-publico-como-david-broncano-pone-patas-arriba-su-programa-para-salvarlo-en-las-peores-circunstancias-3.jpg\" alt=\"Pratt\"> <noscript><img alt=\"Pratt\" class src=\"http:\/\/hoycordobaweb.com\/wp-content\/uploads\/2025\/04\/ni-luz-ni-publico-como-david-broncano-pone-patas-arriba-su-programa-para-salvarlo-en-las-peores-circunstancias-3.jpg\"><\/noscript> <\/div>\n<\/div>\n<p>Ya sucedi\u00f3 <a class=\"text-outboundlink\" href=\"https:\/\/www.espinof.com\/la-1\/revuelta-gilipollez-autoconsciente-hormiguero-no-tiene-nada-que-hacer-festival-inesperado-imbecil-david-broncano\" data-vars-post-title=\"'La Revuelta' es una gilipollez autoconsciente, s\u00ed, pero 'El Hormiguero' no tiene nada que hacer contra el festival de lo inesperado y lo imb\u00e9cil de David Broncano\" data-vars-post-url=\"https:\/\/www.espinof.com\/la-1\/revuelta-gilipollez-autoconsciente-hormiguero-no-tiene-nada-que-hacer-festival-inesperado-imbecil-david-broncano\">con Norman Reedus<\/a>, pero <a class=\"text-outboundlink\" href=\"https:\/\/www.espinof.com\/la-1\/que-revuelta-fue-mejor-entrevista-mundo-para-chris-pratt-publico-general-huyo-para-ver-a-morancos-hormiguero\" data-vars-post-title=\"Por qu\u00e9 Chris Pratt dice que Broncano tiene el mejor 'talk show' del mundo, pero el p\u00fablico general huy\u00f3 a ver 'El hormiguero'\" data-vars-post-url=\"https:\/\/www.espinof.com\/la-1\/que-revuelta-fue-mejor-entrevista-mundo-para-chris-pratt-publico-general-huyo-para-ver-a-morancos-hormiguero\">lo de Chris Pratt<\/a> fue rizar el rizo. La presencia de invitados internacionales ha sido en ambos casos sin\u00f3nimo de caos absoluto, no solo por la ausencia de un traductor (o lo que es lo mismo, Broncano con su ingl\u00e9s precario como \u00fanico int\u00e9rprete), sino por la absoluta arbitrariedad que rein\u00f3 en el plat\u00f3 y que<strong> termin\u00f3 con Pratt encantado de la vida, despu\u00e9s de hacer malabarismos con un bocata de tortilla <\/strong>y dos pimientos y recibir un pomo de puerta como regalo durante su visita.<\/p>\n<p><!-- BREAK 6 --> <\/p>\n<div class=\"article-asset article-asset-normal article-asset-center\">\n<div class=\"desvio-container\">\n<div class=\"desvio\">\n<div class=\"desvio-figure js-desvio-figure\"> <a href=\"https:\/\/www.espinof.com\/listas\/programas-rtve-que-cuestan-dinero-que-revuelta\" class=\"pivot-outboundlink\" data-vars-post-title=\"9 programas de RTVE que cuestan m\u00e1s dinero que 'La revuelta' de Broncano\"> <img loading=\"lazy\" alt=\"9 programas de RTVE que cuestan m\u00e1s dinero que 'La revuelta' de Broncano\" width=\"375\" height=\"142\" src=\"http:\/\/hoycordobaweb.com\/wp-content\/uploads\/2025\/04\/ni-luz-ni-publico-como-david-broncano-pone-patas-arriba-su-programa-para-salvarlo-en-las-peores-circunstancias-4.jpg\"> <\/a> <\/div><\/div><\/div>\n<\/div>\n<p>Los niveles de imprevisibilidad subieron hasta l\u00edmites insospechados, lo que no convenci\u00f3 tanto a la audiencia esa noche (comprensible, teniendo en cuenta que si no sab\u00edas ingl\u00e9s, era dif\u00edcil enterarse de algo):<strong> 13,1% y 1.667.000, frente 17,4% y 2.196.000<\/strong> que marc\u00f3 aquella noche &#8216;El hormiguero&#8217; con Los Morancos, <strong>recogiendo a los espectadores para los que este esp\u00e9ctaculo fue demasiado<\/strong>.<\/p>\n<p><!-- BREAK 7 --><\/p>\n<h2>Mon\u00f3logo a prueba de coronavirus<\/h2>\n<div class=\"article-asset-image article-asset-large article-asset-center\">\n<div class=\"asset-content\"> <img class height=\"790\" width=\"1436\" loading=\"lazy\" decoding=\"async\" sizes=\"100vw\" fetchpriority=\"high\" srcset=\"http:\/\/hoycordobaweb.com\/wp-content\/uploads\/2025\/04\/ni-luz-ni-publico-como-david-broncano-pone-patas-arriba-su-programa-para-salvarlo-en-las-peores-circunstancias-5.jpg 450w, http:\/\/hoycordobaweb.com\/wp-content\/uploads\/2025\/04\/ni-luz-ni-publico-como-david-broncano-pone-patas-arriba-su-programa-para-salvarlo-en-las-peores-circunstancias-17.jpg 681w, http:\/\/hoycordobaweb.com\/wp-content\/uploads\/2025\/04\/ni-luz-ni-publico-como-david-broncano-pone-patas-arriba-su-programa-para-salvarlo-en-las-peores-circunstancias-18.jpg 1024w, http:\/\/hoycordobaweb.com\/wp-content\/uploads\/2025\/04\/ni-luz-ni-publico-como-david-broncano-pone-patas-arriba-su-programa-para-salvarlo-en-las-peores-circunstancias-19.jpg 1366w\" src=\"http:\/\/hoycordobaweb.com\/wp-content\/uploads\/2025\/04\/ni-luz-ni-publico-como-david-broncano-pone-patas-arriba-su-programa-para-salvarlo-en-las-peores-circunstancias-5.jpg\" alt=\"Broncano\"> <noscript><img alt=\"Broncano\" class src=\"http:\/\/hoycordobaweb.com\/wp-content\/uploads\/2025\/04\/ni-luz-ni-publico-como-david-broncano-pone-patas-arriba-su-programa-para-salvarlo-en-las-peores-circunstancias-5.jpg\"><\/noscript> <\/div>\n<\/div>\n<p>No podemos olvidarnos tampoco de las etapas del programa en &#8216;La resistencia&#8217;, en concreto, de aquella vez que hicieron un programa entero sin p\u00fablico en 2020, como \u00abmedida\u00bb para prevenir el Coronavirus. Broncano <strong>actu\u00f3 frente a un auditorio vac\u00edo <\/strong>(bueno, hab\u00eda una se\u00f1ora del equipo insult\u00e1ndole), y al final fueron los propios colaboradores los que se sentaron a su alrededor <a rel=\"noopener, noreferrer\" href=\"https:\/\/x.com\/LaResistencia\/status\/1238049597026643970\">como \u00abArrimadas dando un mitin\u00bb<\/a>.<\/p>\n<p><!-- BREAK 8 --><\/p>\n<h2>El covid haciendo de las suyas<\/h2>\n<div class=\"article-asset-image article-asset-large article-asset-center\">\n<div class=\"asset-content\"> <img class height=\"800\" width=\"1200\" loading=\"lazy\" decoding=\"async\" sizes=\"100vw\" fetchpriority=\"high\" srcset=\"http:\/\/hoycordobaweb.com\/wp-content\/uploads\/2025\/04\/ni-luz-ni-publico-como-david-broncano-pone-patas-arriba-su-programa-para-salvarlo-en-las-peores-circunstancias-6.jpg 450w, http:\/\/hoycordobaweb.com\/wp-content\/uploads\/2025\/04\/ni-luz-ni-publico-como-david-broncano-pone-patas-arriba-su-programa-para-salvarlo-en-las-peores-circunstancias-20.jpg 681w, http:\/\/hoycordobaweb.com\/wp-content\/uploads\/2025\/04\/ni-luz-ni-publico-como-david-broncano-pone-patas-arriba-su-programa-para-salvarlo-en-las-peores-circunstancias-21.jpg 1024w, http:\/\/hoycordobaweb.com\/wp-content\/uploads\/2025\/04\/ni-luz-ni-publico-como-david-broncano-pone-patas-arriba-su-programa-para-salvarlo-en-las-peores-circunstancias-22.jpg 1366w\" src=\"http:\/\/hoycordobaweb.com\/wp-content\/uploads\/2025\/04\/ni-luz-ni-publico-como-david-broncano-pone-patas-arriba-su-programa-para-salvarlo-en-las-peores-circunstancias-6.jpg\" alt=\"Broncano\"> <noscript><img alt=\"Broncano\" class src=\"http:\/\/hoycordobaweb.com\/wp-content\/uploads\/2025\/04\/ni-luz-ni-publico-como-david-broncano-pone-patas-arriba-su-programa-para-salvarlo-en-las-peores-circunstancias-6.jpg\"><\/noscript> <\/div>\n<\/div>\n<p>Otro episodio de &#8216;La resistencia&#8217; en el que el covid fue el principal obst\u00e1culo: cuando<strong> H\u00e9ctor Beller\u00edn y Borja Iglesias <\/strong>(en efecto, el mismo invitado del programa de ayer) iban a acudir pero en el \u00faltimo momento<strong> no pudieron porque dieron positivo en coronavirus<\/strong>. Les toc\u00f3 improvisar y se pusieron a discutir qui\u00e9n podr\u00eda sustituirlos y terminaron llamando en directo a Ana Pastor, tambi\u00e9n al propio Iglesias para hablar con uno de los fans que hab\u00eda venido solo por \u00e9l y pescaron como pudieron a Miguel \u00c1ngel Mu\u00f1oz.<\/p>\n<p><!-- BREAK 9 --><\/p>\n<p>No disponemos de las audiencias de este episodio y el anterior por Movistar no facilita las audiencias de sus programas pero, vista la positiva reacci\u00f3n que ha tenido el p\u00fablico del programa en redes con cada ocurrencia, queda claro que al final no pesa tanto en este escenario la vara de medir tradicional (al fin y al cabo, los aud\u00edmetros solo informan de un porcentaje de la audiencia real del programa). Al fin y al cabo, los n\u00fameros sirven para que cada cadena haga sus balances publicitarios, pero<strong> conseguir borrar de la retina momentos como el de los ciervos es algo que escapa a cualquier \u00edndice de audiencia<\/strong>.<\/p>\n<p><!-- BREAK 10 --> <\/p>\n<p>En Espinof | <a class=\"text-outboundlink\" href=\"https:\/\/www.espinof.com\/informativos\/apagon-afecto-tambien-al-prime-time-que-hicieron-cadenas-tv-su-parrilla-que-va-a-pasar-programas-que-no-se-emitieron\" data-vars-post-title=\"El apag\u00f3n afect\u00f3 tambi\u00e9n al prime time. Qu\u00e9 hicieron las cadenas de TV con su parrilla y qu\u00e9 va a pasar con los programas que no se emitieron\" data-vars-post-url=\"https:\/\/www.espinof.com\/informativos\/apagon-afecto-tambien-al-prime-time-que-hicieron-cadenas-tv-su-parrilla-que-va-a-pasar-programas-que-no-se-emitieron\">El apag\u00f3n afect\u00f3 tambi\u00e9n al prime time. Qu\u00e9 hicieron las cadenas de TV con su parrilla y qu\u00e9 va a pasar con los programas que no se emitieron<\/a><\/p>\n<p><!-- BREAK 11 --><\/p>\n<p>En Espinof | <a class=\"text-outboundlink\" href=\"https:\/\/www.espinof.com\/listas\/mejores-miniseries-netflix\" data-vars-post-title=\"Las 16 mejores miniseries de Netflix\" data-vars-post-url=\"https:\/\/www.espinof.com\/listas\/mejores-miniseries-netflix\">Las mejores miniseries de Netflix<\/a><\/p>\n","protected":false},"excerpt":{"rendered":"<p>Aunque en general &#8216;La revuelta&#8217;, y en su momento &#8216;La resistencia&#8217;, acostumbra a salirse de guion y romper sus propias convenciones, hay ocasiones en las que consigue sorprender incluso m\u00e1s a su p\u00fablico. El programa \u00aben modo avi\u00f3n\u00bb de anoche solo es una de las muchas ocasiones en las que David Broncano hizo de las [&hellip;]<\/p>\n","protected":false},"author":1,"featured_media":103647,"comment_status":"open","ping_status":"closed","sticky":false,"template":"","format":"standard","meta":[],"categories":[10],"tags":[],"_links":{"self":[{"href":"http:\/\/hoycordobaweb.com\/index.php\/wp-json\/wp\/v2\/posts\/103646"}],"collection":[{"href":"http:\/\/hoycordobaweb.com\/index.php\/wp-json\/wp\/v2\/posts"}],"about":[{"href":"http:\/\/hoycordobaweb.com\/index.php\/wp-json\/wp\/v2\/types\/post"}],"author":[{"embeddable":true,"href":"http:\/\/hoycordobaweb.com\/index.php\/wp-json\/wp\/v2\/users\/1"}],"replies":[{"embeddable":true,"href":"http:\/\/hoycordobaweb.com\/index.php\/wp-json\/wp\/v2\/comments?post=103646"}],"version-history":[{"count":0,"href":"http:\/\/hoycordobaweb.com\/index.php\/wp-json\/wp\/v2\/posts\/103646\/revisions"}],"wp:featuredmedia":[{"embeddable":true,"href":"http:\/\/hoycordobaweb.com\/index.php\/wp-json\/wp\/v2\/media\/103647"}],"wp:attachment":[{"href":"http:\/\/hoycordobaweb.com\/index.php\/wp-json\/wp\/v2\/media?parent=103646"}],"wp:term":[{"taxonomy":"category","embeddable":true,"href":"http:\/\/hoycordobaweb.com\/index.php\/wp-json\/wp\/v2\/categories?post=103646"},{"taxonomy":"post_tag","embeddable":true,"href":"http:\/\/hoycordobaweb.com\/index.php\/wp-json\/wp\/v2\/tags?post=103646"}],"curies":[{"name":"wp","href":"https:\/\/api.w.org\/{rel}","templated":true}]}}