{"id":103637,"date":"2025-04-30T08:30:00","date_gmt":"2025-04-30T08:30:00","guid":{"rendered":"http:\/\/hoycordobaweb.com\/index.php\/2025\/04\/30\/martin-rappallini-la-apertura-y-el-peso-del-estado-son-tan-malos-como-tener-un-mercado-cerrado\/"},"modified":"2025-04-30T08:30:00","modified_gmt":"2025-04-30T08:30:00","slug":"martin-rappallini-la-apertura-y-el-peso-del-estado-son-tan-malos-como-tener-un-mercado-cerrado","status":"publish","type":"post","link":"http:\/\/hoycordobaweb.com\/index.php\/2025\/04\/30\/martin-rappallini-la-apertura-y-el-peso-del-estado-son-tan-malos-como-tener-un-mercado-cerrado\/","title":{"rendered":"Mart\u00edn Rappallini: \u201cLa apertura y el peso del Estado son tan malos como tener un mercado cerrado\u201d"},"content":{"rendered":"<div class=\"media_block\"><\/div>\n<p>El temor a un tsunami de importaciones en un contexto de impuestos est\u00e1ticos,<strong> <\/strong>Estados Unidos reconfigurando el mapa global<strong> <\/strong>y costos en d\u00f3lares para producir que superan a los de los pa\u00edses vecinos. Ese es el escenario en el que <strong>Mart\u00edn Rappallini asumi\u00f3 la presidencia de una Uni\u00f3n Industrial Argentina (UIA) fortalecida<\/strong> por las grandes empresas y con la intenci\u00f3n de endurecer la postura frente al Gobierno de <strong><a target=\"_blank\" href=\"https:\/\/www.perfil.com\/noticias\/politica\/encuesta-cayo-la-imagen-de-javier-milei-y-la-inflacion-se-ubico-como-la-principal-preocupacion.phtml\" rel=\"noopener noreferrer\">Javier Milei<\/a>,<\/strong> que dej\u00f3 para lo \u00faltimo un plan productivo.<\/p>\n<p>Rappallini dio su primer discurso en la sede fabril, con emoci\u00f3n notoria y una hinchada de industriales bonaerenses que lo aplaudi\u00f3 varias veces, de forma extendida y fuerte. <strong>El clima era de festejo y de aliento al nuevo l\u00edder<\/strong>, que estuvo m\u00e1s de una hora abrazando y saludando colegas. <strong>Daniel Funes de Rioja,<\/strong> su antecesor, se despidi\u00f3 al t\u00e9rmino de la asamblea y luego de las palabras del flamante titular y saludos afectuosos, sali\u00f3 tranquilo por el hall hacia Avenida de Mayo. <\/p>\n<p>En una entrevista exclusiva con<strong> PERFIL,<\/strong> el flamante titular plante\u00f3 que la apertura indiscriminada de importaciones es tan da\u00f1ina como una econom\u00eda completamente cerrada y pidi\u00f3 <strong>escuchar con atenci\u00f3n a Donald Trump para reivindicar el rol de la industria en la sociedad <\/strong>y c\u00f3mo, al apartarla, perdi\u00f3 riqueza.<\/p>\n<h2>Entrevista de PERFIL a Mart\u00edn Rappallini: \u00abEs tan mala la apertura total con el peso del Estado como tener un mercado completamente cerrado\u00bb<\/h2>\n<p><strong>\u2014Est\u00e1s asumiendo como titular de la UIA en un momento de apertura de importaciones y poco desarrollo de una pol\u00edtica industrial por parte del Gobierno, \u00bfcu\u00e1l va a ser tu desaf\u00edo?<\/strong><\/p>\n<p>\u2014Nosotros estamos de acuerdo con el orden macroecon\u00f3mico, el plan para bajar la inflaci\u00f3n y el gasto p\u00fablico, pero entendemos que el proceso de normalizaci\u00f3n de la econom\u00eda tambi\u00e9n requiere que la industria se pueda adaptar a este nuevo escenario. Entonces, lo que planteamos es que, <strong>a medida que se mejore una condici\u00f3n de importaci\u00f3n, haya una mejora o se igualen las condiciones para el local<\/strong>. Creemos que tenemos que trabajar en <strong>construir competitividad<\/strong>, porque es la \u00fanica manera que vamos a lograr un sector industrial sustentable en el tiempo. Estamos en di\u00e1logo con el Gobierno para ver c\u00f3mo lo impulsamos. <\/p>\n<p><strong>\u2014\u00bfVos ves que haya intenci\u00f3n de una baja de impuestos, mientras la apertura comercial sigue aceler\u00e1ndose?<\/strong><\/p>\n<p>\u2014Yo creo que es importante <strong>darle igualdad de condiciones a los que producen <\/strong>con sus competidores, porque es lo que est\u00e1 pasando a nivel global. Si vos le mejor\u00e1s las condiciones a los productores de otros pa\u00edses, nuestra industria va a sufrir y nosotros lo que queremos es que, de la misma manera que el Gobierno est\u00e1 mejorando distintas \u00e1reas<strong>, nosotros tambi\u00e9n podamos mejorar<\/strong>, pero con los tiempos acompa\u00f1\u00e1ndose. <\/p>\n<p><strong>\u2014\u00bfSe puede mejorar la competitividad con este tipo de cambio? \u00bfEs un d\u00f3lar que sirva para exportar?<\/strong><\/p>\n<p>\u2014<strong>Las devaluaciones no solucionan nada, porque a los dos meses los precios vuelven a ser los mismos<\/strong>. Lo \u00fanico que ganamos es m\u00e1s pobreza, m\u00e1s ca\u00edda. Hay que darle urgencia a las reformas. Hay cadenas de valor muy cargadas de distorsiones que no solamente hay que pensarlas a nivel nacional, sino tambi\u00e9n rever impuestos locales. Hay que <strong>poner sobre la mesa la presi\u00f3n fiscal<\/strong> del sector industrial y, ni hablar, de la adecuaci\u00f3n laboral.<\/p>\n<p class=\"destacadoNota\"><a target=\"_blank\" href=\"https:\/\/www.perfil.com\/noticias\/economia\/aliado-a-paolo-rocca-y-con-lista-de-unidad-martin-rappallini-asume-en-la-uia-y-promete-renovar-el-perfil-industrial.phtml\" rel=\"noopener noreferrer\">Aliado a Paolo Rocca y con lista de unidad, Mart\u00edn Rappallini asume en la UIA y promete renovar el perfil industrial<\/a><\/p>\n<p><strong>\u2014\u00bfPreocupa a\u00fan la suba de los costos en d\u00f3lares?<\/strong><\/p>\n<p>\u2014Ese es un problema que tuvimos durante el \u00faltimo a\u00f1o con un d\u00f3lar estable e inflaci\u00f3n alta en pesos. Entonces, hay que trabajar fuerte para que esos costos no nos dejen afuera de la competencia. En el mundo es la agenda: no estamos inventando nada. Brasil est\u00e1 con el mismo problema, Paraguay tambi\u00e9n. <strong>Hay pa\u00edses que est\u00e1n subsidiando la exportaci\u00f3n, ayudando a sus empresas para que puedan penetrar en otros mercados y no es un <em>fair play<\/em>, porque estamos viendo que lo denuncian Estados Unidos, Europa<\/strong>. La industria est\u00e1 tomando un rol distinto y le queremos dar valor, eso es lo importante y esperemos que Argentina tome conciencia de eso. Hay que darle urgencia a las reformas para bajar el costo argentino.<\/p>\n<p><strong>\u2014\u00bfQu\u00e9 reformas crees que son prioritarias o urgentes?<\/strong><\/p>\n<p>\u2014Sobre todo,<strong> la impositiva<\/strong>. Tenemos cadenas de valor muy cargadas de distorsiones no solamente a nivel nacional, sino tambi\u00e9n a nivel local, de las municipalidades y las provincias.<strong> Hay que poner sobre la mesa toda la presi\u00f3n fiscal y ni hablar de la adecuaci\u00f3n laboral, la inversi\u00f3n en infraestructura, el financiamiento.<\/strong> Tenemos que bajar la tasa de inter\u00e9s, porque nosotros estamos en una deflaci\u00f3n importante de precios. La industria est\u00e1 por debajo de la inflaci\u00f3n general: si est\u00e1 al 3%, nosotros estamos en 1,2%. Los precios de nuestros productos no crecen y queremos trabajar en los costos para ir adecu\u00e1ndose a la competencia global y necesitamos acompa\u00f1amiento en el financiamiento. <\/p>\n<p><strong>\u2014Hablaste en tu discurso de una nueva normativa que equilibre la condiciones de la industria, \u00bfvan a insistir con la ley Pyme (mini RIGI) o van a proponer un proyecto nuevo?<\/strong><\/p>\n<p>\u2014No, <strong>yo creo que el mini RIGI tiene aspectos muy puntuales, como la amortizaci\u00f3n de inversiones y el capitulo laboral, que son muy importantes. <\/strong>Son rebajas incrementales y no tienen impacto fiscal, pero hay que mirar al futuro. Tienen que haber rebajas que est\u00e9n relacionadas con el costo del sector transable. El esfuerzo del Gobierno tiene que ser para el sector que quieren que compita con el mundo. Sino qued\u00e1s fuera del juego.<\/p>\n<p class=\"destacadoNota\"><a target=\"_blank\" href=\"https:\/\/www.perfil.com\/noticias\/economia\/el-consumo-no-repunta-el-preocupante-dato-sobre-las-ventas-en-supermercados-y-mayoristas-en-la-era-milei.phtml\" rel=\"noopener noreferrer\">El consumo no repunta: el preocupante dato sobre las ventas en supermercados y mayoristas en la era Milei<\/a><\/p>\n<p><strong>\u2014Bueno, pero para el Gobierno las empresas que no se reconviertan van a quedar fuera del juego\u2026<\/strong><\/p>\n<p>\u2014El punto ahi es, \u00bfla empresa es ineficiente? Bueno, entonces ah\u00ed deber\u00edamos ayudarla para que sea eficiente. El problema es cuando las empresas tengan que cerrar, no por el problema de ser eficientes o competentes, sino por<strong> el problema del peso del Estado. Por eso hay zonas francas en Uruguay, por ejemplo, porque se est\u00e1n dando cuenta que el que produce tiene que tener condiciones para el mercado con el cual compite. <\/strong><\/p>\n<div>\n<figure class=\"image\"><picture><source media=\"(max-width: 440px)\" srcset=\"https:\/\/fotos.perfil.com\/\/2025\/04\/30\/440\/0\/nuevas-autoridades-uia-2013678.jpeg?webp\"><source media=\"(max-width: 1019px)\" srcset=\"https:\/\/fotos.perfil.com\/\/2025\/04\/30\/712\/0\/nuevas-autoridades-uia-2013678.jpeg?webp\"><img alt=\" Nuevas autoridades UIA\" src=\"http:\/\/hoycordobaweb.com\/wp-content\/uploads\/2025\/04\/martin-rappallini-la-apertura-y-el-peso-del-estado-son-tan-malos-como-tener-un-mercado-cerrado.jpg\" loading=\"lazy\"><\/picture><figcaption> Nuevas autoridades de la UIA<\/figcaption><\/figure>\n<\/div>\n<p><strong>\u2014\u00bfHay alg\u00fan sector industrial que tenga dificultades para adaptarse?<\/strong><\/p>\n<p>\u2014<strong>Hay. La realidad econ\u00f3mica del sector industrial es heterog\u00e9nea<\/strong>, donde ten\u00e9s a, por ejemplo, la venta de los autom\u00f3viles, que est\u00e1n repuntando muy fuerte. El consumo masivo, en ca\u00edda, o el textil que est\u00e1 m\u00e1s golpeado. Hay que ir siguiendo el d\u00eda a d\u00eda de cada uno.<\/p>\n<p><strong>\u2014\u00bfCu\u00e1nto se puede dificultar el contexto con la pol\u00edtica de aranceles que aplic\u00f3 Estados Unidos?<\/strong><\/p>\n<p>\u2014Es algo que resalt\u00e9 en mi discurso. Donald Trump dijo que el objetivo fundamental es que EE.UU. sea el pa\u00eds m\u00e1s barato para producir. Va a tener una mirada diferencial para todo lo que es el sistema productivo, porque lo que le pas\u00f3 al pa\u00eds es que muchas veces, como tercerizan, se perdi\u00f3 mucha productividad en el medio.<strong> Cuando la l\u00f3gica es dise\u00f1ar y vender, con el tiempo te das cuenta que perd\u00e9s toda la ganancia productiva, perd\u00e9s gente capacitada y perd\u00e9s, al final, el negocio.<\/strong><\/p>\n<p>En cambio, en una cadena productiva vas a prueba y error y vas mejorando los productos, ya ten\u00e9s el dise\u00f1o, desarrollar m\u00e1rgenes comerciales. <strong>La desindustrializaci\u00f3n le caus\u00f3 p\u00e9rdidas. Es una forma de reivindicar ese valor. <\/strong>El concepto es que la riqueza regresa, porque vos pod\u00e9s cotizar en Bolsa, pero ten\u00e9s que reflejar esa realidad. \u00bfCu\u00e1nto m\u00e1s puede durar una empresa que cotiza en Bolsa, que la que produce a menor costo y mayor calidad?<\/p>\n<p><strong>\u2014\u00bfEntonces plante\u00e1s que este Gobierno alineado con Estados Unidos deber\u00eda adoptar esas formas?<\/strong><\/p>\n<p>\u2014No, yo creo que la industria a nivel global tiene una dimensi\u00f3n, se le ha dado un valor fundamental en el rol que tiene como sociedad y c\u00f3mo forma parte de la riqueza de un pa\u00eds. Tu empresa puede cotizar miles de millones de d\u00f3lares, pero si no sos competitivo, no serv\u00eds. Tambi\u00e9n pasa cuando la econom\u00eda est\u00e1 cerrada y las compa\u00f1\u00edas se van apagando de a poquito, no crecen ni generan empleo.<strong> Bueno, la integraci\u00f3n es el desaf\u00edo ah\u00ed, porque es tan mala la apertura total con el peso del Estado como tener un mercado completamente cerrado. <\/strong>Tenemos que hacer un camino inteligente, un nuevo contrato de desarrollo productivo.<\/p>\n<p class=\"destacadoNota\"><a target=\"_blank\" href=\"https:\/\/www.perfil.com\/noticias\/cordoba\/arcor-activo-opcion-de-comprar-para-quedarse-con-el-100-de-la-serenisima-mastellone-resiste.phtml\" rel=\"noopener noreferrer\">Arcor activ\u00f3 opci\u00f3n de compra para quedarse con el 100% de La Seren\u00edsima: Mastellone resiste<\/a><\/p>\n<p><strong>\u2014En la nueva conformaci\u00f3n de la UIA hay presencia fuerte de varias empresas, como Arcor, Ledesma y Techint. \u00bfLo sent\u00eds como un respaldo?<\/strong><\/p>\n<p>\u2014Hoy lo dijo Daniel (Funes de Rioja): <strong>a veces quiz\u00e1s elige la entidad de base<\/strong>. Hay quienes tienen una representaci\u00f3n porque ya ten\u00edan los lugares y otras veces se va viendo, depende de c\u00f3mo se estructura el Comit\u00e9 Ejecutivo. Pero adem\u00e1s de las grandes, hay que tener en cuenta que<strong> el 70% de la industria son pymes<\/strong>. <\/p>\n<p><strong>\u2014El a\u00f1o pasado hubo roces, porque las que m\u00e1s sufrieron el ajuste fueron las pymes y a las grandes les lleg\u00f3 m\u00e1s adelante, \u00bfc\u00f3mo vas a hacer esa integraci\u00f3n?<\/strong><\/p>\n<p>\u2014Vamos a trabajar por todos, ya est\u00e1mos haci\u00e9ndolo con los distintos sectores. Ya tenemos propuestas para bajar el costo, sobre todo, a las<strong> pymes industriales y a las que tienen m\u00e1s impacto y m\u00e1s sensibles son<\/strong>. Por ahora no quiero adelantar, pero en los pr\u00f3ximos meses ya le vamos a estar haciendo presentaciones al Gobierno. <\/p>\n<p><strong>\u2014\u00bfEn qu\u00e9 crees que se va a diferenciar tu gesti\u00f3n a la anterior?<\/strong><\/p>\n<p>\u2014Es incomparable porque son dos etapas distintas que nos tocan, con dos gobiernos distintos. Enconces la realidad cambia y la gesti\u00f3n cambia. <strong>A veces crecer es cambiar de problemas<\/strong>, entonces hay que afrontarlos de otra manera. <\/p>\n<p><em>AM\/ML<\/em><\/p>\n","protected":false},"excerpt":{"rendered":"<p>El temor a un tsunami de importaciones en un contexto de impuestos est\u00e1ticos, Estados Unidos reconfigurando el mapa global y costos en d\u00f3lares para producir que superan a los de los pa\u00edses vecinos. Ese es el escenario en el que Mart\u00edn Rappallini asumi\u00f3 la presidencia de una Uni\u00f3n Industrial Argentina (UIA) fortalecida por las grandes [&hellip;]<\/p>\n","protected":false},"author":1,"featured_media":103638,"comment_status":"closed","ping_status":"closed","sticky":false,"template":"","format":"standard","meta":[],"categories":[19],"tags":[1252,791,80,1251,1235],"_links":{"self":[{"href":"http:\/\/hoycordobaweb.com\/index.php\/wp-json\/wp\/v2\/posts\/103637"}],"collection":[{"href":"http:\/\/hoycordobaweb.com\/index.php\/wp-json\/wp\/v2\/posts"}],"about":[{"href":"http:\/\/hoycordobaweb.com\/index.php\/wp-json\/wp\/v2\/types\/post"}],"author":[{"embeddable":true,"href":"http:\/\/hoycordobaweb.com\/index.php\/wp-json\/wp\/v2\/users\/1"}],"replies":[{"embeddable":true,"href":"http:\/\/hoycordobaweb.com\/index.php\/wp-json\/wp\/v2\/comments?post=103637"}],"version-history":[{"count":0,"href":"http:\/\/hoycordobaweb.com\/index.php\/wp-json\/wp\/v2\/posts\/103637\/revisions"}],"wp:featuredmedia":[{"embeddable":true,"href":"http:\/\/hoycordobaweb.com\/index.php\/wp-json\/wp\/v2\/media\/103638"}],"wp:attachment":[{"href":"http:\/\/hoycordobaweb.com\/index.php\/wp-json\/wp\/v2\/media?parent=103637"}],"wp:term":[{"taxonomy":"category","embeddable":true,"href":"http:\/\/hoycordobaweb.com\/index.php\/wp-json\/wp\/v2\/categories?post=103637"},{"taxonomy":"post_tag","embeddable":true,"href":"http:\/\/hoycordobaweb.com\/index.php\/wp-json\/wp\/v2\/tags?post=103637"}],"curies":[{"name":"wp","href":"https:\/\/api.w.org\/{rel}","templated":true}]}}