{"id":103606,"date":"2025-04-29T15:27:58","date_gmt":"2025-04-29T15:27:58","guid":{"rendered":"https:\/\/ladecimaweb.com\/?p=31788"},"modified":"2025-04-29T15:27:58","modified_gmt":"2025-04-29T15:27:58","slug":"pidio-el-celular-le-apuntaba-a-mis-hijos-decia-que-tenia-una-sola-bala-y-me-la-iba-a-dar","status":"publish","type":"post","link":"http:\/\/hoycordobaweb.com\/index.php\/2025\/04\/29\/pidio-el-celular-le-apuntaba-a-mis-hijos-decia-que-tenia-una-sola-bala-y-me-la-iba-a-dar\/","title":{"rendered":"\u201cPidi\u00f3 el celular, le apuntaba a mis hijos, dec\u00eda que ten\u00eda una sola bala y me la iba a dar\u201d"},"content":{"rendered":"<div class=\"boldgrid-section\">\n<div class=\"container\">\n<div class=\"row\">\n<div class=\"col-md-12 col-xs-12 col-sm-12\">\n<p class=\"\"><span>Una joven madre de Villa El Libertador vivi\u00f3 ayer una ma\u00f1ana de terror. A\u00fan le dura el shock padecido junto a sus dos hijos menores&nbsp; en el contacto que mantuvo hoy con este peri\u00f3dico.&nbsp;&nbsp;<\/span><\/p>\n<p class=\"\">A las ocho de la ma\u00f1ana, L.M (escribimos su nombre en siglas para resguardar su integridad) se dirig\u00eda por calle Sobremonte junto sus ni\u00f1os de 3 y 9 a\u00f1os hacia el colegio San Jos\u00e9 Obrero.&nbsp;<\/p>\n<p class=\"\">A los pocos metros, advirti\u00f3 que un sujeto a bordo de una moto los observaba y empezaba a seguirlos en el cruce con Mercedes. En un momento se distrajo y hasta se cay\u00f3. Se repuso y sigui\u00f3 sigui\u00e9ndolos.&nbsp; &nbsp;&nbsp;<\/p>\n<p class=\"\">En un momento, siente el crujir de la moto en la nuca y el sujeto acerc\u00e1ndose al cord\u00f3n a la altura de la intersecci\u00f3n con Provincias Unidas.&nbsp;<\/p>\n<p class=\"\"><strong>&#8220;Me empez\u00f3 a pedir el celular, le apuntaba a mis hijos con el arma y dec\u00eda todo el tiempo que ten\u00eda una sola bala y que me la iba a dar&#8221;,&nbsp; relata L.M a La D\u00e9cima la amenaza del motochorro. Actuando sin casco, con total impunidad.&nbsp;&nbsp;<\/strong><\/p>\n<p class=\"\">Fue un minuto de terror, donde el sujeto desisti\u00f3 de su tentativa de robo calificado al advertir un patrullero.&nbsp;<\/p>\n<p class=\"\">&#8220;Los llam\u00e9 y les cont\u00e9 todo, luego&nbsp; me enter\u00e9 que hab\u00eda sido detenido&#8221;, describe la v\u00edctima del hecho de inseguridad.&nbsp;<\/p>\n<p class=\"\"><strong><a href=\"https:\/\/ladecimaweb.com\/usuaria-de-villa-el-libertador-denuncia-su-hartazgo-por-caminar-hasta-cabildo-para-tomar-el-bondi\/\">Precisamente, la Polic\u00eda de Cba inform\u00f3 m\u00e1s tarde<\/a><\/strong> de la detenci\u00f3n de un sujeto de 33 a\u00f1os<span>&nbsp;junto al secuestro de una motocicleta marca&nbsp;<\/span>Zanella 110 cc<span>. en la que se conduc\u00eda y&nbsp;<\/span>un arma de fuego calibre 22 tras una persecuci\u00f3n y posterior aprehensi\u00f3n en R\u00edo Negro y Provincias Unidas. Previamente, habr\u00eda chocado a una Renault Duster.&nbsp;&nbsp;<\/p>\n<p class=\"\">&#8220;Fuimos a ver y constatamos que era \u00e9l&#8221;, dice ahora L.M, quien como es obvio, junto a sus ni\u00f1os quedaron con un sentimiento de temor profundo.&nbsp;<\/p>\n<p class=\"\">Dice que las precauciones a adoptar ahora son cambiar el recorrido o tomar un remis, cuando se pueda.&nbsp;<\/p>\n<p class=\"\">&nbsp;<\/p>\n<div class=\"ubm_banner\"><a href=\"https:\/\/youtu.be\/h2J_ZdbxYVc\" target=\"_blank\" rel=\"dofollow noopener noreferrer\"><img src=\"http:\/\/hoycordobaweb.com\/wp-content\/uploads\/2025\/04\/pidio-el-celular-le-apuntaba-a-mis-hijos-decia-que-tenia-una-sola-bala-y-me-la-iba-a-dar.gif\" alt=\"\"><\/a><\/div>\n<p>&nbsp;<\/p>\n<\/div>\n<\/div>\n<\/div>\n<\/div>\n<p>La entrada <a rel=\"nofollow\" href=\"https:\/\/ladecimaweb.com\/pidio-el-celular-le-apuntaba-a-mis-hijos-decia-que-tenia-una-sola-bala-y-me-la-iba-a-dar\/\">&#8220;Pidi\u00f3 el celular, le apuntaba a mis hijos, dec\u00eda que ten\u00eda una sola bala y me la iba a dar&#8221;<\/a> se public\u00f3 primero en <a rel=\"nofollow\" href=\"https:\/\/ladecimaweb.com\">LaDecima<\/a>.<\/p>\n","protected":false},"excerpt":{"rendered":"<p>Una joven madre de Villa El Libertador vivi\u00f3 ayer una ma\u00f1ana de terror. A\u00fan le dura el shock padecido junto a sus dos hijos menores&nbsp; en el contacto que mantuvo hoy con este peri\u00f3dico.&nbsp;&nbsp; A las ocho de la ma\u00f1ana, L.M (escribimos su nombre en siglas para resguardar su integridad) se dirig\u00eda por calle Sobremonte [&hellip;]<\/p>\n","protected":false},"author":1,"featured_media":0,"comment_status":"closed","ping_status":"closed","sticky":false,"template":"","format":"standard","meta":[],"categories":[32],"tags":[],"_links":{"self":[{"href":"http:\/\/hoycordobaweb.com\/index.php\/wp-json\/wp\/v2\/posts\/103606"}],"collection":[{"href":"http:\/\/hoycordobaweb.com\/index.php\/wp-json\/wp\/v2\/posts"}],"about":[{"href":"http:\/\/hoycordobaweb.com\/index.php\/wp-json\/wp\/v2\/types\/post"}],"author":[{"embeddable":true,"href":"http:\/\/hoycordobaweb.com\/index.php\/wp-json\/wp\/v2\/users\/1"}],"replies":[{"embeddable":true,"href":"http:\/\/hoycordobaweb.com\/index.php\/wp-json\/wp\/v2\/comments?post=103606"}],"version-history":[{"count":0,"href":"http:\/\/hoycordobaweb.com\/index.php\/wp-json\/wp\/v2\/posts\/103606\/revisions"}],"wp:attachment":[{"href":"http:\/\/hoycordobaweb.com\/index.php\/wp-json\/wp\/v2\/media?parent=103606"}],"wp:term":[{"taxonomy":"category","embeddable":true,"href":"http:\/\/hoycordobaweb.com\/index.php\/wp-json\/wp\/v2\/categories?post=103606"},{"taxonomy":"post_tag","embeddable":true,"href":"http:\/\/hoycordobaweb.com\/index.php\/wp-json\/wp\/v2\/tags?post=103606"}],"curies":[{"name":"wp","href":"https:\/\/api.w.org\/{rel}","templated":true}]}}