{"id":103539,"date":"2025-04-29T14:40:52","date_gmt":"2025-04-29T14:40:52","guid":{"rendered":"https:\/\/enfermeria.fcm.unc.edu.ar\/?p=5448"},"modified":"2025-04-29T14:40:52","modified_gmt":"2025-04-29T14:40:52","slug":"la-escuela-de-enfermeria-conmemoro-sus-69a-aniversario-el-23-de-abril-del-2025","status":"publish","type":"post","link":"http:\/\/hoycordobaweb.com\/index.php\/2025\/04\/29\/la-escuela-de-enfermeria-conmemoro-sus-69a-aniversario-el-23-de-abril-del-2025\/","title":{"rendered":"La Escuela de Enfermer\u00eda conmemor\u00f3 sus 69\u00aa Aniversario el 23 de Abril del 2025"},"content":{"rendered":"<p><strong>Con profunda gratitud y genuino orgullo, la comunidad de la Escuela de Enfermer\u00eda de la Facultad de Ciencias M\u00e9dicas de la Universidad Nacional de C\u00f3rdoba conmemor\u00f3 con alegr\u00eda su 69\u00b0 aniversario el pasado 23 de abril.<\/strong><\/p>\n<p data-sourcepos=\"5:1-5:481\">En esta significativa fecha, extendemos nuestro m\u00e1s sincero agradecimiento a cada persona que ha tejido su historia con la nuestra a lo largo de estas casi siete d\u00e9cadas. A nuestros estudiantes, cuya dedicaci\u00f3n y vocaci\u00f3n son el motor que impulsa nuestra labor e ilumina nuestro camino. A nuestros graduados, profesionales ejemplares que portan con excelencia el sello distintivo de nuestra Escuela y cuyo compromiso invaluable enriquece el cuidado de la salud de nuestra sociedad.<\/p>\n<p data-sourcepos=\"7:1-7:327\">Un reconocimiento especial merecen nuestros docentes y nodocentes, pilares fundamentales que, con su pasi\u00f3n, conocimiento y esfuerzo cotidiano, hacen posible la formaci\u00f3n de enfermeros y enfermeras de excelencia. Su compromiso inquebrantable con la ense\u00f1anza y el acompa\u00f1amiento de nuestros estudiantes es un legado invaluable.<\/p>\n<p data-sourcepos=\"9:1-9:363\">Agradecemos profundamente el apoyo constante de las autoridades de la Facultad de Ciencias M\u00e9dicas y de la Universidad Nacional de C\u00f3rdoba, as\u00ed como la colaboraci\u00f3n esencial de las instituciones y organizaciones de salud a nivel municipal, provincial y nacional. Su respaldo nos permite crecer, innovar y adaptarnos a los desaf\u00edos din\u00e1micos del campo de la salud.<\/p>\n<p data-sourcepos=\"11:1-11:285\">Al celebrar estos 69 a\u00f1os, un hito que nos llena de profunda satisfacci\u00f3n, reafirmamos nuestro compromiso de seguir trabajando con renovada energ\u00eda en la formaci\u00f3n de profesionales de la enfermer\u00eda que impacten positivamente la vida de las personas y el bienestar de nuestra comunidad.<\/p>\n<p data-sourcepos=\"13:1-13:178\"><strong>\u00a1Gracias a cada uno por ser parte esencial de estos 69 a\u00f1os de historia y por construir juntos un futuro prometedor para la enfermer\u00eda en nuestra provincia y en todo el pa\u00eds!<\/strong><\/p>\n<p data-sourcepos=\"15:1-15:16\"><strong>Atentamente,<\/strong><\/p>\n<p><strong>La Comunidad de la Escuela de Enfermer\u00eda-FCM-UNC<\/strong><\/p>\n<p><img loading=\"lazy\" fetchpriority=\"high\" decoding=\"async\" class=\"alignnone wp-image-3068\" src=\"https:\/\/enfermeria.fcm.unc.edu.ar\/wp-content\/uploads\/sites\/15\/2021\/04\/65-EE-FCM-UNC.jpeg\" alt width=\"625\" height=\"392\" srcset=\"https:\/\/enfermeria.fcm.unc.edu.ar\/wp-content\/uploads\/sites\/15\/2021\/04\/65-EE-FCM-UNC-200x125.jpeg 200w, https:\/\/enfermeria.fcm.unc.edu.ar\/wp-content\/uploads\/sites\/15\/2021\/04\/65-EE-FCM-UNC-300x188.jpeg 300w, https:\/\/enfermeria.fcm.unc.edu.ar\/wp-content\/uploads\/sites\/15\/2021\/04\/65-EE-FCM-UNC-320x202.jpeg 320w, https:\/\/enfermeria.fcm.unc.edu.ar\/wp-content\/uploads\/sites\/15\/2021\/04\/65-EE-FCM-UNC-400x251.jpeg 400w, https:\/\/enfermeria.fcm.unc.edu.ar\/wp-content\/uploads\/sites\/15\/2021\/04\/65-EE-FCM-UNC.jpeg 538w\" sizes=\"(max-width: 625px) 100vw, 625px\"><\/p>\n","protected":false},"excerpt":{"rendered":"<p>Con profunda gratitud y genuino orgullo, la comunidad de la Escuela de Enfermer\u00eda de la Facultad de Ciencias M\u00e9dicas de la Universidad Nacional de C\u00f3rdoba conmemor\u00f3 con alegr\u00eda su 69\u00b0 aniversario el pasado 23 de abril. En esta significativa fecha, extendemos nuestro m\u00e1s sincero agradecimiento a cada persona que ha tejido su historia con la [&hellip;]<\/p>\n","protected":false},"author":1,"featured_media":103540,"comment_status":"closed","ping_status":"closed","sticky":false,"template":"","format":"standard","meta":[],"categories":[17],"tags":[],"_links":{"self":[{"href":"http:\/\/hoycordobaweb.com\/index.php\/wp-json\/wp\/v2\/posts\/103539"}],"collection":[{"href":"http:\/\/hoycordobaweb.com\/index.php\/wp-json\/wp\/v2\/posts"}],"about":[{"href":"http:\/\/hoycordobaweb.com\/index.php\/wp-json\/wp\/v2\/types\/post"}],"author":[{"embeddable":true,"href":"http:\/\/hoycordobaweb.com\/index.php\/wp-json\/wp\/v2\/users\/1"}],"replies":[{"embeddable":true,"href":"http:\/\/hoycordobaweb.com\/index.php\/wp-json\/wp\/v2\/comments?post=103539"}],"version-history":[{"count":0,"href":"http:\/\/hoycordobaweb.com\/index.php\/wp-json\/wp\/v2\/posts\/103539\/revisions"}],"wp:featuredmedia":[{"embeddable":true,"href":"http:\/\/hoycordobaweb.com\/index.php\/wp-json\/wp\/v2\/media\/103540"}],"wp:attachment":[{"href":"http:\/\/hoycordobaweb.com\/index.php\/wp-json\/wp\/v2\/media?parent=103539"}],"wp:term":[{"taxonomy":"category","embeddable":true,"href":"http:\/\/hoycordobaweb.com\/index.php\/wp-json\/wp\/v2\/categories?post=103539"},{"taxonomy":"post_tag","embeddable":true,"href":"http:\/\/hoycordobaweb.com\/index.php\/wp-json\/wp\/v2\/tags?post=103539"}],"curies":[{"name":"wp","href":"https:\/\/api.w.org\/{rel}","templated":true}]}}