{"id":103509,"date":"2025-04-28T13:10:14","date_gmt":"2025-04-28T13:10:14","guid":{"rendered":"https:\/\/ladecimaweb.com\/?p=31764"},"modified":"2025-04-28T13:10:14","modified_gmt":"2025-04-28T13:10:14","slug":"recuperan-en-barrio-suarez-una-camioneta-robada-en-residencial-velez-sarsfield","status":"publish","type":"post","link":"http:\/\/hoycordobaweb.com\/index.php\/2025\/04\/28\/recuperan-en-barrio-suarez-una-camioneta-robada-en-residencial-velez-sarsfield\/","title":{"rendered":"Recuperan en barrio Su\u00e1rez una camioneta robada en Residencial V\u00e9lez Sarsfield"},"content":{"rendered":"<div class=\"boldgrid-section\">\n<div class=\"container\">\n<div class=\"row\">\n<div class=\"col-md-12 col-xs-12 col-sm-12\">\n<p class=\"\">En calles Dr. Ernesto Romagosa y La Ni\u00f1a de <strong>B\u00b0 Su\u00e1rez,<\/strong> <strong>se secuestr\u00f3 una camioneta Fiat Toro robada<\/strong> momentos antes en el sector de calle Dr. L\u00e1zaro Langer 900 de B\u00b0 Residencial V\u00e9lez Sarsfield.<\/p>\n<p class=\"\"><img loading=\"lazy\" class=\"alignnone wp-image-31765\" src=\"http:\/\/hoycordobaweb.com\/wp-content\/uploads\/2025\/04\/recuperan-en-barrio-suarez-una-camioneta-robada-en-residencial-velez-sarsfield.jpg\" alt=\"\" width=\"336\" height=\"189\" srcset=\"http:\/\/hoycordobaweb.com\/wp-content\/uploads\/2025\/04\/recuperan-en-barrio-suarez-una-camioneta-robada-en-residencial-velez-sarsfield.jpg 1599w, http:\/\/hoycordobaweb.com\/wp-content\/uploads\/2025\/04\/recuperan-en-barrio-suarez-una-camioneta-robada-en-residencial-velez-sarsfield-1.jpg 790w, http:\/\/hoycordobaweb.com\/wp-content\/uploads\/2025\/04\/recuperan-en-barrio-suarez-una-camioneta-robada-en-residencial-velez-sarsfield-2.jpg 768w, http:\/\/hoycordobaweb.com\/wp-content\/uploads\/2025\/04\/recuperan-en-barrio-suarez-una-camioneta-robada-en-residencial-velez-sarsfield-3.jpg 1536w\" sizes=\"(max-width: 336px) 100vw, 336px\" \/><\/p>\n<p class=\"\">En el interior del rodado se recuperaron <strong>dos tel\u00e9fonos celulares, dos chapas patentes de otro veh\u00edculo, un bate de madera y varios elementos<\/strong> relacionados a hechos delictivos.<\/p>\n<p class=\"\">Posteriormente, lo incautado fue trasladado a disposici\u00f3n de la Justicia.&nbsp;<\/p>\n<p class=\"\">&nbsp;<\/p>\n<div class=\"ubm_banner\"><a href=\"https:\/\/youtu.be\/h2J_ZdbxYVc\" target=\"_blank\" rel=\"dofollow noopener noreferrer\"><img src=\"http:\/\/hoycordobaweb.com\/wp-content\/uploads\/2025\/04\/recuperan-en-barrio-suarez-una-camioneta-robada-en-residencial-velez-sarsfield.gif\" alt=\"\"><\/a><\/div>\n<\/div>\n<\/div>\n<\/div>\n<\/div>\n<p>La entrada <a rel=\"nofollow\" href=\"https:\/\/ladecimaweb.com\/recuperan-en-barrio-suarez-una-camioneta-robada-en-residencial-velez-sarsfield\/\">Recuperan en barrio Su\u00e1rez una camioneta robada en Residencial V\u00e9lez Sarsfield<\/a> se public\u00f3 primero en <a rel=\"nofollow\" href=\"https:\/\/ladecimaweb.com\">LaDecima<\/a>.<\/p>\n","protected":false},"excerpt":{"rendered":"<p>En calles Dr. Ernesto Romagosa y La Ni\u00f1a de B\u00b0 Su\u00e1rez, se secuestr\u00f3 una camioneta Fiat Toro robada momentos antes en el sector de calle Dr. L\u00e1zaro Langer 900 de B\u00b0 Residencial V\u00e9lez Sarsfield. En el interior del rodado se recuperaron dos tel\u00e9fonos celulares, dos chapas patentes de otro veh\u00edculo, un bate de madera y [&hellip;]<\/p>\n","protected":false},"author":1,"featured_media":0,"comment_status":"closed","ping_status":"closed","sticky":false,"template":"","format":"standard","meta":[],"categories":[32],"tags":[],"_links":{"self":[{"href":"http:\/\/hoycordobaweb.com\/index.php\/wp-json\/wp\/v2\/posts\/103509"}],"collection":[{"href":"http:\/\/hoycordobaweb.com\/index.php\/wp-json\/wp\/v2\/posts"}],"about":[{"href":"http:\/\/hoycordobaweb.com\/index.php\/wp-json\/wp\/v2\/types\/post"}],"author":[{"embeddable":true,"href":"http:\/\/hoycordobaweb.com\/index.php\/wp-json\/wp\/v2\/users\/1"}],"replies":[{"embeddable":true,"href":"http:\/\/hoycordobaweb.com\/index.php\/wp-json\/wp\/v2\/comments?post=103509"}],"version-history":[{"count":0,"href":"http:\/\/hoycordobaweb.com\/index.php\/wp-json\/wp\/v2\/posts\/103509\/revisions"}],"wp:attachment":[{"href":"http:\/\/hoycordobaweb.com\/index.php\/wp-json\/wp\/v2\/media?parent=103509"}],"wp:term":[{"taxonomy":"category","embeddable":true,"href":"http:\/\/hoycordobaweb.com\/index.php\/wp-json\/wp\/v2\/categories?post=103509"},{"taxonomy":"post_tag","embeddable":true,"href":"http:\/\/hoycordobaweb.com\/index.php\/wp-json\/wp\/v2\/tags?post=103509"}],"curies":[{"name":"wp","href":"https:\/\/api.w.org\/{rel}","templated":true}]}}