{"id":103414,"date":"2025-04-27T17:48:23","date_gmt":"2025-04-27T17:48:23","guid":{"rendered":"https:\/\/www.ole.com.ar\/futbol-primera\/mejores-videos-superclasico-river-boca-torneo-apertura-liga-profesional-goles-resumen_0_kWgDXI5fOC.html"},"modified":"2025-04-27T17:48:23","modified_gmt":"2025-04-27T17:48:23","slug":"todos-los-videos-del-superclasico-entre-river-y-boca","status":"publish","type":"post","link":"http:\/\/hoycordobaweb.com\/index.php\/2025\/04\/27\/todos-los-videos-del-superclasico-entre-river-y-boca\/","title":{"rendered":"Todos los videos del supercl\u00e1sico entre River y Boca"},"content":{"rendered":"<p><img src=\"http:\/\/hoycordobaweb.com\/wp-content\/uploads\/2025\/04\/todos-los-videos-del-superclasico-entre-river-y-boca.jpg\"><\/p>\n<p><span class=\"createDate\">27\/04\/2025 14:48hs.<\/span><time class=\"modificatedDate\" datetime=\"2025-04-27T15:19:13-03:00\"> Actualizado al 27\/04\/2025 15:19hs.<\/time><\/p>\n<div id=\"storyBody\">\n<div class=\"custom-text \" readability=\"37.047353760446\">\n<p>El Monumental es el escenario de un nuevo <strong><a href=\"https:\/\/www.ole.com.ar\/tema\/river-plate.html\" title=\"River Plate\" alt=\"River Plate\" class=\"slug\">River<\/a> &#8211; <a href=\"https:\/\/www.ole.com.ar\/tema\/boca-juniors.html\" title=\"Boca Juniors\" alt=\"Boca Juniors\" class=\"slug\">Boca<\/a><\/strong> y, como siempre, el pa\u00eds se paraliza por el <strong>Supercl\u00e1sico<\/strong>. El Millonario de <strong>Marcelo Gallardo<\/strong> recibe al Xeneize de <strong>Fernando Gago<\/strong> por la fecha 15 del <strong>Torneo Apertura<\/strong> y en <strong>Ol\u00e9<\/strong> te mostramos todo lo que sucede en la jornada. Mir\u00e1 los mejores videos de la previa, lo m\u00e1s destacado del partido y mucho m\u00e1s.<\/p>\n<\/div>\n<p><h2><strong>Los mejores videos del Supercl\u00e1sico entre River y Boca<\/strong><\/h2>\n<\/p>\n<p><h3><strong>La salida de Boca rumbo al Monumental<\/strong><\/h3>\n<\/p>\n<div class=\"sc-734b4696-1 kFfZtB\" readability=\"6\">\n<div class=\"sc-d00d9e74-0 hnHYbk\" type=\"embed\">\n<div class=\"sc-d00d9e74-1 iKVbz videoText\" id=\"contentTitleembedZhRrB3Fl\" type=\"embed\"><svg fill=\"#ffffff\"><symbol id=\"play\" viewBox=\"0 0 512 512\"><path d=\"M512 256C512 397.4 397.4 512 256 512C114.6 512 0 397.4 0 256C0 114.6 114.6 0 256 0C397.4 0 512 114.6 512 256zM176 168V344C176 352.7 180.7 360.7 188.3 364.9C195.8 369.2 205.1 369 212.5 364.5L356.5 276.5C363.6 272.1 368 264.4 368 256C368 247.6 363.6 239.9 356.5 235.5L212.5 147.5C205.1 142.1 195.8 142.8 188.3 147.1C180.7 151.3 176 159.3 176 168V168z\" \/><\/symbol><use xlink:href=\"#play\" \/><\/svg><\/p>\n<div class=\"right\">\n<p>Boca Juniors<!-- --> &#8211; <span>&nbsp;<\/span><\/p>\n<h2 class=\"title-vid\">A puro grito de los hinchas, as\u00ed se fue el micro de Boca rumbo al Monumental<\/h2>\n<\/div>\n<\/div>\n<p><span class=\"back\" id=\"spanBackembedZhRrB3Fl\"><\/span><\/div>\n<div class=\"JWvideoNota_title\" readability=\"7\">\n<p>Video: @nicolaroccanarvaez<\/p>\n<\/div>\n<\/div>\n<p><h3><strong>El vestuario de Boca en la previa del partido<\/strong><\/h3>\n<\/p>\n<div class=\"sc-734b4696-1 kFfZtB\">\n<div class=\"sc-d00d9e74-0 hnHYbk\" type=\"embed\">\n<div class=\"sc-d00d9e74-1 iKVbz videoText\" id=\"contentTitleembed3namEVHf\" type=\"embed\"><svg fill=\"#ffffff\"><symbol id=\"play\" viewBox=\"0 0 512 512\"><path d=\"M512 256C512 397.4 397.4 512 256 512C114.6 512 0 397.4 0 256C0 114.6 114.6 0 256 0C397.4 0 512 114.6 512 256zM176 168V344C176 352.7 180.7 360.7 188.3 364.9C195.8 369.2 205.1 369 212.5 364.5L356.5 276.5C363.6 272.1 368 264.4 368 256C368 247.6 363.6 239.9 356.5 235.5L212.5 147.5C205.1 142.1 195.8 142.8 188.3 147.1C180.7 151.3 176 159.3 176 168V168z\" \/><\/symbol><use xlink:href=\"#play\" \/><\/svg><\/p>\n<div class=\"right\">\n<p>Boca Juniors<!-- --> &#8211; <span>&nbsp;<\/span><\/p>\n<h2 class=\"title-vid\">El vestuario de Boca preparado para jugar el supercl\u00e1sico ante River<\/h2>\n<\/div>\n<\/div>\n<p><span class=\"back\" id=\"spanBackembed3namEVHf\"><\/span><\/div>\n<\/div>\n<p><h3><strong>As\u00ed lleg\u00f3 el Xeneize al estadio de River<\/strong><\/h3>\n<\/p>\n<div class=\"sc-734b4696-1 kFfZtB\" readability=\"7.5\">\n<div class=\"sc-d00d9e74-0 hnHYbk vertical\" type=\"embed\">\n<div class=\"sc-d00d9e74-1 iKVbz videoText\" id=\"contentTitleembedHeKcaYoH\" type=\"embed\"><svg fill=\"#ffffff\"><symbol id=\"play\" viewBox=\"0 0 512 512\"><path d=\"M512 256C512 397.4 397.4 512 256 512C114.6 512 0 397.4 0 256C0 114.6 114.6 0 256 0C397.4 0 512 114.6 512 256zM176 168V344C176 352.7 180.7 360.7 188.3 364.9C195.8 369.2 205.1 369 212.5 364.5L356.5 276.5C363.6 272.1 368 264.4 368 256C368 247.6 363.6 239.9 356.5 235.5L212.5 147.5C205.1 142.1 195.8 142.8 188.3 147.1C180.7 151.3 176 159.3 176 168V168z\" \/><\/symbol><use xlink:href=\"#play\" \/><\/svg><\/p>\n<div class=\"right\">\n<p>Boca Juniors<!-- --> &#8211; <span>&nbsp;<\/span><\/p>\n<h2 class=\"title-vid\">\u00a1Boca ya est\u00e1 en el Monumental!<\/h2>\n<\/div>\n<\/div>\n<p><span class=\"back\" id=\"spanBackembedHeKcaYoH\"><\/span><\/div>\n<div class=\"JWvideoNota_title\" readability=\"10\">\n<p>El plantel de Fernando Gago arrib\u00f3 al estadio para el S\u00faper. Adem\u00e1s de los convocados, tambi\u00e9n acompa\u00f1aron a la delegaci\u00f3n Cavani, Javi Garc\u00eda y Chiquito Romero.<\/p>\n<\/div>\n<\/div>\n<p><h3><strong>El show del Monumental en la previa<\/strong><\/h3>\n<\/p>\n<div class=\"sc-734b4696-1 kFfZtB\" readability=\"6.5\">\n<div class=\"sc-d00d9e74-0 hnHYbk vertical\" type=\"embed\">\n<div class=\"sc-d00d9e74-1 iKVbz videoText\" id=\"contentTitleembedN410sqkc\" type=\"embed\"><svg fill=\"#ffffff\"><symbol id=\"play\" viewBox=\"0 0 512 512\"><path d=\"M512 256C512 397.4 397.4 512 256 512C114.6 512 0 397.4 0 256C0 114.6 114.6 0 256 0C397.4 0 512 114.6 512 256zM176 168V344C176 352.7 180.7 360.7 188.3 364.9C195.8 369.2 205.1 369 212.5 364.5L356.5 276.5C363.6 272.1 368 264.4 368 256C368 247.6 363.6 239.9 356.5 235.5L212.5 147.5C205.1 142.1 195.8 142.8 188.3 147.1C180.7 151.3 176 159.3 176 168V168z\" \/><\/symbol><use xlink:href=\"#play\" \/><\/svg><\/p>\n<div class=\"right\">\n<p>River Plate<!-- --> &#8211; <span>&nbsp;<\/span><\/p>\n<h2 class=\"title-vid\">El Monumental lleno de banderitas<\/h2>\n<\/div>\n<\/div>\n<p><span class=\"back\" id=\"spanBackembedN410sqkc\"><\/span><\/div>\n<div class=\"JWvideoNota_title\" readability=\"8\">\n<p>Desde las 15:30 se viene una nueva edici\u00f3n del Supercl\u00e1sico por la 15\u00b0 jornada del Torneo Apertura. Video: @cami.corrales<\/p>\n<\/div>\n<\/div>\n<p><h3><strong>Boca, muy abucheado durante la entrada en calor<\/strong><\/h3>\n<\/p>\n<div class=\"sc-734b4696-1 kFfZtB\" readability=\"7\">\n<div class=\"sc-d00d9e74-0 hnHYbk vertical\" type=\"embed\">\n<div class=\"sc-d00d9e74-1 iKVbz videoText\" id=\"contentTitleembedXbFvqgT2\" type=\"embed\"><svg fill=\"#ffffff\"><symbol id=\"play\" viewBox=\"0 0 512 512\"><path d=\"M512 256C512 397.4 397.4 512 256 512C114.6 512 0 397.4 0 256C0 114.6 114.6 0 256 0C397.4 0 512 114.6 512 256zM176 168V344C176 352.7 180.7 360.7 188.3 364.9C195.8 369.2 205.1 369 212.5 364.5L356.5 276.5C363.6 272.1 368 264.4 368 256C368 247.6 363.6 239.9 356.5 235.5L212.5 147.5C205.1 142.1 195.8 142.8 188.3 147.1C180.7 151.3 176 159.3 176 168V168z\" \/><\/symbol><use xlink:href=\"#play\" \/><\/svg><\/p>\n<div class=\"right\">\n<p>River Plate<!-- --> &#8211; <span>&nbsp;<\/span><\/p>\n<h2 class=\"title-vid\">Boca sali\u00f3 al campo de juego y as\u00ed los recibieron los hinchas de River<\/h2>\n<\/div>\n<\/div>\n<p><span class=\"back\" id=\"spanBackembedXbFvqgT2\"><\/span><\/div>\n<div class=\"JWvideoNota_title\" readability=\"9\">\n<p>Antes del inicio del partido, los jugadores del Xeneize hicieron el calentamiento en el campo de juego en el Monumental.<\/p>\n<\/div>\n<\/div>\n<p><h3><strong>As\u00ed recibieron los hinchas de River a sus jugadores<\/strong><\/h3>\n<\/p>\n<div class=\"sc-734b4696-1 kFfZtB\">\n<div class=\"sc-d00d9e74-0 hnHYbk vertical\" type=\"embed\">\n<div class=\"sc-d00d9e74-1 iKVbz videoText\" id=\"contentTitleembedXdej1Tfh\" type=\"embed\"><svg fill=\"#ffffff\"><symbol id=\"play\" viewBox=\"0 0 512 512\"><path d=\"M512 256C512 397.4 397.4 512 256 512C114.6 512 0 397.4 0 256C0 114.6 114.6 0 256 0C397.4 0 512 114.6 512 256zM176 168V344C176 352.7 180.7 360.7 188.3 364.9C195.8 369.2 205.1 369 212.5 364.5L356.5 276.5C363.6 272.1 368 264.4 368 256C368 247.6 363.6 239.9 356.5 235.5L212.5 147.5C205.1 142.1 195.8 142.8 188.3 147.1C180.7 151.3 176 159.3 176 168V168z\" \/><\/symbol><use xlink:href=\"#play\" \/><\/svg><\/p>\n<div class=\"right\">\n<p>River Plate<!-- --> &#8211; <span>&nbsp;<\/span><\/p>\n<h2 class=\"title-vid\">La salida de River al campo de juego<\/h2>\n<\/div>\n<\/div>\n<p><span class=\"back\" id=\"spanBackembedXdej1Tfh\"><\/span><\/div>\n<\/div>\n<div class=\"sc-a7166897-0 eoLsBE\" readability=\"6\">\n<section readability=\"2\"><picture><img alt=\"Los 11 de River para jugar contra Boca y un hist\u00f3rico afuera del banco\" loading=\"lazy\" width=\"290\" height=\"290\" decoding=\"async\" data-nimg=\"1\" src=\"http:\/\/hoycordobaweb.com\/wp-content\/uploads\/2025\/04\/todos-los-videos-del-superclasico-entre-river-y-boca-2.jpg\"><\/picture>\n<p><span>Mir\u00e1 tambi\u00e9n<\/span><\/p>\n<hr>\n<h3>Los 11 de River para jugar contra Boca y un hist\u00f3rico afuera del banco<\/h3>\n<\/p>\n<\/section>\n<\/div>\n<div class=\"sc-a7166897-0 eoLsBE\" readability=\"6\">\n<section readability=\"2\"><picture><img alt=\"Modo capit\u00e1n: Edinson Cavani con el plantel en la llegada al Monumental\" loading=\"lazy\" width=\"290\" height=\"290\" decoding=\"async\" data-nimg=\"1\" src=\"http:\/\/hoycordobaweb.com\/wp-content\/uploads\/2025\/04\/todos-los-videos-del-superclasico-entre-river-y-boca-3.jpg\"><\/picture>\n<p><span>Mir\u00e1 tambi\u00e9n<\/span><\/p>\n<hr>\n<h3>Modo capit\u00e1n: Edinson Cavani con el plantel en la llegada al Monumental<\/h3>\n<\/p>\n<\/section>\n<\/div>\n<div class=\"sc-a7166897-0 eoLsBE\" readability=\"6\">\n<section readability=\"2\"><picture><img alt=\"\u00bfSe viene otro S\u00faper? Cu\u00e1ndo volver\u00edan a enfrentarse River y Boca en los playoffs\" loading=\"lazy\" width=\"290\" height=\"290\" decoding=\"async\" data-nimg=\"1\" src=\"http:\/\/hoycordobaweb.com\/wp-content\/uploads\/2025\/04\/todos-los-videos-del-superclasico-entre-river-y-boca-4.jpg\"><\/picture>\n<p><span>Mir\u00e1 tambi\u00e9n<\/span><\/p>\n<hr>\n<h3>\u00bfSe viene otro S\u00faper? Cu\u00e1ndo volver\u00edan a enfrentarse River y Boca en los playoffs<\/h3>\n<\/p>\n<\/section>\n<\/div>\n<div class=\"sc-a7166897-0 eoLsBE\" readability=\"6\">\n<section readability=\"2\"><picture><img alt=\"La S\u00faper diferencia en el aporte goleador de Milton Gim\u00e9nez en Boca\" loading=\"lazy\" width=\"290\" height=\"290\" decoding=\"async\" data-nimg=\"1\" src=\"http:\/\/hoycordobaweb.com\/wp-content\/uploads\/2025\/04\/todos-los-videos-del-superclasico-entre-river-y-boca-5.jpg\"><\/picture>\n<p><span>Mir\u00e1 tambi\u00e9n<\/span><\/p>\n<hr>\n<h3>La S\u00faper diferencia en el aporte goleador de Milton Gim\u00e9nez en Boca<\/h3>\n<\/p>\n<\/section>\n<\/div>\n<div class=\"sc-a7166897-0 eoLsBE\" readability=\"6.5\">\n<section readability=\"3\"><picture><img alt=\"La particular situaci\u00f3n en la que Boca llega al supercl\u00e1sico y que no ocurri\u00f3 las \u00faltimas veces\" loading=\"lazy\" width=\"290\" height=\"290\" decoding=\"async\" data-nimg=\"1\" src=\"http:\/\/hoycordobaweb.com\/wp-content\/uploads\/2025\/04\/todos-los-videos-del-superclasico-entre-river-y-boca-6.jpg\"><\/picture>\n<p><span>Mir\u00e1 tambi\u00e9n<\/span><\/p>\n<hr>\n<h3>La particular situaci\u00f3n en la que Boca llega al supercl\u00e1sico y que no ocurri\u00f3 las \u00faltimas veces<\/h3>\n<\/p>\n<\/section>\n<\/div>\n<div class=\"sc-a7166897-0 eoLsBE\" readability=\"6.5\">\n<section readability=\"3\"><picture><img alt=\"Con l\u00ednea de cinco, el 11 de Boca para jugar contra River\" loading=\"lazy\" width=\"290\" height=\"290\" decoding=\"async\" data-nimg=\"1\" src=\"http:\/\/hoycordobaweb.com\/wp-content\/uploads\/2025\/04\/todos-los-videos-del-superclasico-entre-river-y-boca-7.jpg\"><\/picture>\n<p><span>Mir\u00e1 tambi\u00e9n<\/span><\/p>\n<hr>\n<h3>Con l\u00ednea de cinco, el 11 de Boca para jugar contra River<\/h3>\n<\/p>\n<\/section>\n<\/div>\n<div class=\"sc-a7166897-0 eoLsBE\" readability=\"6\">\n<section readability=\"2\"><picture><img alt=\"\u00bfQui\u00e9n es el \u00e1rbitro de River vs. Boca en el supercl\u00e1sico del Torneo Apertura?\" loading=\"lazy\" width=\"290\" height=\"290\" decoding=\"async\" data-nimg=\"1\" src=\"http:\/\/hoycordobaweb.com\/wp-content\/uploads\/2025\/04\/todos-los-videos-del-superclasico-entre-river-y-boca-8.jpg\"><\/picture>\n<p><span>Mir\u00e1 tambi\u00e9n<\/span><\/p>\n<hr>\n<h3>\u00bfQui\u00e9n es el \u00e1rbitro de River vs. Boca en el supercl\u00e1sico del Torneo Apertura?<\/h3>\n<\/p>\n<\/section>\n<\/div>\n<\/div>\n","protected":false},"excerpt":{"rendered":"<p>27\/04\/2025 14:48hs. Actualizado al 27\/04\/2025 15:19hs. El Monumental es el escenario de un nuevo River &#8211; Boca y, como siempre, el pa\u00eds se paraliza por el Supercl\u00e1sico. El Millonario de Marcelo Gallardo recibe al Xeneize de Fernando Gago por la fecha 15 del Torneo Apertura y en Ol\u00e9 te mostramos todo lo que sucede en [&hellip;]<\/p>\n","protected":false},"author":1,"featured_media":103415,"comment_status":"open","ping_status":"closed","sticky":false,"template":"","format":"standard","meta":[],"categories":[16],"tags":[],"_links":{"self":[{"href":"http:\/\/hoycordobaweb.com\/index.php\/wp-json\/wp\/v2\/posts\/103414"}],"collection":[{"href":"http:\/\/hoycordobaweb.com\/index.php\/wp-json\/wp\/v2\/posts"}],"about":[{"href":"http:\/\/hoycordobaweb.com\/index.php\/wp-json\/wp\/v2\/types\/post"}],"author":[{"embeddable":true,"href":"http:\/\/hoycordobaweb.com\/index.php\/wp-json\/wp\/v2\/users\/1"}],"replies":[{"embeddable":true,"href":"http:\/\/hoycordobaweb.com\/index.php\/wp-json\/wp\/v2\/comments?post=103414"}],"version-history":[{"count":0,"href":"http:\/\/hoycordobaweb.com\/index.php\/wp-json\/wp\/v2\/posts\/103414\/revisions"}],"wp:featuredmedia":[{"embeddable":true,"href":"http:\/\/hoycordobaweb.com\/index.php\/wp-json\/wp\/v2\/media\/103415"}],"wp:attachment":[{"href":"http:\/\/hoycordobaweb.com\/index.php\/wp-json\/wp\/v2\/media?parent=103414"}],"wp:term":[{"taxonomy":"category","embeddable":true,"href":"http:\/\/hoycordobaweb.com\/index.php\/wp-json\/wp\/v2\/categories?post=103414"},{"taxonomy":"post_tag","embeddable":true,"href":"http:\/\/hoycordobaweb.com\/index.php\/wp-json\/wp\/v2\/tags?post=103414"}],"curies":[{"name":"wp","href":"https:\/\/api.w.org\/{rel}","templated":true}]}}