{"id":10338,"date":"2021-01-18T01:49:00","date_gmt":"2021-01-18T01:49:00","guid":{"rendered":"http:\/\/hoycordobaweb.com\/index.php\/2021\/01\/18\/el-pj-bonaerense-repudio-al-periodista-de-la-nacion-que-hablo-del-africanizado-conurbano\/"},"modified":"2021-01-18T01:49:00","modified_gmt":"2021-01-18T01:49:00","slug":"el-pj-bonaerense-repudio-al-periodista-de-la-nacion-que-hablo-del-africanizado-conurbano","status":"publish","type":"post","link":"http:\/\/hoycordobaweb.com\/index.php\/2021\/01\/18\/el-pj-bonaerense-repudio-al-periodista-de-la-nacion-que-hablo-del-africanizado-conurbano\/","title":{"rendered":"El PJ bonaerense repudi\u00f3 al periodista de La Naci\u00f3n que habl\u00f3 del \u00abafricanizado conurbano\u00bb"},"content":{"rendered":"<p><img src=\"http:\/\/hoycordobaweb.com\/wp-content\/uploads\/2021\/01\/el-pj-bonaerense-repudio-al-periodista-de-la-nacion-que-hablo-del-africanizado-conurbano.jpg\"><\/p>\n<div class=\"image\" id=\"image\" readability=\"8\"> <img src=\"http:\/\/hoycordobaweb.com\/wp-content\/uploads\/2021\/01\/el-pj-bonaerense-repudio-al-periodista-de-la-nacion-que-hablo-del-africanizado-conurbano-2.jpg\" alt=\"Gustavo Menendez, titular del PJ Bonaerense\" title=\"Gustavo Menendez, titular del PJ Bonaerense\"><\/p>\n<p>Gustavo Menendez, titular del PJ Bonaerense<\/p>\n<\/div>\n<p><strong>El Partido Justicialista bonaerense repudi\u00f3 al periodista Pablo Sirv\u00e9n, quien en una columna publicada en el diario La Naci\u00f3n mencion\u00f3 al \u00abafricanizado conurbano\u00bb, y conden\u00f3 \u00abla intencionalidad insultante, discriminadora y excluyente de un lenguaje agresivo que su emisor esgrime con fines eminentemente pol\u00edticos\u00bb.<\/strong><\/p>\n<p>El PJ provincial sali\u00f3 as\u00ed al cruce del art\u00edculo titulado \u00abLa madre de todas las batallas\u00bb, donde Sirv\u00e9n califica a la provincia de Buenos Aires como \u00abese territorio inviable en cuyo africanizado conurbano se deciden electoralmente los destinos de la Patria\u00bb.<\/p>\n<p><strong>\u00abEl discurso divisionista y la violencia verbal de los cultores del odio, de nada sirven\u00bb, sostuvo.<\/strong><\/p>\n<p>\u00abLa cultura del descarte encuentra un factor vigorizante en el lenguaje de la discriminaci\u00f3n. Las nuevas narrativas del odio hunden sus ra\u00edces en aquellas parcelas psicol\u00f3gicas donde el terreno es f\u00e9rtil para justificar los males del pa\u00eds\u00bb, dijo el PJ en un comunicado.<\/p>\n<p><strong>Se\u00f1al\u00f3 adem\u00e1s que \u00abcon el advenimiento del Peronismo las minor\u00edas olig\u00e1rquicas derrotadas dise\u00f1aron una pedagog\u00eda excluyente que a\u00fan perdura en algunas cavernas medi\u00e1ticas, acad\u00e9micas, art\u00edsticas, empresariales y partidarias\u00bb.<\/strong><\/p>\n<p>\u00abEn los a\u00f1os electorales el arsenal sem\u00e1ntico descalificador suele manifestarse de manera brutal, porque nada es m\u00e1s brutal que el insulto a la dignidad humana. Y en el fondo se libra la lucha por la dignidad humana, por el reconocimiento de derechos y la reivindicaci\u00f3n de identidades agredidas\u00bb, a\u00f1adi\u00f3.<\/p>\n<p><strong>\u00abSirv\u00e9n afirma que en el &#8216;africanizado conurbano se deciden electoralmente los destinos de la Patria&#8217;.<\/strong> Si a la hip\u00e9rbole le quitamos su hojarasca, queda al desnudo la intencionalidad insultante, discriminadora y excluyente de un lenguaje agresivo que su emisor esgrime con fines eminentemente pol\u00edticos para consumo de un p\u00fablico agrietado que promueve la cultura del descarte del otro, del distinto, del mayoritario\u00bb, asever\u00f3<\/p>\n<p><strong>\u00abConsiderar al conurbano bonaerense como un espejo de \u00c1frica engloba una mirada falsa. \u00c1frica, cuna de Nelson Mandela, tiene m\u00faltiples idiosincrasias que hacen de este vasto continente una realidad plural en la que se combinan valores humanistas innegables con modelos de vida diferentes y hasta superiores a los proclamados por &#8216;occidente'\u00bb, <\/strong>a\u00f1adi\u00f3 el PJ provincial.<\/p>\n<p>Y sostuvo que \u00aba pesar de la l\u00f3gica difamatoria de Sirv\u00e9n, la diversidad tambi\u00e9n es la cualidad sobresaliente del conurbano que se manifiesta en un mosaico de pueblos unidos por su decidida lucha a favor de la dignidad de cada uno y del conjunto\u00bb.<\/p>\n<p>\u00abNuestra esperanza est\u00e1 depositada en los millones de hermanos y hermanas que han decidido construir un proyecto de vida en nuestra provincia\u00bb, asever\u00f3 el partido gobernante, y asegur\u00f3 que \u00ablejos de pensar la realidad en funci\u00f3n electoralista, preferimos gestionar los numerosos desaf\u00edos que se nos presentan sin promover el descarte ni la discriminaci\u00f3n de nadie\u00bb. <\/p>\n","protected":false},"excerpt":{"rendered":"<p>Gustavo Menendez, titular del PJ Bonaerense El Partido Justicialista bonaerense repudi\u00f3 al periodista Pablo Sirv\u00e9n, quien en una columna publicada en el diario La Naci\u00f3n mencion\u00f3 al \u00abafricanizado conurbano\u00bb, y conden\u00f3 \u00abla intencionalidad insultante, discriminadora y excluyente de un lenguaje agresivo que su emisor esgrime con fines eminentemente pol\u00edticos\u00bb. El PJ provincial sali\u00f3 as\u00ed al [&hellip;]<\/p>\n","protected":false},"author":1,"featured_media":10339,"comment_status":"open","ping_status":"closed","sticky":false,"template":"","format":"standard","meta":[],"categories":[19],"tags":[],"_links":{"self":[{"href":"http:\/\/hoycordobaweb.com\/index.php\/wp-json\/wp\/v2\/posts\/10338"}],"collection":[{"href":"http:\/\/hoycordobaweb.com\/index.php\/wp-json\/wp\/v2\/posts"}],"about":[{"href":"http:\/\/hoycordobaweb.com\/index.php\/wp-json\/wp\/v2\/types\/post"}],"author":[{"embeddable":true,"href":"http:\/\/hoycordobaweb.com\/index.php\/wp-json\/wp\/v2\/users\/1"}],"replies":[{"embeddable":true,"href":"http:\/\/hoycordobaweb.com\/index.php\/wp-json\/wp\/v2\/comments?post=10338"}],"version-history":[{"count":0,"href":"http:\/\/hoycordobaweb.com\/index.php\/wp-json\/wp\/v2\/posts\/10338\/revisions"}],"wp:featuredmedia":[{"embeddable":true,"href":"http:\/\/hoycordobaweb.com\/index.php\/wp-json\/wp\/v2\/media\/10339"}],"wp:attachment":[{"href":"http:\/\/hoycordobaweb.com\/index.php\/wp-json\/wp\/v2\/media?parent=10338"}],"wp:term":[{"taxonomy":"category","embeddable":true,"href":"http:\/\/hoycordobaweb.com\/index.php\/wp-json\/wp\/v2\/categories?post=10338"},{"taxonomy":"post_tag","embeddable":true,"href":"http:\/\/hoycordobaweb.com\/index.php\/wp-json\/wp\/v2\/tags?post=10338"}],"curies":[{"name":"wp","href":"https:\/\/api.w.org\/{rel}","templated":true}]}}