{"id":10336,"date":"2021-01-17T19:00:49","date_gmt":"2021-01-17T19:00:49","guid":{"rendered":"https:\/\/www.trendencias.com\/marcas\/nueva-coleccion-chalecos-jerseis-cardigans-zara-te-hara-olvidar-momentaneamente-rebajas"},"modified":"2021-01-17T19:00:49","modified_gmt":"2021-01-17T19:00:49","slug":"la-nueva-coleccion-de-chalecos-jerseis-y-cardigans-de-zara-te-hara-olvidar-momentaneamente-de-las-rebajas","status":"publish","type":"post","link":"http:\/\/hoycordobaweb.com\/index.php\/2021\/01\/17\/la-nueva-coleccion-de-chalecos-jerseis-y-cardigans-de-zara-te-hara-olvidar-momentaneamente-de-las-rebajas\/","title":{"rendered":"La nueva colecci\u00f3n de chalecos, jers\u00e9is y c\u00e1rdigans de Zara te har\u00e1 olvidar (moment\u00e1neamente) de las rebajas"},"content":{"rendered":"<div readability=\"81.911554921541\">\n<p>Por m\u00e1s que <a href=\"https:\/\/www.trendencias.com\/vestidos\/rebajas-zara-nos-dejan-21-vestidos-perfectos-para-nuestro-dia-a-dia-para-llevar-ahora-verano\">las rebajas sigan el transcurso de su camino<\/a> y vayan bajando los precios, <strong>Zara<\/strong> enamora con todo lo que lanza. Esta semana ha aprovechado para tentarnos con<a href=\"https:\/\/www.trendencias.com\/marcas\/zara-se-alia-firma-boxeo-everlast-para-crear-coleccion-magnifica-para-salir-a-calle-practicar-deporte\"> su nueva colecci\u00f3n donde prendas de punto<\/a> en forma de jers\u00e9is, <strong>c\u00e1rdigans<\/strong> y chalecos toman el control. De formas originales y <strong>detalles rompedores<\/strong>, estas opciones <strong>causar\u00e1n sensaci\u00f3n<\/strong> (y <a href=\"https:\/\/www.trendencias.com\/propuestas-y-consejos\/piensa-verano-acertaras-19-prendas-veraniega-rebajas-vistas-mango-outlet-20-euros\">podr\u00edan colarse en tu armario<\/a> como por arte de magia).&nbsp;<\/p>\n<p><!-- BREAK 1 --><\/p>\n<div class=\"article-asset article-asset-normal article-asset-center\">\n<div class=\"desvio-container\">\n<div class=\"desvio\">\n<div class=\"desvio-figure js-desvio-figure\"> <a href=\"https:\/\/www.trendencias.com\/vestidos\/rebajas-zara-nos-dejan-21-vestidos-perfectos-para-nuestro-dia-a-dia-para-llevar-ahora-verano\"> <img alt=\"Las rebajas de Zara nos dejan con 21 vestidos perfectos para nuestro d\u00eda a d\u00eda (para llevar ahora y en verano)\" src=\"http:\/\/hoycordobaweb.com\/wp-content\/uploads\/2021\/01\/la-nueva-coleccion-de-chalecos-jerseis-y-cardigans-de-zara-te-hara-olvidar-momentaneamente-de-las-rebajas.jpg\"> <\/a> <\/div><\/div><\/div>\n<\/div>\n<h2>Chalecos maravillosamente \u00fanicos<\/h2>\n<p>Han vuelto con la intenci\u00f3n de quedarse: los chalecos de punto cada vez tienen m\u00e1s presencia y la calle, as\u00ed como las firmas de moda, nos lo demuestran. Como no pod\u00eda ser de otro modo, la firma espa\u00f1ola lo apuesta todo por esta tendencia y propone dise\u00f1os para todos los gustos.<\/p>\n<p><!-- BREAK 2 --> <\/p>\n<div class=\"article-asset-image article-asset-normal article-asset-center\">\n<div class=\"asset-content\"> <img class=\"sf-lazy centro_sinmarco\" data-sf-srcset=\"http:\/\/hoycordobaweb.com\/wp-content\/uploads\/2021\/01\/la-nueva-coleccion-de-chalecos-jerseis-y-cardigans-de-zara-te-hara-olvidar-momentaneamente-de-las-rebajas-1.jpg 450w, http:\/\/hoycordobaweb.com\/wp-content\/uploads\/2021\/01\/la-nueva-coleccion-de-chalecos-jerseis-y-cardigans-de-zara-te-hara-olvidar-momentaneamente-de-las-rebajas-13.jpg 681w,http:\/\/hoycordobaweb.com\/wp-content\/uploads\/2021\/01\/la-nueva-coleccion-de-chalecos-jerseis-y-cardigans-de-zara-te-hara-olvidar-momentaneamente-de-las-rebajas-14.jpg 1024w, http:\/\/hoycordobaweb.com\/wp-content\/uploads\/2021\/01\/la-nueva-coleccion-de-chalecos-jerseis-y-cardigans-de-zara-te-hara-olvidar-momentaneamente-de-las-rebajas-15.jpg 1366w,\" data-sf-src=\"http:\/\/hoycordobaweb.com\/wp-content\/uploads\/2021\/01\/la-nueva-coleccion-de-chalecos-jerseis-y-cardigans-de-zara-te-hara-olvidar-momentaneamente-de-las-rebajas-1.jpg\" alt=\"Chaleco Punto Zara 01\"> <noscript><img alt=\"Chaleco Punto Zara 01\" class=\"centro_sinmarco\" src=\"http:\/\/hoycordobaweb.com\/wp-content\/uploads\/2021\/01\/la-nueva-coleccion-de-chalecos-jerseis-y-cardigans-de-zara-te-hara-olvidar-momentaneamente-de-las-rebajas-1.jpg\"><\/noscript> <\/div>\n<\/div>\n<p>&#8211; Chaleco de cuello redondo y sin mangas, <a href=\"https:\/\/www.zara.com\/es\/es\/chaleco-cropped-ochos-p04331011.html?v1=78479618&amp;v2=1712675\">22,95 euros<\/a>.<\/p>\n<p><!-- BREAK 3 --><\/p>\n<div class=\"article-asset-image article-asset-normal article-asset-center\">\n<div class=\"asset-content\"> <img class=\"sf-lazy centro_sinmarco\" data-sf-srcset=\"http:\/\/hoycordobaweb.com\/wp-content\/uploads\/2021\/01\/la-nueva-coleccion-de-chalecos-jerseis-y-cardigans-de-zara-te-hara-olvidar-momentaneamente-de-las-rebajas-2.jpg 450w, http:\/\/hoycordobaweb.com\/wp-content\/uploads\/2021\/01\/la-nueva-coleccion-de-chalecos-jerseis-y-cardigans-de-zara-te-hara-olvidar-momentaneamente-de-las-rebajas-16.jpg 681w,http:\/\/hoycordobaweb.com\/wp-content\/uploads\/2021\/01\/la-nueva-coleccion-de-chalecos-jerseis-y-cardigans-de-zara-te-hara-olvidar-momentaneamente-de-las-rebajas-17.jpg 1024w, http:\/\/hoycordobaweb.com\/wp-content\/uploads\/2021\/01\/la-nueva-coleccion-de-chalecos-jerseis-y-cardigans-de-zara-te-hara-olvidar-momentaneamente-de-las-rebajas-18.jpg 1366w,\" data-sf-src=\"http:\/\/hoycordobaweb.com\/wp-content\/uploads\/2021\/01\/la-nueva-coleccion-de-chalecos-jerseis-y-cardigans-de-zara-te-hara-olvidar-momentaneamente-de-las-rebajas-2.jpg\" alt=\"Chaleco Punto Zara 02\"> <noscript><img alt=\"Chaleco Punto Zara 02\" class=\"centro_sinmarco\" src=\"http:\/\/hoycordobaweb.com\/wp-content\/uploads\/2021\/01\/la-nueva-coleccion-de-chalecos-jerseis-y-cardigans-de-zara-te-hara-olvidar-momentaneamente-de-las-rebajas-2.jpg\"><\/noscript> <\/div>\n<\/div>\n<p>&#8211; Chaleco abierto y sin mangas, <a href=\"https:\/\/www.zara.com\/es\/es\/chaleco-abierto-volantes-p03920014.html?v1=80865599&amp;v2=1712675\">22,95 euros<\/a>.<\/p>\n<p><!-- BREAK 4 --><\/p>\n<div class=\"article-asset-image article-asset-normal article-asset-center\">\n<div class=\"asset-content\"> <img class=\"sf-lazy centro_sinmarco\" data-sf-srcset=\"http:\/\/hoycordobaweb.com\/wp-content\/uploads\/2021\/01\/la-nueva-coleccion-de-chalecos-jerseis-y-cardigans-de-zara-te-hara-olvidar-momentaneamente-de-las-rebajas-3.jpg 450w, http:\/\/hoycordobaweb.com\/wp-content\/uploads\/2021\/01\/la-nueva-coleccion-de-chalecos-jerseis-y-cardigans-de-zara-te-hara-olvidar-momentaneamente-de-las-rebajas-19.jpg 681w,http:\/\/hoycordobaweb.com\/wp-content\/uploads\/2021\/01\/la-nueva-coleccion-de-chalecos-jerseis-y-cardigans-de-zara-te-hara-olvidar-momentaneamente-de-las-rebajas-20.jpg 1024w, http:\/\/hoycordobaweb.com\/wp-content\/uploads\/2021\/01\/la-nueva-coleccion-de-chalecos-jerseis-y-cardigans-de-zara-te-hara-olvidar-momentaneamente-de-las-rebajas-21.jpg 1366w,\" data-sf-src=\"http:\/\/hoycordobaweb.com\/wp-content\/uploads\/2021\/01\/la-nueva-coleccion-de-chalecos-jerseis-y-cardigans-de-zara-te-hara-olvidar-momentaneamente-de-las-rebajas-3.jpg\" alt=\"Chaleco Punto Zara 03\"> <noscript><img alt=\"Chaleco Punto Zara 03\" class=\"centro_sinmarco\" src=\"http:\/\/hoycordobaweb.com\/wp-content\/uploads\/2021\/01\/la-nueva-coleccion-de-chalecos-jerseis-y-cardigans-de-zara-te-hara-olvidar-momentaneamente-de-las-rebajas-3.jpg\"><\/noscript> <\/div>\n<\/div>\n<p>&#8211; Chaleco de escote pico y manga sisa, <a href=\"https:\/\/www.zara.com\/es\/es\/chaleco-punto-ochos-p09598019.html?v1=78744697&amp;v2=1712675\">25,95 euros<\/a>.<\/p>\n<p><!-- BREAK 5 --><\/p>\n<div class=\"article-asset-image article-asset-normal article-asset-center\">\n<div class=\"asset-content\"> <img class=\"sf-lazy centro_sinmarco\" data-sf-srcset=\"http:\/\/hoycordobaweb.com\/wp-content\/uploads\/2021\/01\/la-nueva-coleccion-de-chalecos-jerseis-y-cardigans-de-zara-te-hara-olvidar-momentaneamente-de-las-rebajas-4.jpg 450w, http:\/\/hoycordobaweb.com\/wp-content\/uploads\/2021\/01\/la-nueva-coleccion-de-chalecos-jerseis-y-cardigans-de-zara-te-hara-olvidar-momentaneamente-de-las-rebajas-22.jpg 681w,http:\/\/hoycordobaweb.com\/wp-content\/uploads\/2021\/01\/la-nueva-coleccion-de-chalecos-jerseis-y-cardigans-de-zara-te-hara-olvidar-momentaneamente-de-las-rebajas-23.jpg 1024w, http:\/\/hoycordobaweb.com\/wp-content\/uploads\/2021\/01\/la-nueva-coleccion-de-chalecos-jerseis-y-cardigans-de-zara-te-hara-olvidar-momentaneamente-de-las-rebajas-24.jpg 1366w,\" data-sf-src=\"http:\/\/hoycordobaweb.com\/wp-content\/uploads\/2021\/01\/la-nueva-coleccion-de-chalecos-jerseis-y-cardigans-de-zara-te-hara-olvidar-momentaneamente-de-las-rebajas-4.jpg\" alt=\"Chaleco Punto Zara 04\"> <noscript><img alt=\"Chaleco Punto Zara 04\" class=\"centro_sinmarco\" src=\"http:\/\/hoycordobaweb.com\/wp-content\/uploads\/2021\/01\/la-nueva-coleccion-de-chalecos-jerseis-y-cardigans-de-zara-te-hara-olvidar-momentaneamente-de-las-rebajas-4.jpg\"><\/noscript> <\/div>\n<\/div>\n<p>&#8211; Chaleco de escote pico y sin mangas, <a href=\"https:\/\/www.zara.com\/es\/es\/chaleco-punto-jacquard-p04331017.html?v1=79948348&amp;v2=1712675\">25,95 euros<\/a>.<\/p>\n<p><!-- BREAK 6 --><\/p>\n<h2>Sigue la pasi\u00f3n de los c\u00e1rdigans<\/h2>\n<p>Los c\u00e1rdigans siguen causando sensaci\u00f3n. Con propuestas para todos los gustos y colores, Zara apuesta por modelos llenos de originalidad. Dicen que los peque\u00f1os detalles marcan la diferencia y as\u00ed lo vemos con cada una de estas versiones.<\/p>\n<p><!-- BREAK 7 --><\/p>\n<div class=\"article-asset-image article-asset-normal article-asset-center\">\n<div class=\"asset-content\"> <img class=\"sf-lazy centro_sinmarco\" data-sf-srcset=\"http:\/\/hoycordobaweb.com\/wp-content\/uploads\/2021\/01\/la-nueva-coleccion-de-chalecos-jerseis-y-cardigans-de-zara-te-hara-olvidar-momentaneamente-de-las-rebajas-5.jpg 450w, http:\/\/hoycordobaweb.com\/wp-content\/uploads\/2021\/01\/la-nueva-coleccion-de-chalecos-jerseis-y-cardigans-de-zara-te-hara-olvidar-momentaneamente-de-las-rebajas-25.jpg 681w,http:\/\/hoycordobaweb.com\/wp-content\/uploads\/2021\/01\/la-nueva-coleccion-de-chalecos-jerseis-y-cardigans-de-zara-te-hara-olvidar-momentaneamente-de-las-rebajas-26.jpg 1024w, http:\/\/hoycordobaweb.com\/wp-content\/uploads\/2021\/01\/la-nueva-coleccion-de-chalecos-jerseis-y-cardigans-de-zara-te-hara-olvidar-momentaneamente-de-las-rebajas-27.jpg 1366w,\" data-sf-src=\"http:\/\/hoycordobaweb.com\/wp-content\/uploads\/2021\/01\/la-nueva-coleccion-de-chalecos-jerseis-y-cardigans-de-zara-te-hara-olvidar-momentaneamente-de-las-rebajas-5.jpg\" alt=\"Chaleco Punto Zara 05\"> <noscript><img alt=\"Chaleco Punto Zara 05\" class=\"centro_sinmarco\" src=\"http:\/\/hoycordobaweb.com\/wp-content\/uploads\/2021\/01\/la-nueva-coleccion-de-chalecos-jerseis-y-cardigans-de-zara-te-hara-olvidar-momentaneamente-de-las-rebajas-5.jpg\"><\/noscript> <\/div>\n<\/div>\n<p>&#8211; Chaqueta confeccionada en tejido 100% lana, <a href=\"https:\/\/www.zara.com\/es\/es\/chaqueta-de-lana-rayas-p02893010.html?v1=81993644&amp;v2=1712675\">49,95 euros<\/a>.<\/p>\n<p><!-- BREAK 8 --><\/p>\n<div class=\"article-asset-image article-asset-normal article-asset-center\">\n<div class=\"asset-content\"> <img class=\"sf-lazy centro_sinmarco\" data-sf-srcset=\"http:\/\/hoycordobaweb.com\/wp-content\/uploads\/2021\/01\/la-nueva-coleccion-de-chalecos-jerseis-y-cardigans-de-zara-te-hara-olvidar-momentaneamente-de-las-rebajas-6.jpg 450w, http:\/\/hoycordobaweb.com\/wp-content\/uploads\/2021\/01\/la-nueva-coleccion-de-chalecos-jerseis-y-cardigans-de-zara-te-hara-olvidar-momentaneamente-de-las-rebajas-28.jpg 681w,http:\/\/hoycordobaweb.com\/wp-content\/uploads\/2021\/01\/la-nueva-coleccion-de-chalecos-jerseis-y-cardigans-de-zara-te-hara-olvidar-momentaneamente-de-las-rebajas-29.jpg 1024w, http:\/\/hoycordobaweb.com\/wp-content\/uploads\/2021\/01\/la-nueva-coleccion-de-chalecos-jerseis-y-cardigans-de-zara-te-hara-olvidar-momentaneamente-de-las-rebajas-30.jpg 1366w,\" data-sf-src=\"http:\/\/hoycordobaweb.com\/wp-content\/uploads\/2021\/01\/la-nueva-coleccion-de-chalecos-jerseis-y-cardigans-de-zara-te-hara-olvidar-momentaneamente-de-las-rebajas-6.jpg\" alt=\"Chaleco Punto Zara 06\"> <noscript><img alt=\"Chaleco Punto Zara 06\" class=\"centro_sinmarco\" src=\"http:\/\/hoycordobaweb.com\/wp-content\/uploads\/2021\/01\/la-nueva-coleccion-de-chalecos-jerseis-y-cardigans-de-zara-te-hara-olvidar-momentaneamente-de-las-rebajas-6.jpg\"><\/noscript> <\/div>\n<\/div>\n<p>&#8211; Chaqueta de cuello solapa acabado en volantes y manga larga, <a href=\"https:\/\/www.zara.com\/es\/es\/chaqueta-punto-cuello-combinado-p09598043.html?v1=79945244&amp;v2=1712675\">29,95 euros<\/a>.<\/p>\n<p><!-- BREAK 9 --><\/p>\n<div class=\"article-asset-image article-asset-normal article-asset-center\">\n<div class=\"asset-content\"> <img class=\"sf-lazy centro_sinmarco\" data-sf-srcset=\"http:\/\/hoycordobaweb.com\/wp-content\/uploads\/2021\/01\/la-nueva-coleccion-de-chalecos-jerseis-y-cardigans-de-zara-te-hara-olvidar-momentaneamente-de-las-rebajas-7.jpg 450w, http:\/\/hoycordobaweb.com\/wp-content\/uploads\/2021\/01\/la-nueva-coleccion-de-chalecos-jerseis-y-cardigans-de-zara-te-hara-olvidar-momentaneamente-de-las-rebajas-31.jpg 681w,http:\/\/hoycordobaweb.com\/wp-content\/uploads\/2021\/01\/la-nueva-coleccion-de-chalecos-jerseis-y-cardigans-de-zara-te-hara-olvidar-momentaneamente-de-las-rebajas-32.jpg 1024w, http:\/\/hoycordobaweb.com\/wp-content\/uploads\/2021\/01\/la-nueva-coleccion-de-chalecos-jerseis-y-cardigans-de-zara-te-hara-olvidar-momentaneamente-de-las-rebajas-33.jpg 1366w,\" data-sf-src=\"http:\/\/hoycordobaweb.com\/wp-content\/uploads\/2021\/01\/la-nueva-coleccion-de-chalecos-jerseis-y-cardigans-de-zara-te-hara-olvidar-momentaneamente-de-las-rebajas-7.jpg\" alt=\"Chaleco Punto Zara 07\"> <noscript><img alt=\"Chaleco Punto Zara 07\" class=\"centro_sinmarco\" src=\"http:\/\/hoycordobaweb.com\/wp-content\/uploads\/2021\/01\/la-nueva-coleccion-de-chalecos-jerseis-y-cardigans-de-zara-te-hara-olvidar-momentaneamente-de-las-rebajas-7.jpg\"><\/noscript> <\/div>\n<\/div>\n<p>&#8211; Chaqueta de escote pico y manga larga, <a href=\"https:\/\/www.zara.com\/es\/es\/chaqueta-larga-jacquard-p03597007.html?v1=82113850&amp;v2=1712675\">29,95 euros<\/a>.<\/p>\n<p><!-- BREAK 10 --><\/p>\n<div class=\"article-asset-image article-asset-normal article-asset-center\">\n<div class=\"asset-content\"> <img class=\"sf-lazy centro_sinmarco\" data-sf-srcset=\"http:\/\/hoycordobaweb.com\/wp-content\/uploads\/2021\/01\/la-nueva-coleccion-de-chalecos-jerseis-y-cardigans-de-zara-te-hara-olvidar-momentaneamente-de-las-rebajas-8.jpg 450w, http:\/\/hoycordobaweb.com\/wp-content\/uploads\/2021\/01\/la-nueva-coleccion-de-chalecos-jerseis-y-cardigans-de-zara-te-hara-olvidar-momentaneamente-de-las-rebajas-34.jpg 681w,http:\/\/hoycordobaweb.com\/wp-content\/uploads\/2021\/01\/la-nueva-coleccion-de-chalecos-jerseis-y-cardigans-de-zara-te-hara-olvidar-momentaneamente-de-las-rebajas-35.jpg 1024w, http:\/\/hoycordobaweb.com\/wp-content\/uploads\/2021\/01\/la-nueva-coleccion-de-chalecos-jerseis-y-cardigans-de-zara-te-hara-olvidar-momentaneamente-de-las-rebajas-36.jpg 1366w,\" data-sf-src=\"http:\/\/hoycordobaweb.com\/wp-content\/uploads\/2021\/01\/la-nueva-coleccion-de-chalecos-jerseis-y-cardigans-de-zara-te-hara-olvidar-momentaneamente-de-las-rebajas-8.jpg\" alt=\"Chaleco Punto Zara 10\"> <noscript><img alt=\"Chaleco Punto Zara 10\" class=\"centro_sinmarco\" src=\"http:\/\/hoycordobaweb.com\/wp-content\/uploads\/2021\/01\/la-nueva-coleccion-de-chalecos-jerseis-y-cardigans-de-zara-te-hara-olvidar-momentaneamente-de-las-rebajas-8.jpg\"><\/noscript> <\/div>\n<\/div>\n<p>&#8211; Chaqueta amplia de punto con escote pico y manga larga, <a href=\"https:\/\/www.zara.com\/es\/es\/chaqueta-punto-jacquard-p01383001.html?v1=80355578&amp;v2=1718198\">39,95 euros<\/a>.<\/p>\n<p><!-- BREAK 11 --><\/p>\n<div class=\"article-asset-image article-asset-normal article-asset-center\">\n<div class=\"asset-content\"> <img class=\"sf-lazy centro_sinmarco\" data-sf-srcset=\"http:\/\/hoycordobaweb.com\/wp-content\/uploads\/2021\/01\/la-nueva-coleccion-de-chalecos-jerseis-y-cardigans-de-zara-te-hara-olvidar-momentaneamente-de-las-rebajas-9.jpg 450w, http:\/\/hoycordobaweb.com\/wp-content\/uploads\/2021\/01\/la-nueva-coleccion-de-chalecos-jerseis-y-cardigans-de-zara-te-hara-olvidar-momentaneamente-de-las-rebajas-37.jpg 681w,http:\/\/hoycordobaweb.com\/wp-content\/uploads\/2021\/01\/la-nueva-coleccion-de-chalecos-jerseis-y-cardigans-de-zara-te-hara-olvidar-momentaneamente-de-las-rebajas-38.jpg 1024w, http:\/\/hoycordobaweb.com\/wp-content\/uploads\/2021\/01\/la-nueva-coleccion-de-chalecos-jerseis-y-cardigans-de-zara-te-hara-olvidar-momentaneamente-de-las-rebajas-39.jpg 1366w,\" data-sf-src=\"http:\/\/hoycordobaweb.com\/wp-content\/uploads\/2021\/01\/la-nueva-coleccion-de-chalecos-jerseis-y-cardigans-de-zara-te-hara-olvidar-momentaneamente-de-las-rebajas-9.jpg\" alt=\"Chaleco Punto Zara 11\"> <noscript><img alt=\"Chaleco Punto Zara 11\" class=\"centro_sinmarco\" src=\"http:\/\/hoycordobaweb.com\/wp-content\/uploads\/2021\/01\/la-nueva-coleccion-de-chalecos-jerseis-y-cardigans-de-zara-te-hara-olvidar-momentaneamente-de-las-rebajas-9.jpg\"><\/noscript> <\/div>\n<\/div>\n<p>&#8211; Chaqueta de cuello redondo y manga larga acabada en pu\u00f1o, <a href=\"https:\/\/www.zara.com\/es\/es\/chaqueta-bot%C3%B3n-joya-p01822005.html?v1=89722114&amp;v2=1718198\">29,95 euros<\/a>.<\/p>\n<p><!-- BREAK 12 --><\/p>\n<h2>Un jersey en blanco y negro<\/h2>\n<p>Por m\u00e1s que pasen los a\u00f1os la combinaci\u00f3n crom\u00e1tica de blanco y negro es fiel al d\u00eda a d\u00eda. No importa qu\u00e9 tendencias reinen en ese instante, este matrimonio crom\u00e1tico siempre funcionar\u00e1 (y as\u00ed lo vemos con estas propuestas).<\/p>\n<p><!-- BREAK 13 --><\/p>\n<div class=\"article-asset-image article-asset-normal article-asset-center\">\n<div class=\"asset-content\"> <img class=\"sf-lazy centro_sinmarco\" data-sf-srcset=\"http:\/\/hoycordobaweb.com\/wp-content\/uploads\/2021\/01\/la-nueva-coleccion-de-chalecos-jerseis-y-cardigans-de-zara-te-hara-olvidar-momentaneamente-de-las-rebajas-10.jpg 450w, http:\/\/hoycordobaweb.com\/wp-content\/uploads\/2021\/01\/la-nueva-coleccion-de-chalecos-jerseis-y-cardigans-de-zara-te-hara-olvidar-momentaneamente-de-las-rebajas-40.jpg 681w,http:\/\/hoycordobaweb.com\/wp-content\/uploads\/2021\/01\/la-nueva-coleccion-de-chalecos-jerseis-y-cardigans-de-zara-te-hara-olvidar-momentaneamente-de-las-rebajas-41.jpg 1024w, http:\/\/hoycordobaweb.com\/wp-content\/uploads\/2021\/01\/la-nueva-coleccion-de-chalecos-jerseis-y-cardigans-de-zara-te-hara-olvidar-momentaneamente-de-las-rebajas-42.jpg 1366w,\" data-sf-src=\"http:\/\/hoycordobaweb.com\/wp-content\/uploads\/2021\/01\/la-nueva-coleccion-de-chalecos-jerseis-y-cardigans-de-zara-te-hara-olvidar-momentaneamente-de-las-rebajas-10.jpg\" alt=\"Chaleco Punto Zara 08\"> <noscript><img alt=\"Chaleco Punto Zara 08\" class=\"centro_sinmarco\" src=\"http:\/\/hoycordobaweb.com\/wp-content\/uploads\/2021\/01\/la-nueva-coleccion-de-chalecos-jerseis-y-cardigans-de-zara-te-hara-olvidar-momentaneamente-de-las-rebajas-10.jpg\"><\/noscript> <\/div>\n<\/div>\n<p>&#8211; Jersey de cuello redondo con abertura ajustable con lazadas a contraste, <a href=\"https:\/\/www.zara.com\/es\/es\/jersey-punto-lazos-p05802008.html?v1=80138231&amp;v2=1712675\">29,95 euros<\/a>.<\/p>\n<p><!-- BREAK 14 --><\/p>\n<div class=\"article-asset-image article-asset-normal article-asset-center\">\n<div class=\"asset-content\"> <img class=\"sf-lazy centro_sinmarco\" data-sf-srcset=\"http:\/\/hoycordobaweb.com\/wp-content\/uploads\/2021\/01\/la-nueva-coleccion-de-chalecos-jerseis-y-cardigans-de-zara-te-hara-olvidar-momentaneamente-de-las-rebajas-11.jpg 450w, http:\/\/hoycordobaweb.com\/wp-content\/uploads\/2021\/01\/la-nueva-coleccion-de-chalecos-jerseis-y-cardigans-de-zara-te-hara-olvidar-momentaneamente-de-las-rebajas-43.jpg 681w,http:\/\/hoycordobaweb.com\/wp-content\/uploads\/2021\/01\/la-nueva-coleccion-de-chalecos-jerseis-y-cardigans-de-zara-te-hara-olvidar-momentaneamente-de-las-rebajas-44.jpg 1024w, http:\/\/hoycordobaweb.com\/wp-content\/uploads\/2021\/01\/la-nueva-coleccion-de-chalecos-jerseis-y-cardigans-de-zara-te-hara-olvidar-momentaneamente-de-las-rebajas-45.jpg 1366w,\" data-sf-src=\"http:\/\/hoycordobaweb.com\/wp-content\/uploads\/2021\/01\/la-nueva-coleccion-de-chalecos-jerseis-y-cardigans-de-zara-te-hara-olvidar-momentaneamente-de-las-rebajas-11.jpg\" alt=\"Chaleco Punto Zara 09\"> <noscript><img alt=\"Chaleco Punto Zara 09\" class=\"centro_sinmarco\" src=\"http:\/\/hoycordobaweb.com\/wp-content\/uploads\/2021\/01\/la-nueva-coleccion-de-chalecos-jerseis-y-cardigans-de-zara-te-hara-olvidar-momentaneamente-de-las-rebajas-11.jpg\"><\/noscript> <\/div>\n<\/div>\n<p>&#8211; Jersey amplio de cuello subido y manga larga, <a href=\"https:\/\/www.zara.com\/es\/es\/jersey-punto-rayas-p05536025.html?v1=82115679&amp;v2=1712675\">29,95 euros<\/a>.<\/p>\n<p><!-- BREAK 15 --><\/p>\n<p>Fotos | Zara<\/p>\n<\/p><\/div>\n<div readability=\"23.652173913043\">\n<div class=\"article-social-share js-article-social-share m-in-links\" readability=\"27.503184713376\">\n<p> Compartir <q class=\"article-social-share-meta\"> La nueva colecci\u00f3n de chalecos, jers\u00e9is y c\u00e1rdigans de Zara te har\u00e1 olvidar (moment\u00e1neamente) de las rebajas <\/q> <\/p>\n<\/p><\/div><\/div>\n","protected":false},"excerpt":{"rendered":"<p>Por m\u00e1s que las rebajas sigan el transcurso de su camino y vayan bajando los precios, Zara enamora con todo lo que lanza. Esta semana ha aprovechado para tentarnos con su nueva colecci\u00f3n donde prendas de punto en forma de jers\u00e9is, c\u00e1rdigans y chalecos toman el control. De formas originales y detalles rompedores, estas opciones [&hellip;]<\/p>\n","protected":false},"author":1,"featured_media":10337,"comment_status":"closed","ping_status":"closed","sticky":false,"template":"","format":"standard","meta":[],"categories":[1],"tags":[],"_links":{"self":[{"href":"http:\/\/hoycordobaweb.com\/index.php\/wp-json\/wp\/v2\/posts\/10336"}],"collection":[{"href":"http:\/\/hoycordobaweb.com\/index.php\/wp-json\/wp\/v2\/posts"}],"about":[{"href":"http:\/\/hoycordobaweb.com\/index.php\/wp-json\/wp\/v2\/types\/post"}],"author":[{"embeddable":true,"href":"http:\/\/hoycordobaweb.com\/index.php\/wp-json\/wp\/v2\/users\/1"}],"replies":[{"embeddable":true,"href":"http:\/\/hoycordobaweb.com\/index.php\/wp-json\/wp\/v2\/comments?post=10336"}],"version-history":[{"count":0,"href":"http:\/\/hoycordobaweb.com\/index.php\/wp-json\/wp\/v2\/posts\/10336\/revisions"}],"wp:featuredmedia":[{"embeddable":true,"href":"http:\/\/hoycordobaweb.com\/index.php\/wp-json\/wp\/v2\/media\/10337"}],"wp:attachment":[{"href":"http:\/\/hoycordobaweb.com\/index.php\/wp-json\/wp\/v2\/media?parent=10336"}],"wp:term":[{"taxonomy":"category","embeddable":true,"href":"http:\/\/hoycordobaweb.com\/index.php\/wp-json\/wp\/v2\/categories?post=10336"},{"taxonomy":"post_tag","embeddable":true,"href":"http:\/\/hoycordobaweb.com\/index.php\/wp-json\/wp\/v2\/tags?post=10336"}],"curies":[{"name":"wp","href":"https:\/\/api.w.org\/{rel}","templated":true}]}}