{"id":103337,"date":"2025-04-27T07:38:10","date_gmt":"2025-04-27T07:38:10","guid":{"rendered":"http:\/\/hoycordobaweb.com\/index.php\/2025\/04\/27\/ni-con-francisco-en-el-cielo-san-lorenzo-cayo-ante-central-y-exacerbo-la-bronca-de-sus-hinchas\/"},"modified":"2025-04-27T07:38:10","modified_gmt":"2025-04-27T07:38:10","slug":"ni-con-francisco-en-el-cielo-san-lorenzo-cayo-ante-central-y-exacerbo-la-bronca-de-sus-hinchas","status":"publish","type":"post","link":"http:\/\/hoycordobaweb.com\/index.php\/2025\/04\/27\/ni-con-francisco-en-el-cielo-san-lorenzo-cayo-ante-central-y-exacerbo-la-bronca-de-sus-hinchas\/","title":{"rendered":"Ni con Francisco en el cielo: San Lorenzo cay\u00f3 ante Central y exacerb\u00f3 la bronca de sus hinchas"},"content":{"rendered":"<div class=\"media_block\"><\/div>\n<div><img src=\"http:\/\/hoycordobaweb.com\/wp-content\/uploads\/2025\/04\/ni-con-francisco-en-el-cielo-san-lorenzo-cayo-ante-central-y-exacerbo-la-bronca-de-sus-hinchas.jpg\" class=\"ff-og-image-inserted\"><\/div>\n<p>San Lorenzo vivi\u00f3 una semana de bipolaridad total. De la tristeza y repercusi\u00f3n internacional por la muerte del papa Francisco, el hincha m\u00e1s c\u00e9lebre de su historia (\u00bfhay alg\u00fan hincha m\u00e1s c\u00e9lebre en la historia?), a la indignaci\u00f3n, bronca y repercusi\u00f3n nacional por la c\u00e1mara oculta en la que se ve a Marcelo Moretti recibir 25 mil d\u00f3lares por un supuesto acomodo o coima.<\/p>\n<p>Al menos hasta antes del partido, la atenci\u00f3n estaba m\u00e1s puesta en el clima del Nuevo Gas\u00f3metro que en el juego en s\u00ed. Y cuando decimos clima, es ese clima ambivalente y contrastante que era observar el homenaje al papa Francisco y, segundos despu\u00e9s, escuchar la furia hecha canci\u00f3n y los insultos al presidente ahora en \u201cuso de licencia\u201d. Los insultos no fueron aislados como en otros partidos, sino mayoritarios. Casi una sentencia a Moretti y toda la comisi\u00f3n directiva. Incluso a la oposici\u00f3n.<\/p>\n<p>En ese marco distinto se dio el partido contra Rosario Central, que llegaba al Gas\u00f3metro con un invicto de siete fechas y en la cima del grupo B. Los dos estaban clasificados, entonces el verdadero significado del partido era calcular el posible rival de los playoffs: casi m\u00e1s importante que los puntos en s\u00ed, m\u00e1s all\u00e1 de que suman para la clasificaci\u00f3n a las copas.<\/p>\n<div class=\"subscription\" readability=\"6.683257918552\">\n<p> Esto no les gusta a los autoritarios <\/p>\n<div class=\"subscription__container\" readability=\"6.1467391304348\">\n<div class=\"subscription__text-wrapper\" readability=\"31.20652173913\">\n<p> El ejercicio del periodismo profesional y cr\u00edtico es un pilar fundamental de la democracia. Por eso molesta a quienes creen ser los due\u00f1os de la verdad. <\/p>\n<\/p><\/div><\/div><\/div>\n<p>\u00bfSinti\u00f3 San Lorenzo, el equipo de Miguel \u00c1ngel Russo, la convulsi\u00f3n pol\u00edtica de esta semana? Probablemente. No porque haya cambiado sustancialmente su forma de jugar, sino porque perdi\u00f3 algo de vigor, muchas veces contagiado ida y vuelta entre los jugadores y las tribunas.<\/p>\n<p>Lo cierto es que el partido no mostr\u00f3 casi nada. Ni de un lado ni del otro. Central lleg\u00f3 con alg\u00fan tiro de afuera, como el de Lovera que Gill sac\u00f3 abajo. Y San Lorenzo apur\u00f3, arrim\u00f3, pero tampoco tuvo claridad en los \u00faltimos metros. El \u00fanico momento de claridad fue al final de la segunda parte, cuando Copetti recibi\u00f3 un centro rasante por izquierda y la puso en el \u00e1ngulo de Gill. Los festejos de los rosarinos, en el c\u00f3rner, terminaron cuando desde la popular local lanzaron una bomba de estruendo. La derrota reaviv\u00f3 el enojo contra Moretti y la dirigencia. En el final, como pas\u00f3 tantas veces en los \u00faltimos a\u00f1os, el pueblo azulgrana cant\u00f3 un hit: \u201cQue se vayan todos, que no quede ni uno solo\u201d.<\/p>\n<p>\u201cJuntos por la eternidad\u201d<\/p>\n<p>San Lorenzo decidi\u00f3 que la camiseta de ayer fuera \u00fanica. Por eso dise\u00f1\u00f3 un parche alusivo al papa Francisco en la semana de su fallecimiento y lo elev\u00f3 a la Liga Profesional para la autorizaci\u00f3n correspondiente. La aprobaci\u00f3n fue inmediata. \u201cJuntos por la eternidad\u201d fue el mensaje de esa imagen que cada futbolista azulgrana luci\u00f3 en su pecho. Y ese fue el mensaje que sobrevol\u00f3 en el Bidegain durante toda la tarde. <\/p>\n<p>Antes del partido, Iker Muniain y Jorge Broun encabezaron un homenaje al Papa. En la previa y en el entretiempo hubo una fuerte participaci\u00f3n de Scholas Occurrentes, la organizaci\u00f3n internacional de derecho pontificio creada por el papa Francisco en 2013 para transformar la educaci\u00f3n mundial.<\/p>\n<hr>\n<p>Viggo, contra Moretti<\/p>\n<p>El esc\u00e1ndalo en San Lorenzo sum\u00f3 una voz de enorme peso simb\u00f3lico. Viggo Mortensen, actor, director de cine y reconocido fan\u00e1tico del club, pidi\u00f3 la renuncia del presidente: \u201cMoretti, andate por favor, por el bien de San Lorenzo y su hinchada\u201d, escribi\u00f3.<\/p>\n","protected":false},"excerpt":{"rendered":"<p>San Lorenzo vivi\u00f3 una semana de bipolaridad total. De la tristeza y repercusi\u00f3n internacional por la muerte del papa Francisco, el hincha m\u00e1s c\u00e9lebre de su historia (\u00bfhay alg\u00fan hincha m\u00e1s c\u00e9lebre en la historia?), a la indignaci\u00f3n, bronca y repercusi\u00f3n nacional por la c\u00e1mara oculta en la que se ve a Marcelo Moretti recibir [&hellip;]<\/p>\n","protected":false},"author":1,"featured_media":103338,"comment_status":"closed","ping_status":"closed","sticky":false,"template":"","format":"standard","meta":[],"categories":[19],"tags":[],"_links":{"self":[{"href":"http:\/\/hoycordobaweb.com\/index.php\/wp-json\/wp\/v2\/posts\/103337"}],"collection":[{"href":"http:\/\/hoycordobaweb.com\/index.php\/wp-json\/wp\/v2\/posts"}],"about":[{"href":"http:\/\/hoycordobaweb.com\/index.php\/wp-json\/wp\/v2\/types\/post"}],"author":[{"embeddable":true,"href":"http:\/\/hoycordobaweb.com\/index.php\/wp-json\/wp\/v2\/users\/1"}],"replies":[{"embeddable":true,"href":"http:\/\/hoycordobaweb.com\/index.php\/wp-json\/wp\/v2\/comments?post=103337"}],"version-history":[{"count":0,"href":"http:\/\/hoycordobaweb.com\/index.php\/wp-json\/wp\/v2\/posts\/103337\/revisions"}],"wp:featuredmedia":[{"embeddable":true,"href":"http:\/\/hoycordobaweb.com\/index.php\/wp-json\/wp\/v2\/media\/103338"}],"wp:attachment":[{"href":"http:\/\/hoycordobaweb.com\/index.php\/wp-json\/wp\/v2\/media?parent=103337"}],"wp:term":[{"taxonomy":"category","embeddable":true,"href":"http:\/\/hoycordobaweb.com\/index.php\/wp-json\/wp\/v2\/categories?post=103337"},{"taxonomy":"post_tag","embeddable":true,"href":"http:\/\/hoycordobaweb.com\/index.php\/wp-json\/wp\/v2\/tags?post=103337"}],"curies":[{"name":"wp","href":"https:\/\/api.w.org\/{rel}","templated":true}]}}