{"id":103319,"date":"2025-04-26T16:49:55","date_gmt":"2025-04-26T16:49:55","guid":{"rendered":"https:\/\/www.ole.com.ar\/boca-juniors\/paternidad-riquelme-dirigente-river_0_CRt4rNsuBJ.html"},"modified":"2025-04-26T16:49:55","modified_gmt":"2025-04-26T16:49:55","slug":"como-va-la-paternidad-de-riquelme-dirigente-vs-river","status":"publish","type":"post","link":"http:\/\/hoycordobaweb.com\/index.php\/2025\/04\/26\/como-va-la-paternidad-de-riquelme-dirigente-vs-river\/","title":{"rendered":"C\u00f3mo va la paternidad de Riquelme dirigente vs. River"},"content":{"rendered":"<p><img src=\"http:\/\/hoycordobaweb.com\/wp-content\/uploads\/2025\/04\/como-va-la-paternidad-de-riquelme-dirigente-vs-river.jpg\"><\/p>\n<p><span class=\"createDate\">26\/04\/2025 13:49hs.<\/span><time class=\"modificatedDate\" datetime=\"2025-04-26T13:54:33-03:00\"> Actualizado al 26\/04\/2025 13:54hs.<\/time><\/p>\n<div id=\"storyBody\">\n<div class=\"custom-text \" readability=\"40\">\n<p>\u00abEl domingo ser\u00e1 un gran d\u00eda, seguramente para los hinchas de los dos equipos. Esperemos que se vea un gran partido, tenemos buenos jugadores de los dos lados y siempre tenemos la ilusi\u00f3n de que lo vamos a hacer bien, vamos a disfrutar y compartir de la mejor manera. Era lo que me pasaba de futbolista<strong>, es una semana diferente, vamos al estadio de ellos y so\u00f1amos con jugar bien a la pelota y poder ganar<\/strong>\u201d.<\/p>\n<\/div>\n<div class=\"custom-text \" readability=\"34.662309368192\">\n<p><strong><a href=\"https:\/\/www.ole.com.ar\/tema\/juan-roman-riquelme.html\" title=\"Juan Rom\u00e1n Riquelme\" alt=\"Juan Rom\u00e1n Riquelme\" class=\"slug\">Juan Rom\u00e1n Riquelme <\/a><\/strong>es presidente de<strong><a href=\"https:\/\/www.ole.com.ar\/tema\/boca-juniors.html\" title=\"Boca Juniors\" alt=\"Boca Juniors\" class=\"slug\"> Boca<\/a><\/strong> pero nunca va a dejar de ser futbolista, tal como puede verse reflejado en muchas de sus declaraciones. Como tampoco dejar\u00e1 nunca de vivir de forma especial los partidos ante <strong><a href=\"https:\/\/www.ole.com.ar\/tema\/river-plate.html\" title=\"River Plate\" alt=\"River Plate\" class=\"slug\">River<\/a><\/strong>. No por nada la rompi\u00f3 en la mayor\u00eda de los supercl\u00e1sicos, siendo figura estelar durante sus a\u00f1os con el 10 en la espalda. Y<strong> no por nada desde su vuelta como dirigente recuper\u00f3 la paternidad que va m\u00e1s all\u00e1 de los resultados&#8230;<\/strong><\/p>\n<\/div>\n<p><h2><strong>Sobran los ejemplos a favor de Rom\u00e1n:<\/strong><\/h2>\n<\/p>\n<div class=\"custom-text \" readability=\"34\">\n<p>-La<strong> Superliga 2019\/20 <\/strong>que le arrebat\u00f3 en la \u00faltima fecha con Russo como DT y Tevez haciendo el gol ante el Gimnasia de Maradona, con River no haciendo su parte en Tucum\u00e1n.<\/p>\n<\/div>\n<div class=\"custom-text \" readability=\"35\">\n<p>-Las series eliminatorias ganadas por penales en la<strong> Copa de la Liga y la Copa Argentina durante 2021<\/strong>, todav\u00eda con Russo en el banco. La segunda, sin patear al arco en los 90 minutos.<\/p>\n<\/div>\n<div class=\"custom-text \" readability=\"36\">\n<p>-En los<strong> campeonatos de 2022<\/strong>, gan\u00f3 con la camiseta amarilla y gol de Villa en el Monumental y con gol de Benedetto en la Bombonera con festejo trepado al alambrado. \u201cEl contrario no pate\u00f3 al arco\u201d, fue la sentencia de JR.<\/p>\n<\/div>\n<div class=\"sc-e7b891c4-0 ifHnQL image-embed\"><img alt=\"El gol de Villa a River en 2022.\" loading=\"lazy\" width=\"720\" height=\"100\" decoding=\"async\" data-nimg=\"1\" src=\"http:\/\/hoycordobaweb.com\/wp-content\/uploads\/2025\/04\/como-va-la-paternidad-de-riquelme-dirigente-vs-river-2.jpg\"><span class=\"epigraphe\">El gol de Villa a River en 2022.<\/span><\/div>\n<div class=\"custom-text \" readability=\"35\">\n<p>-En 2024, llegar\u00eda <strong>el Medinazo por la Liga y luego otra eliminaci\u00f3n en la Copa de la Liga en C\u00f3rdoba<\/strong>, cuando su Boca remont\u00f3 y gan\u00f3 3-2 con dos goles de Miguel Merentiel y uno de Edinson Cavani.<\/p>\n<\/div>\n<p><h2><strong>Los trapi\u00e9s de 2023 y el \u00faltimo de 2024<\/strong><\/h2>\n<\/p>\n<div class=\"custom-text \" readability=\"36\">\n<p>Apenas en 2023, con <strong>Mart\u00edn Demichelis en River<\/strong>, el Boca de Riquelme no pudo sacar ventaja en los supercl\u00e1sicos, pero luego se desquitar\u00eda con Micho en el citado mano a mano en el Kempes. <\/p>\n<\/div>\n<div class=\"custom-text \" readability=\"33.345622119816\">\n<p>Mientras que a <strong><a href=\"https:\/\/www.ole.com.ar\/tema\/marcelo-gallardo.html\" title=\"Marcelo Gallardo\" alt=\"Marcelo Gallardo\" class=\"slug\">Marcelo Gallardo<\/a> lo tuvo de hijo entre 2020 y su salida a fines de 2022. Reci\u00e9n en el regreso del Mu\u00f1eco, con la pol\u00e9mica derrota en el \u00faltimo supercl\u00e1sico, el presidente xeneize sufri\u00f3 un rev\u00e9s.<\/strong><\/p>\n<\/div>\n<p><h2><strong>Riquelme presente en el Monumental<\/strong><\/h2>\n<\/p>\n<div class=\"custom-text \" readability=\"36\">\n<p>Este domingo,<strong> se espera la presencia de Rom\u00e1n en el Monumental como en aquel empate 1-1 con un gol de Cristian Medina hace poco m\u00e1s de un a\u00f1o<\/strong>. Esta vez, acompa\u00f1ando al equipo de Fernando Gago. D\u00e1ndole su apoyo desde afuera. Su aura ganadora de supercl\u00e1sicos. Como jugador y como dirigente.<\/p>\n<\/div>\n<div class=\"sc-e7b891c4-0 ifHnQL image-embed\"><img alt=\"C\u00f3mo va la paternidad de Riquelme dirigente vs. River\" loading=\"lazy\" width=\"720\" height=\"100\" decoding=\"async\" data-nimg=\"1\" src=\"http:\/\/hoycordobaweb.com\/wp-content\/uploads\/2025\/04\/como-va-la-paternidad-de-riquelme-dirigente-vs-river-3.jpg\"><span class=\"epigraphe\">C\u00f3mo va la paternidad de Riquelme dirigente vs. River<\/span><\/div>\n<div class=\"sc-a7166897-0 eoLsBE\" readability=\"6\">\n<section readability=\"2\"><picture><img alt=\"Con grandes sorpresas: la lista de convocados de Boca para el supercl\u00e1sico\" loading=\"lazy\" width=\"290\" height=\"290\" decoding=\"async\" data-nimg=\"1\" src=\"http:\/\/hoycordobaweb.com\/wp-content\/uploads\/2025\/04\/como-va-la-paternidad-de-riquelme-dirigente-vs-river-4.jpg\"><\/picture>\n<p><span>Mir\u00e1 tambi\u00e9n<\/span><\/p>\n<hr>\n<h3>Con grandes sorpresas: la lista de convocados de Boca para el supercl\u00e1sico<\/h3>\n<\/p>\n<\/section>\n<\/div>\n<div class=\"sc-a7166897-0 eoLsBE\" readability=\"6\">\n<section readability=\"2\"><picture><img alt=\"Colidio y la cuenta pendiente que lo obsesiona en los supercl\u00e1sicos\" loading=\"lazy\" width=\"290\" height=\"290\" decoding=\"async\" data-nimg=\"1\" src=\"http:\/\/hoycordobaweb.com\/wp-content\/uploads\/2025\/04\/como-va-la-paternidad-de-riquelme-dirigente-vs-river-5.jpg\"><\/picture>\n<p><span>Mir\u00e1 tambi\u00e9n<\/span><\/p>\n<hr>\n<h3>Colidio y la cuenta pendiente que lo obsesiona en los supercl\u00e1sicos<\/h3>\n<\/p>\n<\/section>\n<\/div>\n<div class=\"sc-a7166897-0 eoLsBE\" readability=\"6\">\n<section readability=\"2\"><picture><img alt=\"La lista de River para el supercl\u00e1sico: los regresos y qui\u00e9nes se quedaron afuera\" loading=\"lazy\" width=\"290\" height=\"290\" decoding=\"async\" data-nimg=\"1\" src=\"http:\/\/hoycordobaweb.com\/wp-content\/uploads\/2025\/04\/como-va-la-paternidad-de-riquelme-dirigente-vs-river-6.jpg\"><\/picture>\n<p><span>Mir\u00e1 tambi\u00e9n<\/span><\/p>\n<hr>\n<h3>La lista de River para el supercl\u00e1sico: los regresos y qui\u00e9nes se quedaron afuera<\/h3>\n<\/p>\n<\/section>\n<\/div>\n<div class=\"sc-a7166897-0 eoLsBE\" readability=\"6\">\n<section readability=\"2\"><picture><img alt=\"El ostentoso homenaje de Boca a Bianchi por su cumplea\u00f1os\" loading=\"lazy\" width=\"290\" height=\"290\" decoding=\"async\" data-nimg=\"1\" src=\"http:\/\/hoycordobaweb.com\/wp-content\/uploads\/2025\/04\/como-va-la-paternidad-de-riquelme-dirigente-vs-river-7.jpg\"><\/picture>\n<p><span>Mir\u00e1 tambi\u00e9n<\/span><\/p>\n<hr>\n<h3>El ostentoso homenaje de Boca a Bianchi por su cumplea\u00f1os<\/h3>\n<\/p>\n<\/section>\n<\/div>\n<div class=\"sc-a7166897-0 eoLsBE\" readability=\"6\">\n<section readability=\"2\"><picture><img alt=\"La revancha Monumental que busca Gago como DT de Boca\" loading=\"lazy\" width=\"290\" height=\"290\" decoding=\"async\" data-nimg=\"1\" src=\"http:\/\/hoycordobaweb.com\/wp-content\/uploads\/2025\/04\/como-va-la-paternidad-de-riquelme-dirigente-vs-river-8.jpg\"><\/picture>\n<p><span>Mir\u00e1 tambi\u00e9n<\/span><\/p>\n<hr>\n<h3>La revancha Monumental que busca Gago como DT de Boca<\/h3>\n<\/p>\n<\/section>\n<\/div>\n<\/div>\n","protected":false},"excerpt":{"rendered":"<p>26\/04\/2025 13:49hs. Actualizado al 26\/04\/2025 13:54hs. \u00abEl domingo ser\u00e1 un gran d\u00eda, seguramente para los hinchas de los dos equipos. Esperemos que se vea un gran partido, tenemos buenos jugadores de los dos lados y siempre tenemos la ilusi\u00f3n de que lo vamos a hacer bien, vamos a disfrutar y compartir de la mejor manera. [&hellip;]<\/p>\n","protected":false},"author":1,"featured_media":103320,"comment_status":"open","ping_status":"closed","sticky":false,"template":"","format":"standard","meta":[],"categories":[16],"tags":[],"_links":{"self":[{"href":"http:\/\/hoycordobaweb.com\/index.php\/wp-json\/wp\/v2\/posts\/103319"}],"collection":[{"href":"http:\/\/hoycordobaweb.com\/index.php\/wp-json\/wp\/v2\/posts"}],"about":[{"href":"http:\/\/hoycordobaweb.com\/index.php\/wp-json\/wp\/v2\/types\/post"}],"author":[{"embeddable":true,"href":"http:\/\/hoycordobaweb.com\/index.php\/wp-json\/wp\/v2\/users\/1"}],"replies":[{"embeddable":true,"href":"http:\/\/hoycordobaweb.com\/index.php\/wp-json\/wp\/v2\/comments?post=103319"}],"version-history":[{"count":0,"href":"http:\/\/hoycordobaweb.com\/index.php\/wp-json\/wp\/v2\/posts\/103319\/revisions"}],"wp:featuredmedia":[{"embeddable":true,"href":"http:\/\/hoycordobaweb.com\/index.php\/wp-json\/wp\/v2\/media\/103320"}],"wp:attachment":[{"href":"http:\/\/hoycordobaweb.com\/index.php\/wp-json\/wp\/v2\/media?parent=103319"}],"wp:term":[{"taxonomy":"category","embeddable":true,"href":"http:\/\/hoycordobaweb.com\/index.php\/wp-json\/wp\/v2\/categories?post=103319"},{"taxonomy":"post_tag","embeddable":true,"href":"http:\/\/hoycordobaweb.com\/index.php\/wp-json\/wp\/v2\/tags?post=103319"}],"curies":[{"name":"wp","href":"https:\/\/api.w.org\/{rel}","templated":true}]}}