{"id":103312,"date":"2025-04-26T12:48:51","date_gmt":"2025-04-26T12:48:51","guid":{"rendered":"https:\/\/ladecimaweb.com\/?p=31748"},"modified":"2025-04-26T12:48:51","modified_gmt":"2025-04-26T12:48:51","slug":"trasladaron-a-una-carcel-federal-al-jefe-barra-de-la-fiel-dario-caceres","status":"publish","type":"post","link":"http:\/\/hoycordobaweb.com\/index.php\/2025\/04\/26\/trasladaron-a-una-carcel-federal-al-jefe-barra-de-la-fiel-dario-caceres\/","title":{"rendered":"Trasladaron a una c\u00e1rcel federal al jefe barra de la Fiel, Dar\u00edo C\u00e1ceres"},"content":{"rendered":"<div class=\"boldgrid-section\">\n<div class=\"container\">\n<div class=\"row\">\n<div class=\"col-md-12 col-xs-12 col-sm-12\">\n<article id=\"post-618179\" class=\"post-618179 post type-post status-publish format-standard has-post-thumbnail hentry category-informacion-general category-no-home ast-article-single\">\n<div class=\"ast-post-format- single-layout-1\">\n<div class=\"entry-content clear\" itemprop=\"text\">\n<p class=\"eplus-wrapper\">Este viernes,<strong> el Servicio Penitenciario de la Provincia traslad\u00f3 a un establecimiento del Servicio Penitenciario Federal al recluso Dar\u00edo Ram\u00f3n C\u00e1ceres<\/strong>, quien desde marzo del 2022 estaba alojado en el Complejo Carcelario N\u00b0 1 de Bouwer, primero, y en el C.C. N\u00b0 2 de Cruz del Eje, despu\u00e9s.<\/p>\n<p class=\"\">C\u00e1ceres es o era uno de los m\u00e1ximos jefes de la Fiel, la barra brava del club atl\u00e9tico Talleres de Cba. <span>&nbsp;<strong>Fue trasladado al penal de m\u00e1xima seguridad de Ezeiza.&nbsp;<\/strong><\/span><\/p>\n<p class=\"\" data-mrf-recirculation=\"Cuerpo de la nota\"><span merriweather=\"\" regular=\"\" font-size:=\"\" 1rem=\"\"><strong>La decisi\u00f3n se tom\u00f3 tras la viralizaci\u00f3n de un audio de m\u00e1s de 15 minutos en el que C\u00e1ceres, preso por narcotr\u00e1fico, lanza amenazas de &#8220;guerra&#8221; contra sus propios c\u00f3mplices dentro de la barra,<\/strong> generando alarma entre las autoridades.&nbsp;<\/span><\/p>\n<p class=\"\" data-mrf-recirculation=\"Cuerpo de la nota\"><span merriweather=\"\" regular=\"\" font-size:=\"\" 1rem=\"\">El audio, que se difundi\u00f3 a trav\u00e9s de<span>&nbsp;<\/span><a href=\"https:\/\/www.cadena3.com\/noticia\/ahora-pais\/trasladan-al-jefe-de-la-barra-de-talleres-al-penal-de-ezeiza_417732\"><b>Cadena 3<\/b><\/a>, muestra a C\u00e1ceres realizando amenazas expl\u00edcitas. En un fragmento, se escucha: &#8220;No te hagas vivo, boludo. El jefe soy yo&#8221;. Este audio, que dura 17 minutos, fue grabado desde el pabell\u00f3n D3 del m\u00f3dulo MX1 de la c\u00e1rcel de Bower, donde se encontraron 18 celulares tras un allanamiento realizado por la Fiscal\u00eda Josemana.<\/span><\/p>\n<p class=\"eplus-wrapper\">El traslado del interno desde la c\u00e1rcel de Cruz del Eje hasta el aeropuerto \u201cAmbrosio Taravella\u201d de la ciudad capital estuvo a cargo del Grupo de Operaciones T\u00e1cticas Penitenciarias (GOTP) y del Grupo de Intervenci\u00f3n R\u00e1pido Femenina (GIRF), ambos pertenecientes al Servicio Penitenciario de la Provincia, conjuntamente con personal del \u00abGrupo Especial de Intervenci\u00f3n\u00bb (GEI), un grupo de \u00e9lite del Servicio Penitenciario Federal (SPF), quien depositar\u00e1 a C\u00e1ceres en un penal federal.<\/p>\n<p class=\" eplus-wrapper\">El ministro de Justicia, Juli\u00e1n L\u00f3pez, qui\u00e9n estuvo presente supervisando el operativo, expres\u00f3: \u201c<em>Estamos cumpliendo con la voluntad de nuestro gobernador Mart\u00edn Llaryora, de que quienes delinquen y est\u00e9n privados de libertad cumpliendo una pena, lo hagan en las condiciones que tienen que hacerlo, sin ning\u00fan tipo de privilegio. Y que aquellos que cometan irregularidades o acciones il\u00edcitas, incluso dentro de los establecimientos penitenciarios, tampoco tengan impunidad\u201d.<\/em><\/p>\n<figure class=\"wp-block-gallery has-nested-images columns-default is-cropped eplus-wrapper wp-block-gallery-1\">\n<figure class=\" wp-block-image size-large eplus-wrapper\">\n<p class=\"mod-reset\">&nbsp;<\/p>\n<\/figure>\n<figure class=\" wp-block-image size-large eplus-wrapper\">\n<p class=\"mod-reset\"><img loading=\"lazy\" class=\"wp-image-618181\" src=\"https:\/\/prensa.cba.gov.ar\/wp-content\/uploads\/2025\/04\/WhatsApp-Image-2025-04-25-at-16.17.56-1024x576.jpeg\" sizes=\"(max-width: 1024px) 100vw, 1024px\" srcset=\"https:\/\/prensa.cba.gov.ar\/wp-content\/uploads\/2025\/04\/WhatsApp-Image-2025-04-25-at-16.17.56-1024x576.jpeg 1024w, https:\/\/prensa.cba.gov.ar\/wp-content\/uploads\/2025\/04\/WhatsApp-Image-2025-04-25-at-16.17.56-300x169.jpeg 300w, https:\/\/prensa.cba.gov.ar\/wp-content\/uploads\/2025\/04\/WhatsApp-Image-2025-04-25-at-16.17.56-768x432.jpeg 768w, https:\/\/prensa.cba.gov.ar\/wp-content\/uploads\/2025\/04\/WhatsApp-Image-2025-04-25-at-16.17.56-1536x864.jpeg 1536w, https:\/\/prensa.cba.gov.ar\/wp-content\/uploads\/2025\/04\/WhatsApp-Image-2025-04-25-at-16.17.56.jpeg 1600w\" alt=\"\" width=\"578\" height=\"325\" data-id=\"618181\"><\/p>\n<\/figure>\n<\/figure>\n<p class=\" eplus-wrapper\">&nbsp;<\/p>\n<figure class=\" wp-block-audio eplus-wrapper\"><\/figure>\n<p class=\"eplus-wrapper\">L\u00f3pez destac\u00f3 el trabajo en conjunto con la ministra de Seguridad de Naci\u00f3n, Patricia Bullrich, <em>\u201cpara llevar tranquilidad, que quienes tengan que cumplir penas en los establecimientos penitenciarios, lo hagan en las condiciones que son las correspondientes\u201d.<\/em><\/p>\n<p class=\"eplus-wrapper\">Dar\u00edo Ram\u00f3n C\u00e1ceres hab\u00eda sido condenado en primera instancia, en noviembre de 2023, por el Tribunal Oral Federal N\u00b0 2 tras <strong>haber sido declarado culpable por el delito de \u201corganizaci\u00f3n para el comercio y transporte de estupefacientes\u201d. La pena a cumplir es de ocho a\u00f1os y seis meses.<\/strong><\/p>\n<p class=\"\">&nbsp;<\/p>\n<\/div>\n<\/div>\n<div itemprop=\"text\">\n<div class=\"ubm_banner\"><a href=\"https:\/\/youtu.be\/h2J_ZdbxYVc\" target=\"_blank\" rel=\"dofollow noopener noreferrer\"><img src=\"http:\/\/hoycordobaweb.com\/wp-content\/uploads\/2025\/04\/trasladaron-a-una-carcel-federal-al-jefe-barra-de-la-fiel-dario-caceres.gif\" alt=\"\"><\/a><\/div>\n<\/div>\n<\/article>\n<\/div>\n<\/div>\n<\/div>\n<\/div>\n<p>La entrada <a rel=\"nofollow\" href=\"https:\/\/ladecimaweb.com\/trasladaron-a-una-carcel-federal-al-jefe-barra-de-la-fiel-dario-caceres\/\">Trasladaron a una c\u00e1rcel federal al jefe barra de la Fiel, Dar\u00edo C\u00e1ceres<\/a> se public\u00f3 primero en <a rel=\"nofollow\" href=\"https:\/\/ladecimaweb.com\">LaDecima<\/a>.<\/p>\n","protected":false},"excerpt":{"rendered":"<p>Este viernes, el Servicio Penitenciario de la Provincia traslad\u00f3 a un establecimiento del Servicio Penitenciario Federal al recluso Dar\u00edo Ram\u00f3n C\u00e1ceres, quien desde marzo del 2022 estaba alojado en el Complejo Carcelario N\u00b0 1 de Bouwer, primero, y en el C.C. N\u00b0 2 de Cruz del Eje, despu\u00e9s. C\u00e1ceres es o era uno de los [&hellip;]<\/p>\n","protected":false},"author":1,"featured_media":0,"comment_status":"closed","ping_status":"closed","sticky":false,"template":"","format":"standard","meta":[],"categories":[32],"tags":[],"_links":{"self":[{"href":"http:\/\/hoycordobaweb.com\/index.php\/wp-json\/wp\/v2\/posts\/103312"}],"collection":[{"href":"http:\/\/hoycordobaweb.com\/index.php\/wp-json\/wp\/v2\/posts"}],"about":[{"href":"http:\/\/hoycordobaweb.com\/index.php\/wp-json\/wp\/v2\/types\/post"}],"author":[{"embeddable":true,"href":"http:\/\/hoycordobaweb.com\/index.php\/wp-json\/wp\/v2\/users\/1"}],"replies":[{"embeddable":true,"href":"http:\/\/hoycordobaweb.com\/index.php\/wp-json\/wp\/v2\/comments?post=103312"}],"version-history":[{"count":0,"href":"http:\/\/hoycordobaweb.com\/index.php\/wp-json\/wp\/v2\/posts\/103312\/revisions"}],"wp:attachment":[{"href":"http:\/\/hoycordobaweb.com\/index.php\/wp-json\/wp\/v2\/media?parent=103312"}],"wp:term":[{"taxonomy":"category","embeddable":true,"href":"http:\/\/hoycordobaweb.com\/index.php\/wp-json\/wp\/v2\/categories?post=103312"},{"taxonomy":"post_tag","embeddable":true,"href":"http:\/\/hoycordobaweb.com\/index.php\/wp-json\/wp\/v2\/tags?post=103312"}],"curies":[{"name":"wp","href":"https:\/\/api.w.org\/{rel}","templated":true}]}}