{"id":103214,"date":"2025-04-25T17:33:37","date_gmt":"2025-04-25T17:33:37","guid":{"rendered":"https:\/\/www.ole.com.ar\/boca-juniors\/boca-conferencia-river-conjunta-marchesin-martinez-quarta-afa-liga-superclasico_0_lV6PzZpDrY.html"},"modified":"2025-04-25T17:33:37","modified_gmt":"2025-04-25T17:33:37","slug":"marchesin-picante-y-bostero-en-cancha-de-river-estuve-con-lanus-en-el-partido-que-tenia-que-estar","status":"publish","type":"post","link":"http:\/\/hoycordobaweb.com\/index.php\/2025\/04\/25\/marchesin-picante-y-bostero-en-cancha-de-river-estuve-con-lanus-en-el-partido-que-tenia-que-estar\/","title":{"rendered":"Marchesin, picante y bostero: \u00abEn cancha de River, estuve con Lan\u00fas en el partido que ten\u00eda que estar\u00bb"},"content":{"rendered":"<p><img src=\"http:\/\/hoycordobaweb.com\/wp-content\/uploads\/2025\/04\/marchesin-picante-y-bostero-en-cancha-de-river-estuve-con-lanus-en-el-partido-que-tenia-que-estar.jpg\"><\/p>\n<p><span class=\"createDate\">25\/04\/2025 14:33hs.<\/span><time class=\"modificatedDate\" datetime=\"2025-04-25T14:45:30-03:00\"> Actualizado al 25\/04\/2025 14:45hs.<\/time><\/p>\n<div id=\"storyBody\">\n<div class=\"custom-text \" readability=\"40.323049001815\">\n<p>Pas\u00f3 la previa del supercl\u00e1sico, esa semana tan particular en la cual todo lo que pasa alrededor de <strong><a href=\"https:\/\/www.ole.com.ar\/tema\/boca-juniors.html\" title=\"Boca Juniors\" alt=\"Boca Juniors\" class=\"slug\">Boca<\/a><\/strong> y de River toma especial relevancia. En este caso, para Boca fue pura pr\u00e1ctica pensando en el domingo, con las complicaciones f\u00edsicas a cuestas. Para River, con competencia internacional de por medio, el traj\u00edn fue mayor. <strong>Pero la conferencia de prensa de presentaci\u00f3n del partido ya puede tomarse como una especie de pitazo incial, algo as\u00ed como el pesaje en el boxeo. Y ah\u00ed estuvo representando al Xeneize su arquero, <a href=\"https:\/\/www.ole.com.ar\/tema\/agustin-marchesin.html\" title=\"Agustin Marchesin\" alt=\"Agustin Marchesin\" class=\"slug\">Agust\u00edn Marchesin<\/a>.<\/strong><\/p>\n<\/div>\n<div class=\"custom-text \" readability=\"36\">\n<p>Esa representaci\u00f3n estuvo a la altura, indudablemente. P<strong>orque si bien lleva tan s\u00f3lo 14 partidos con la azul y oro, su amor por la camiseta lo llev\u00f3 a transitar su carrera con el coraz\u00f3n puesto en su sentimiento bostero.<\/strong> Y -fiel a \u00e9l- cerr\u00f3 el acto con un recordatorio muy especial&#8230;<\/p>\n<\/div>\n<div class=\"custom-text \" readability=\"41\">\n<p><strong>-\u00bfEn qu\u00e9 supercl\u00e1sico hist\u00f3rico te hubiese gustado estar en el arco xeneize?<\/strong>, le preguntaron a Marche. A lo que Agust\u00edn respondi\u00f3, con una sonrisa en su rostro, que <strong>\u00abcomo hincha el partido m\u00e1s importante fue haber estado con Lan\u00fas, en cancha de River. Ese fue el que m\u00e1s disfrut\u00e9. Y estuve en el que ten\u00eda que estar\u00bb<\/strong>, dijo. Y por si alguno no capt\u00f3 el mensaje, la referencia fue inequ\u00edvoca.<\/p>\n<\/div>\n<div class=\"custom-text \" readability=\"38\">\n<p>El partido en cuesti\u00f3n es el que se jug\u00f3 el 18 de junio de 2011, una semana y un d\u00eda antes del hist\u00f3rico descenso del Millonario a la segunda categor\u00eda. <strong>Esa tarde, Lan\u00fas (con Marchesin en el arco) le gan\u00f3 2 a 1 a River y lo conden\u00f3 a jugar la Promoci\u00f3n que a la postre perder\u00eda ante Belgrano. El sue\u00f1o de todo hincha de Boca, tal vez.<\/strong><\/p>\n<\/div>\n<div class=\"custom-text \" readability=\"41\">\n<p>\u00abTenemos un plantel con mucha jerarqu\u00eda, que sabe lo que significa Boca. <strong>El equipo m\u00e1s grande de la Argentina y por eso el compromiso de ganar, en la cancha que juguemos. Es una final m\u00e1s, m\u00e1s all\u00e1 del rival que enfrentemos.<\/strong> Boca siempre tiene la obligaci\u00f3n de ganar\u00bb, arranc\u00f3 el arquero xeneize, dejando en claro su consciencia acerca del lugar que ocupa, ya como referente pese a haber llegado al club hace apenas algunos meses.<\/p>\n<\/div>\n<div class=\"custom-text \" readability=\"38\">\n<p>Sobre Edinson Cavani y su ausencia, expres\u00f3: \u00abObviamente Edi es un jugador importante, un jugador de much\u00edsima jerarqu\u00eda, superior al de todos los del f\u00fatbol argentino. La carrera suya habla por s\u00ed sola. Obviamente es una baja importante pero tenemos un plantel de mucha jerarqu\u00eda que estamos todos preparados para la ocasi\u00f3n\u00bb.<\/p>\n<\/div>\n<div class=\"custom-text \" readability=\"40\">\n<p><strong>\u00abPor ser hincha de Boca jugar mi primer cl\u00e1sico es algo especial, algo lindo. Estoy viviendo un sue\u00f1o porque estoy defendiendo la camiseta que siempre so\u00f1\u00e9 defender. <\/strong>Cada partido significa jugar como un hincha, como un agradecido al club. Y lo hago con mucho orgullo, con mucha pasi\u00f3n y ojal\u00e1 podamos quedarnos con los tres puntos para darle una alegr\u00eda a la gente que siempre nos apoya\u00bb, confi\u00f3, dejando en claro sus sentimientos.<\/p>\n<\/div>\n<div class=\"custom-text \" readability=\"39\">\n<p>\u00abPara m\u00ed significa mucho el solo hecho de vestir esta camiseta. Vengo de un pueblo de 8 mil personas y tener esta oportunidad, lo quiero defender con alma y vida. Lo disfruto, pero lo vivo con tranquilidad. Vamos all\u00e1 a ganar, venimos trabajando, venimos creciendo y creo que es el camino. Vamos partido a partido y tomamos \u00e9ste como lo que es\u00bb.<\/p>\n<\/div>\n<div class=\"custom-text \" readability=\"38\">\n<p>\u00ab\u00bfAn\u00e1lisis de River? Nos enfocamos en Boca. Tenemos un equipo para poder lastimar a River, trabajamos en d\u00f3nde poder lastimarlos, d\u00f3nde sacar provecho, sus virtudes, pero enfocarnos en nosotros que es lo m\u00e1s importante.<\/p>\n<\/div>\n<div class=\"custom-text \" readability=\"39\">\n<p>\u00abLos detalle marcan la diferencia en \u00e9stos partidos, son importantes. Trataremos de estar concentrados, de tener un buen partido. Somos un plantel que nos comunicamos dentro y tambi\u00e9n fuera del campo. Es un grupo incre\u00edble, que va con hambre, con ambici\u00f3n todos los d\u00edas con ganas de lograr los objetivos y cerrar un gran a\u00f1o\u00bb.<\/p>\n<\/div>\n<div class=\"custom-text \" readability=\"42\">\n<p>\u00abOjal\u00e1 podamos ganar, ser\u00eda importante. Vamos con mucha ilusi\u00f3n y preparados para lo que va a ser el partido. Lo de la Copa no se va a subsanar, fue un golpe muy duro quedar afuera. Ten\u00edamos mucha ilusi\u00f3n. Sabemos que con River va a ser importante, para nosotros y para el hincha. No te voy a mentir cuando s\u00ed lo fue. Sab\u00edamos que necesit\u00e1bamos de tiempo porque era un plantel nuevo, que se junt\u00f3 sobre el final. Y poco a poco se va viendo la mano del t\u00e9cnico, qu\u00e9 es lo que busca del d\u00eda a d\u00eda, en cada partido. Venimos trabajando bien y hay que seguir por ese camino, de humildad\u00bb.<\/p>\n<\/div>\n<div class=\"custom-text \" readability=\"36\">\n<p>\u00abEstamos muy bien, en el primer lugar de nuestra zona. Tenemos un grupo muy bueno de trabajo que d\u00eda a d\u00eda se propone ser mejor y estamos con mucha ilusi\u00f3n de regalarle al hincha lo que siente, queremos tratar de salir campeones que es el objetivo final\u00bb <\/p>\n<\/div>\n<div class=\"sc-a7166897-0 eoLsBE\" readability=\"7.5\">\n<section readability=\"5\"><picture><img alt=\"Boca EN VIVO: el 11 de Gago para el S\u00faper, las predicciones del astr\u00f3logo, \u00bfllega Milton? Y m\u00e1s temas de este viernes 25 de abril\" loading=\"lazy\" width=\"290\" height=\"290\" decoding=\"async\" data-nimg=\"1\" src=\"http:\/\/hoycordobaweb.com\/wp-content\/uploads\/2025\/04\/marchesin-picante-y-bostero-en-cancha-de-river-estuve-con-lanus-en-el-partido-que-tenia-que-estar-2.jpg\"><\/picture>\n<p><span>Mir\u00e1 tambi\u00e9n<\/span><\/p>\n<hr>\n<h3>Boca EN VIVO: el 11 de Gago para el S\u00faper, las predicciones del astr\u00f3logo, \u00bfllega Milton? Y m\u00e1s temas de este viernes 25 de abril<\/h3>\n<\/p>\n<\/section>\n<\/div>\n<div class=\"sc-a7166897-0 eoLsBE\" readability=\"7.5\">\n<section readability=\"5\"><picture><img alt=\"Mart\u00ednez Quarta y Marches\u00edn, antes del S\u00faper: la ausencia de Cavani, el factor Mastantuono y &quot;es una final m\u00e1s&quot;\" loading=\"lazy\" width=\"290\" height=\"290\" decoding=\"async\" data-nimg=\"1\" src=\"http:\/\/hoycordobaweb.com\/wp-content\/uploads\/2025\/04\/marchesin-picante-y-bostero-en-cancha-de-river-estuve-con-lanus-en-el-partido-que-tenia-que-estar-3.jpg\"><\/picture>\n<p><span>Mir\u00e1 tambi\u00e9n<\/span><\/p>\n<hr>\n<h3>Mart\u00ednez Quarta y Marches\u00edn, antes del S\u00faper: la ausencia de Cavani, el factor Mastantuono y \u00abes una final m\u00e1s\u00bb<\/h3>\n<\/p>\n<\/section>\n<\/div>\n<div class=\"sc-a7166897-0 eoLsBE\" readability=\"7\">\n<section readability=\"4\"><picture><img alt=\"Se lesion\u00f3, no juega hace seis meses y podr\u00eda meterse en el 11 de Boca para jugar contra River\" loading=\"lazy\" width=\"290\" height=\"290\" decoding=\"async\" data-nimg=\"1\" src=\"http:\/\/hoycordobaweb.com\/wp-content\/uploads\/2025\/04\/marchesin-picante-y-bostero-en-cancha-de-river-estuve-con-lanus-en-el-partido-que-tenia-que-estar-4.jpg\"><\/picture>\n<p><span>Mir\u00e1 tambi\u00e9n<\/span><\/p>\n<hr>\n<h3>Se lesion\u00f3, no juega hace seis meses y podr\u00eda meterse en el 11 de Boca para jugar contra River<\/h3>\n<\/p>\n<\/section>\n<\/div>\n<div class=\"sc-a7166897-0 eoLsBE\" readability=\"6.5\">\n<section readability=\"3\"><picture><img alt=\"Boca, presente en un podcast top sobre asesinatos\" loading=\"lazy\" width=\"290\" height=\"290\" decoding=\"async\" data-nimg=\"1\" src=\"http:\/\/hoycordobaweb.com\/wp-content\/uploads\/2025\/04\/marchesin-picante-y-bostero-en-cancha-de-river-estuve-con-lanus-en-el-partido-que-tenia-que-estar-5.jpg\"><\/picture>\n<p><span>Mir\u00e1 tambi\u00e9n<\/span><\/p>\n<hr>\n<h3>Boca, presente en un podcast top sobre asesinatos<\/h3>\n<\/p>\n<\/section>\n<\/div>\n<\/div>\n","protected":false},"excerpt":{"rendered":"<p>25\/04\/2025 14:33hs. Actualizado al 25\/04\/2025 14:45hs. Pas\u00f3 la previa del supercl\u00e1sico, esa semana tan particular en la cual todo lo que pasa alrededor de Boca y de River toma especial relevancia. En este caso, para Boca fue pura pr\u00e1ctica pensando en el domingo, con las complicaciones f\u00edsicas a cuestas. Para River, con competencia internacional de [&hellip;]<\/p>\n","protected":false},"author":1,"featured_media":103215,"comment_status":"open","ping_status":"closed","sticky":false,"template":"","format":"standard","meta":[],"categories":[16],"tags":[],"_links":{"self":[{"href":"http:\/\/hoycordobaweb.com\/index.php\/wp-json\/wp\/v2\/posts\/103214"}],"collection":[{"href":"http:\/\/hoycordobaweb.com\/index.php\/wp-json\/wp\/v2\/posts"}],"about":[{"href":"http:\/\/hoycordobaweb.com\/index.php\/wp-json\/wp\/v2\/types\/post"}],"author":[{"embeddable":true,"href":"http:\/\/hoycordobaweb.com\/index.php\/wp-json\/wp\/v2\/users\/1"}],"replies":[{"embeddable":true,"href":"http:\/\/hoycordobaweb.com\/index.php\/wp-json\/wp\/v2\/comments?post=103214"}],"version-history":[{"count":0,"href":"http:\/\/hoycordobaweb.com\/index.php\/wp-json\/wp\/v2\/posts\/103214\/revisions"}],"wp:featuredmedia":[{"embeddable":true,"href":"http:\/\/hoycordobaweb.com\/index.php\/wp-json\/wp\/v2\/media\/103215"}],"wp:attachment":[{"href":"http:\/\/hoycordobaweb.com\/index.php\/wp-json\/wp\/v2\/media?parent=103214"}],"wp:term":[{"taxonomy":"category","embeddable":true,"href":"http:\/\/hoycordobaweb.com\/index.php\/wp-json\/wp\/v2\/categories?post=103214"},{"taxonomy":"post_tag","embeddable":true,"href":"http:\/\/hoycordobaweb.com\/index.php\/wp-json\/wp\/v2\/tags?post=103214"}],"curies":[{"name":"wp","href":"https:\/\/api.w.org\/{rel}","templated":true}]}}