{"id":103213,"date":"2025-04-25T14:24:39","date_gmt":"2025-04-25T14:24:39","guid":{"rendered":"https:\/\/ladecimaweb.com\/?p=31736"},"modified":"2025-04-25T14:24:39","modified_gmt":"2025-04-25T14:24:39","slug":"cae-al-rio-luego-tras-perder-el-control-de-su-auto-estaba-armado-y-fue-detenido","status":"publish","type":"post","link":"http:\/\/hoycordobaweb.com\/index.php\/2025\/04\/25\/cae-al-rio-luego-tras-perder-el-control-de-su-auto-estaba-armado-y-fue-detenido\/","title":{"rendered":"Cae al r\u00edo luego tras perder el control de su auto, estaba armado y fue detenido"},"content":{"rendered":"<div class=\"boldgrid-section\">\n<div class=\"container\">\n<div class=\"row\">\n<div class=\"col-md-12 col-xs-12 col-sm-12\">\n<p class=\"\">En Av. Intendente Ram\u00f3n Mestre &amp; Rio Cuarto de <strong>B\u00b0 San Vicente<\/strong>, <strong>se detuvo anoche a un hombre de 33 a\u00f1os con el secuestro de un rev\u00f3lver calibre 38 y una suma de dinero<\/strong>, que trasladaba en el interior de su veh\u00edculo Volkswagen Vento.<\/p>\n<p class=\"\">El individuo habr\u00eda perdido el control del rodado cayendo al r\u00edo.<\/p>\n<p class=\"\">Un servicio de emergencias asisti\u00f3 al conductor, quien <strong>result\u00f3 con trauma cervical,<\/strong> siendo trasladado con custodia policial al Hospital de Urgencias para su atenci\u00f3n.<\/p>\n<p class=\"\">Posteriormente, el aprehendido fue puesto a disposici\u00f3n de la justicia junto a lo incautado.<\/p>\n<p>&nbsp;<\/p>\n<div class=\"ubm_banner\"><a href=\"https:\/\/youtu.be\/h2J_ZdbxYVc\" target=\"_blank\" rel=\"dofollow noopener noreferrer\"><img src=\"http:\/\/hoycordobaweb.com\/wp-content\/uploads\/2025\/04\/cae-al-rio-luego-tras-perder-el-control-de-su-auto-estaba-armado-y-fue-detenido.gif\" alt=\"\"><\/a><\/div>\n<\/div>\n<\/div>\n<\/div>\n<\/div>\n<p>La entrada <a rel=\"nofollow\" href=\"https:\/\/ladecimaweb.com\/cae-al-rio-luego-tras-perder-el-control-de-su-auto-estaba-armado-y-fue-detenido\/\">Cae al r\u00edo luego tras perder el control de su auto, estaba armado y fue detenido<\/a> se public\u00f3 primero en <a rel=\"nofollow\" href=\"https:\/\/ladecimaweb.com\">LaDecima<\/a>.<\/p>\n","protected":false},"excerpt":{"rendered":"<p>En Av. Intendente Ram\u00f3n Mestre &amp; Rio Cuarto de B\u00b0 San Vicente, se detuvo anoche a un hombre de 33 a\u00f1os con el secuestro de un rev\u00f3lver calibre 38 y una suma de dinero, que trasladaba en el interior de su veh\u00edculo Volkswagen Vento. El individuo habr\u00eda perdido el control del rodado cayendo al r\u00edo. [&hellip;]<\/p>\n","protected":false},"author":1,"featured_media":0,"comment_status":"closed","ping_status":"closed","sticky":false,"template":"","format":"standard","meta":[],"categories":[32],"tags":[],"_links":{"self":[{"href":"http:\/\/hoycordobaweb.com\/index.php\/wp-json\/wp\/v2\/posts\/103213"}],"collection":[{"href":"http:\/\/hoycordobaweb.com\/index.php\/wp-json\/wp\/v2\/posts"}],"about":[{"href":"http:\/\/hoycordobaweb.com\/index.php\/wp-json\/wp\/v2\/types\/post"}],"author":[{"embeddable":true,"href":"http:\/\/hoycordobaweb.com\/index.php\/wp-json\/wp\/v2\/users\/1"}],"replies":[{"embeddable":true,"href":"http:\/\/hoycordobaweb.com\/index.php\/wp-json\/wp\/v2\/comments?post=103213"}],"version-history":[{"count":0,"href":"http:\/\/hoycordobaweb.com\/index.php\/wp-json\/wp\/v2\/posts\/103213\/revisions"}],"wp:attachment":[{"href":"http:\/\/hoycordobaweb.com\/index.php\/wp-json\/wp\/v2\/media?parent=103213"}],"wp:term":[{"taxonomy":"category","embeddable":true,"href":"http:\/\/hoycordobaweb.com\/index.php\/wp-json\/wp\/v2\/categories?post=103213"},{"taxonomy":"post_tag","embeddable":true,"href":"http:\/\/hoycordobaweb.com\/index.php\/wp-json\/wp\/v2\/tags?post=103213"}],"curies":[{"name":"wp","href":"https:\/\/api.w.org\/{rel}","templated":true}]}}