{"id":103127,"date":"2025-04-24T16:08:19","date_gmt":"2025-04-24T16:08:19","guid":{"rendered":"https:\/\/www.ole.com.ar\/futbol-internacional\/italia\/jugadores-argentinos-despedir-papa-francisco_0_SIoc27IVfP.html"},"modified":"2025-04-24T16:08:19","modified_gmt":"2025-04-24T16:08:19","slug":"los-jugadores-argentinos-que-fueron-a-despedir-al-papa-francisco","status":"publish","type":"post","link":"http:\/\/hoycordobaweb.com\/index.php\/2025\/04\/24\/los-jugadores-argentinos-que-fueron-a-despedir-al-papa-francisco\/","title":{"rendered":"Los jugadores argentinos que fueron a despedir al Papa Francisco"},"content":{"rendered":"<p><img src=\"http:\/\/hoycordobaweb.com\/wp-content\/uploads\/2025\/04\/los-jugadores-argentinos-que-fueron-a-despedir-al-papa-francisco.jpg\"><\/p>\n<p><time class=\"createDate\" datetime=\"2025-04-24T13:08:19-03:00\">24\/04\/2025 13:08hs.<\/time><\/p>\n<div id=\"storyBody\">\n<div class=\"custom-text \" readability=\"31.908256880734\">\n<p><a href=\"https:\/\/www.ole.com.ar\/tema\/paulo-dybala.html\" title=\"Paulo Dybala\" alt=\"Paulo Dybala\" class=\"slug\">Paulo Dybala <\/a>encabez\u00f3 la delegaci\u00f3n de la <a href=\"https:\/\/www.ole.com.ar\/tema\/roma.html\" title=\"Roma\" alt=\"Roma\" class=\"slug\">Roma<\/a> que acudi\u00f3 este jueves a la bas\u00edlica de San Pedro, en la Ciudad del Vaticano, <strong>para darle el \u00faltimo adi\u00f3s al <a href=\"https:\/\/www.ole.com.ar\/tema\/papa-francisco.html\" title=\"Papa Francisco\" alt=\"Papa Francisco\" class=\"slug\">Papa Francisco<\/a>, fallecido el lunes pasado a los 88 a\u00f1os. <\/strong><\/p>\n<\/div>\n<div class=\"custom-text \" readability=\"40\">\n<p>Junto a Dybala estuvieron presentes sus compa\u00f1eros argentinos,<strong> Leandro Paredes y Mat\u00edas Soul\u00e9, quienes se ubicaron durante unos 15 minutos frente al f\u00e9retro de madera abierto del pont\u00edfice argentino,<\/strong> que yace dentro a los pies del baldaquino de Bernini. Completaron la delegaci\u00f3n de la Roma el DT Claudio Ranieri; el franc\u00e9s Florient Ghisolfi, director deportivo del club; los capitanes Lorenzo Pellegrini, Gianluca Mancini y Bryan Cristante y varios cargos directivos.<\/p>\n<\/div>\n<div class=\"custom-text \" readability=\"31.125\">\n<p>Un rato despu\u00e9s, se sum\u00f3 tambi\u00e9n <a href=\"https:\/\/www.ole.com.ar\/tema\/valentin-castellanos.html\" title=\"Valentin Castellanos\" alt=\"Valentin Castellanos\" class=\"slug\">Valent\u00edn Taty Castellanos<\/a>, quien hizo lo propio con la delegaci\u00f3n de la Lazio, que entr\u00f3 en la bas\u00edlica vaticana para despedirse del M\u00e1ximo Pont\u00edfice.<\/p>\n<\/div>\n<div class=\"custom-text \" readability=\"37\">\n<p>Junto a Castellanos, acudieron el presidente, Claudio Lotito; el entrenador, Marco Baroni; el director deportivo, Angelo Fabiani; el capit\u00e1n Mattia Zacagni y otros directivos.<\/p>\n<\/div>\n<div class=\"custom-text \" readability=\"34\">\n<p>Hasta el viernes a las 19.00 de Italia ser\u00e1 posible visitar en la bas\u00edlica de San Pedro el f\u00e9retro del Papa Francisco. Ya el s\u00e1bado a las 10.00 (8.00 GMT) tendr\u00e1 lugar su funeral en la Plaza de San Pedro.<\/p>\n<\/div>\n<div class=\"sc-e7b891c4-0 ifHnQL image-embed\"><img alt=\"CIUDAD DEL VATICANO, 23\/04\/2025.- El f\u00e9retro abierto del papa Francisco, en la bas\u00edlica de San Pedro ante el Altar de la Confesi\u00f3n antes de que los fieles puedan darle el \u00faltimo adi\u00f3s, este mi\u00e9rcoles. La ceremonia del traslado del f\u00e9retro del Papa Francisco, que falleci\u00f3 este lunes a los 88 a\u00f1os, de la capilla de Santa Marta, comenz\u00f3 a las 9.00 hora local (7.00 GMT ) desde la que fue su residencia, a la bas\u00edlica de San Pedro. (Foto: EFE)\" loading=\"lazy\" width=\"720\" height=\"100\" decoding=\"async\" data-nimg=\"1\" src=\"http:\/\/hoycordobaweb.com\/wp-content\/uploads\/2025\/04\/los-jugadores-argentinos-que-fueron-a-despedir-al-papa-francisco-2.jpg\"><span class=\"epigraphe\">CIUDAD DEL VATICANO, 23\/04\/2025.- El f\u00e9retro abierto del papa Francisco, en la bas\u00edlica de San Pedro ante el Altar de la Confesi\u00f3n antes de que los fieles puedan darle el \u00faltimo adi\u00f3s, este mi\u00e9rcoles. La ceremonia del traslado del f\u00e9retro del Papa Francisco, que falleci\u00f3 este lunes a los 88 a\u00f1os, de la capilla de Santa Marta, comenz\u00f3 a las 9.00 hora local (7.00 GMT ) desde la que fue su residencia, a la bas\u00edlica de San Pedro. (Foto: EFE)<\/span><\/div>\n<p><h2><strong>La delegaci\u00f3n de la Roma, con Dybala, Paredes y Soul\u00e9<\/strong><\/h2>\n<\/p>\n<div class=\"sc-a7166897-0 eoLsBE\" readability=\"6\">\n<section readability=\"2\"><picture><img alt=\"Minuto de silencio por el Papa y emoci\u00f3n de Lautaro Mart\u00ednez antes de Inter-Milan\" loading=\"lazy\" width=\"290\" height=\"290\" decoding=\"async\" data-nimg=\"1\" src=\"http:\/\/hoycordobaweb.com\/wp-content\/uploads\/2025\/04\/los-jugadores-argentinos-que-fueron-a-despedir-al-papa-francisco-3.jpg\"><\/picture>\n<p><span>Mir\u00e1 tambi\u00e9n<\/span><\/p>\n<hr>\n<h3>Minuto de silencio por el Papa y emoci\u00f3n de Lautaro Mart\u00ednez antes de Inter-Milan<\/h3>\n<\/p>\n<\/section>\n<\/div>\n<div class=\"sc-a7166897-0 eoLsBE\" readability=\"6\">\n<section readability=\"2\"><picture><img alt=\"Video: los tres goles argentinos en un mi\u00e9rcoles especial en la Serie A\" loading=\"lazy\" width=\"290\" height=\"290\" decoding=\"async\" data-nimg=\"1\" src=\"http:\/\/hoycordobaweb.com\/wp-content\/uploads\/2025\/04\/los-jugadores-argentinos-que-fueron-a-despedir-al-papa-francisco-4.jpg\"><\/picture>\n<p><span>Mir\u00e1 tambi\u00e9n<\/span><\/p>\n<hr>\n<h3>Video: los tres goles argentinos en un mi\u00e9rcoles especial en la Serie A<\/h3>\n<\/p>\n<\/section>\n<\/div>\n<div class=\"sc-a7166897-0 eoLsBE\" readability=\"6\">\n<section readability=\"2\"><picture><img alt=\"El homenaje para el Papa Francisco de Conmebol en Libertadores y Sudamericana\" loading=\"lazy\" width=\"290\" height=\"290\" decoding=\"async\" data-nimg=\"1\" src=\"http:\/\/hoycordobaweb.com\/wp-content\/uploads\/2025\/04\/los-jugadores-argentinos-que-fueron-a-despedir-al-papa-francisco-5.jpg\"><\/picture>\n<p><span>Mir\u00e1 tambi\u00e9n<\/span><\/p>\n<hr>\n<h3>El homenaje para el Papa Francisco de Conmebol en Libertadores y Sudamericana<\/h3>\n<\/p>\n<\/section>\n<\/div>\n<\/div>\n","protected":false},"excerpt":{"rendered":"<p>24\/04\/2025 13:08hs. Paulo Dybala encabez\u00f3 la delegaci\u00f3n de la Roma que acudi\u00f3 este jueves a la bas\u00edlica de San Pedro, en la Ciudad del Vaticano, para darle el \u00faltimo adi\u00f3s al Papa Francisco, fallecido el lunes pasado a los 88 a\u00f1os. Junto a Dybala estuvieron presentes sus compa\u00f1eros argentinos, Leandro Paredes y Mat\u00edas Soul\u00e9, quienes [&hellip;]<\/p>\n","protected":false},"author":1,"featured_media":103128,"comment_status":"open","ping_status":"closed","sticky":false,"template":"","format":"standard","meta":[],"categories":[16],"tags":[],"_links":{"self":[{"href":"http:\/\/hoycordobaweb.com\/index.php\/wp-json\/wp\/v2\/posts\/103127"}],"collection":[{"href":"http:\/\/hoycordobaweb.com\/index.php\/wp-json\/wp\/v2\/posts"}],"about":[{"href":"http:\/\/hoycordobaweb.com\/index.php\/wp-json\/wp\/v2\/types\/post"}],"author":[{"embeddable":true,"href":"http:\/\/hoycordobaweb.com\/index.php\/wp-json\/wp\/v2\/users\/1"}],"replies":[{"embeddable":true,"href":"http:\/\/hoycordobaweb.com\/index.php\/wp-json\/wp\/v2\/comments?post=103127"}],"version-history":[{"count":0,"href":"http:\/\/hoycordobaweb.com\/index.php\/wp-json\/wp\/v2\/posts\/103127\/revisions"}],"wp:featuredmedia":[{"embeddable":true,"href":"http:\/\/hoycordobaweb.com\/index.php\/wp-json\/wp\/v2\/media\/103128"}],"wp:attachment":[{"href":"http:\/\/hoycordobaweb.com\/index.php\/wp-json\/wp\/v2\/media?parent=103127"}],"wp:term":[{"taxonomy":"category","embeddable":true,"href":"http:\/\/hoycordobaweb.com\/index.php\/wp-json\/wp\/v2\/categories?post=103127"},{"taxonomy":"post_tag","embeddable":true,"href":"http:\/\/hoycordobaweb.com\/index.php\/wp-json\/wp\/v2\/tags?post=103127"}],"curies":[{"name":"wp","href":"https:\/\/api.w.org\/{rel}","templated":true}]}}