{"id":103116,"date":"2025-04-24T16:18:39","date_gmt":"2025-04-24T16:18:39","guid":{"rendered":"https:\/\/ladecimaweb.com\/?p=31727"},"modified":"2025-04-24T16:18:39","modified_gmt":"2025-04-24T16:18:39","slug":"en-san-luis-de-francia-preocupa-la-cantidad-de-caballos-sueltos-por-los-riesgos-de-un-siniestro","status":"publish","type":"post","link":"http:\/\/hoycordobaweb.com\/index.php\/2025\/04\/24\/en-san-luis-de-francia-preocupa-la-cantidad-de-caballos-sueltos-por-los-riesgos-de-un-siniestro\/","title":{"rendered":"En San Luis de Francia preocupa la cantidad de caballos sueltos por los riesgos de un siniestro"},"content":{"rendered":"<div class=\"boldgrid-section\">\n<div class=\"container\">\n<div class=\"row\">\n<div class=\"col-md-12 col-xs-12 col-sm-12\">\n<p class=\"\">Una vecina de San Luis de Francia se comunic\u00f3 con este medio para alertar sobre la cantidad de caballos sueltos en el barrio, como as\u00ed tambi\u00e9n en Vicor.&nbsp;&nbsp;<\/p>\n<p class=\"\">En las im\u00e1genes enviadas, <span>se ve a a los equinos pastando, es decir comiendo en los terrenos bald\u00edos o al frente de las viviendas, movi\u00e9ndose de un lugar a otro en la v\u00eda p\u00fablica. <\/span><\/p>\n<p class=\"\"><strong>&#8220;Cansados de caballos sueltos que no dejan circular los autos&#8221;,<\/strong> dice esta vecina, quien prefiri\u00f3 mantener el anonimato para evitar supuestas represalias.<\/p>\n<p class=\"\"><img loading=\"lazy\" class=\"wp-image-31728 alignleft\" src=\"http:\/\/hoycordobaweb.com\/wp-content\/uploads\/2025\/04\/en-san-luis-de-francia-preocupa-la-cantidad-de-caballos-sueltos-por-los-riesgos-de-un-siniestro.jpg\" alt=\"\" width=\"198\" height=\"264\" srcset=\"http:\/\/hoycordobaweb.com\/wp-content\/uploads\/2025\/04\/en-san-luis-de-francia-preocupa-la-cantidad-de-caballos-sueltos-por-los-riesgos-de-un-siniestro.jpg 960w, http:\/\/hoycordobaweb.com\/wp-content\/uploads\/2025\/04\/en-san-luis-de-francia-preocupa-la-cantidad-de-caballos-sueltos-por-los-riesgos-de-un-siniestro-2.jpg 333w, http:\/\/hoycordobaweb.com\/wp-content\/uploads\/2025\/04\/en-san-luis-de-francia-preocupa-la-cantidad-de-caballos-sueltos-por-los-riesgos-de-un-siniestro-3.jpg 768w\" sizes=\"(max-width: 198px) 100vw, 198px\" \/><\/p>\n<p class=\"\"><strong>&#8220;Es un peligro para los ni\u00f1os, porque cuando se enojan corren a toda velocidad,<\/strong> se meten en los jardines, te comen las plantas&#8221;, describe la vecina, con preocupaci\u00f3n.&nbsp;<\/p>\n<p class=\"\">El temor es que ocurra un siniestro.<\/p>\n<p class=\"\">Justamente,<a href=\"https:\/\/ladecimaweb.com\/rechazan-reclamo-indemnizatorio-contra-municipio-por-siniestro-vial-con-un-caballo-suelto\/\"> en las \u00faltimas horas se conoci\u00f3 un fallo de la justicia de C\u00f3rdoba<\/a> <span>r<\/span>echazando una demanda por da\u00f1os y perjuicios promovida por un motociclista contra el municipio de San Francisco, localidad ubicada al este provincial, por una colisi\u00f3n con un caballo que cruz\u00f3 al galope por la v\u00eda p\u00fablica en una zona perif\u00e9rica de la ciudad. La justicia entendi\u00f3 que &#8220;no puede imputarse una omisi\u00f3n irregular al Estado municipal si no ten\u00eda alg\u00fan conocimiento de la existencia de un animal suelto en la v\u00eda p\u00fablica\u201d.&nbsp;<\/p>\n<p class=\"\">Por este motivo, es importante efectuar la denuncia policial al 911 para fijar eventuales responsabilidades ante la comisi\u00f3n de un siniestro.&nbsp;<\/p>\n<p class=\"\">&#8220;No hace nada la Polic\u00eda&#8221;, lament\u00f3 esta vecina al ser consultada si formul\u00f3 la denuncia correspondiente.&nbsp;<\/p>\n<p class=\"\"><img loading=\"lazy\" class=\"wp-image-31729 alignnone\" src=\"http:\/\/hoycordobaweb.com\/wp-content\/uploads\/2025\/04\/en-san-luis-de-francia-preocupa-la-cantidad-de-caballos-sueltos-por-los-riesgos-de-un-siniestro-1.jpg\" alt=\"\" width=\"391\" height=\"295\" srcset=\"http:\/\/hoycordobaweb.com\/wp-content\/uploads\/2025\/04\/en-san-luis-de-francia-preocupa-la-cantidad-de-caballos-sueltos-por-los-riesgos-de-un-siniestro-4.jpg 1280w, http:\/\/hoycordobaweb.com\/wp-content\/uploads\/2025\/04\/en-san-luis-de-francia-preocupa-la-cantidad-de-caballos-sueltos-por-los-riesgos-de-un-siniestro-5.jpg 589w, http:\/\/hoycordobaweb.com\/wp-content\/uploads\/2025\/04\/en-san-luis-de-francia-preocupa-la-cantidad-de-caballos-sueltos-por-los-riesgos-de-un-siniestro-6.jpg 768w\" sizes=\"(max-width: 391px) 100vw, 391px\" \/><\/p>\n<p class=\"\">Se presume que los caballos pertenecen a carreros del sector, por m\u00e1s que la tracci\u00f3n a sangre est\u00e9 prohibida en C\u00f3rdoba. Pero algunos se arriesgan a ser incautados por la Polic\u00eda obligados por la propia subsistencia.&nbsp;<\/p>\n<p class=\"\">&nbsp;<\/p>\n<p class=\"\">\n<div class=\"ubm_banner\"><a href=\"https:\/\/youtu.be\/h2J_ZdbxYVc\" target=\"_blank\" rel=\"dofollow noopener noreferrer\"><img src=\"http:\/\/hoycordobaweb.com\/wp-content\/uploads\/2025\/04\/en-san-luis-de-francia-preocupa-la-cantidad-de-caballos-sueltos-por-los-riesgos-de-un-siniestro.gif\" alt=\"\"><\/a><\/div>\n<p>&nbsp;<\/p>\n<p>&nbsp;<\/p>\n<\/div>\n<\/div>\n<\/div>\n<\/div>\n<p>La entrada <a rel=\"nofollow\" href=\"https:\/\/ladecimaweb.com\/en-san-luis-de-francia-preocupa-la-cantidad-de-caballos-sueltos-por-los-riesgos-de-un-siniestro\/\">En San Luis de Francia preocupa la cantidad de caballos sueltos por los riesgos de un siniestro<\/a> se public\u00f3 primero en <a rel=\"nofollow\" href=\"https:\/\/ladecimaweb.com\">LaDecima<\/a>.<\/p>\n","protected":false},"excerpt":{"rendered":"<p>Una vecina de San Luis de Francia se comunic\u00f3 con este medio para alertar sobre la cantidad de caballos sueltos en el barrio, como as\u00ed tambi\u00e9n en Vicor.&nbsp;&nbsp; En las im\u00e1genes enviadas, se ve a a los equinos pastando, es decir comiendo en los terrenos bald\u00edos o al frente de las viviendas, movi\u00e9ndose de un [&hellip;]<\/p>\n","protected":false},"author":1,"featured_media":0,"comment_status":"closed","ping_status":"closed","sticky":false,"template":"","format":"standard","meta":[],"categories":[32],"tags":[],"_links":{"self":[{"href":"http:\/\/hoycordobaweb.com\/index.php\/wp-json\/wp\/v2\/posts\/103116"}],"collection":[{"href":"http:\/\/hoycordobaweb.com\/index.php\/wp-json\/wp\/v2\/posts"}],"about":[{"href":"http:\/\/hoycordobaweb.com\/index.php\/wp-json\/wp\/v2\/types\/post"}],"author":[{"embeddable":true,"href":"http:\/\/hoycordobaweb.com\/index.php\/wp-json\/wp\/v2\/users\/1"}],"replies":[{"embeddable":true,"href":"http:\/\/hoycordobaweb.com\/index.php\/wp-json\/wp\/v2\/comments?post=103116"}],"version-history":[{"count":0,"href":"http:\/\/hoycordobaweb.com\/index.php\/wp-json\/wp\/v2\/posts\/103116\/revisions"}],"wp:attachment":[{"href":"http:\/\/hoycordobaweb.com\/index.php\/wp-json\/wp\/v2\/media?parent=103116"}],"wp:term":[{"taxonomy":"category","embeddable":true,"href":"http:\/\/hoycordobaweb.com\/index.php\/wp-json\/wp\/v2\/categories?post=103116"},{"taxonomy":"post_tag","embeddable":true,"href":"http:\/\/hoycordobaweb.com\/index.php\/wp-json\/wp\/v2\/tags?post=103116"}],"curies":[{"name":"wp","href":"https:\/\/api.w.org\/{rel}","templated":true}]}}